{"id":222251,"date":"2026-01-09T15:44:08","date_gmt":"2026-01-09T15:44:08","guid":{"rendered":"https:\/\/www.europesays.com\/pt\/222251\/"},"modified":"2026-01-09T15:44:08","modified_gmt":"2026-01-09T15:44:08","slug":"autarcas-do-grande-porto-nomeiam-ex-vereador-de-menezes-para-lideranca-da-tmp-area-metropolitana-do-porto","status":"publish","type":"post","link":"https:\/\/www.europesays.com\/pt\/222251\/","title":{"rendered":"Autarcas do Grande Porto nomeiam ex-vereador de Menezes para lideran\u00e7a da TMP | \u00c1rea Metropolitana do Porto"},"content":{"rendered":"<p>\u00c9 uma troca ao sabor de uma \u201creorienta\u00e7\u00e3o estrat\u00e9gica\u201d, para uns, ou por causa da mudan\u00e7a de maioria partid\u00e1ria, para outros. Numa vota\u00e7\u00e3o dividida, os presidentes de c\u00e2mara da \u00c1rea Metropolitana do Porto aprovaram a destitui\u00e7\u00e3o do concelho de administra\u00e7\u00e3o da Transportes Metropolitanos do Porto e designaram uma <a href=\"https:\/\/www.publico.pt\/2026\/01\/07\/local\/noticia\/conselho-metropolitano-porto-decide-destituicao-administracao-tmp-sexta-2160402\" rel=\"nofollow noopener\" target=\"_blank\">nova c\u00fapula da empresa<\/a> que gere o sistema de bilh\u00e9tica Andante e a rede de autocarros da Unir.<\/p>\n<p>O novo presidente da TMP \u00e9 Nuno Neves de Sousa, um engenheiro que foi vereador do social-democrata Lu\u00eds Filipe Menezes (PSD) entre 2002 e 2005, na primeira passagem do autarca pela c\u00e2mara municipal de Gaia.<\/p>\n<p>De sa\u00edda est\u00e1 <a href=\"https:\/\/www.publico.pt\/marco-martins\" rel=\"nofollow noopener\" target=\"_blank\">Marco Martins, <\/a>o ex-autarca socialista de Gondomar, que deixou a presid\u00eancia da c\u00e2mara no in\u00edcio de 2025 (estava no final do terceiro mandato) para assumir responsabilidades na TMP. O conselho de administra\u00e7\u00e3o a que presidia estava em fun\u00e7\u00f5es desde Fevereiro do ano passado.<\/p>\n<p>No fim de uma discuss\u00e3o marcada pela divis\u00e3o entre autarcas do PS e do PSD, na reuni\u00e3o do Conselho Metropolitano desta sexta-feira, a proposta de destitui\u00e7\u00e3o do concelho de administra\u00e7\u00e3o da TMP foi aprovada com oito votos a favor, dois contra e sete em branco.<\/p>\n<p>Al\u00e9m de Nuno Neves Sousa, que actualmente \u00e9 director de desenvolvimento no grupo Saba (empresa de parques de estacionamento), o conselho de administra\u00e7\u00e3o nomeado por vota\u00e7\u00e3o em urna \u00e9 composto pelos vogais executivos Jos\u00e9 Paulo Lu\u00eds Ferreira (director financeiro da Sociedade de Transportes Colectivos do Porto) e Carla Vale, que j\u00e1 era vogal executiva na administra\u00e7\u00e3o que foi destitu\u00edda.<\/p>\n<p>A troca de administra\u00e7\u00e3o acontece no in\u00edcio da presid\u00eancia de Pedro Duarte (PSD) do Conselho Metropolitano do Porto, num mandato em que, ao contr\u00e1rio do que acontecia antes das elei\u00e7\u00f5es aut\u00e1rquicas de Outubro do ano passado, os autarcas do PSD e CDS t\u00eam maioria sobre o PS.<\/p>\n<p>Pedro Duarte justificou a mudan\u00e7a com a necessidade de \u201calinhar a estrutura\u201d da TMP com o novo ciclo aut\u00e1rquico, embora tenha rejeitado motiva\u00e7\u00f5es partid\u00e1rias. Foram v\u00e1rios os autarcas do PS a questionar a motiva\u00e7\u00e3o para a troca e os argumentos do tamb\u00e9m presidente da C\u00e2mara Municipal do Porto (CMP).<\/p>\n<p>\u201cFace \u00e0 aus\u00eancia de informa\u00e7\u00e3o, estava com curiosidade em saber quais os argumentos que \u00edamos usar para justificar a destitui\u00e7\u00e3o com designa\u00e7\u00e3o imediata\u201d, introduziu o autarca de Oliveira de Azem\u00e9is, Joaquim Jorge Ferreira, do PS. Sobre a explica\u00e7\u00e3o de Pedro Duarte, considera-a \u201cinovadora\u201d e sublinhou que a TMP come\u00e7ava a apresentar resultados \u201cde um trabalho de qualidade que estava a ser feito\u201d pelo conselho de administra\u00e7\u00e3o agora cessante.<\/p>\n<p>Disse tamb\u00e9m que a adop\u00e7\u00e3o de \u201cl\u00f3gicas partid\u00e1rias\u201d contribu\u00eda para a \u201cdescredibiliza\u00e7\u00e3o\u201d do trabalho dos autarcas e apontou ainda a uma pr\u00e1tica corrente destas decis\u00f5es no Conselho Metropolitano: os nomes propostos, por norma, s\u00e3o consensualizados antes das vota\u00e7\u00f5es. Foi esse entendimento \u2013 que n\u00e3o aconteceu desta vez \u2013 que permitiu que Marco Martins, ent\u00e3o um autarca do PS, tenha sido escolhido por unanimidade, com 12 votos dos 12 autarcas presentes.<\/p>\n<p>Pedro Duarte recusa que a destitui\u00e7\u00e3o esteja relacionada com l\u00f3gicas partid\u00e1rias, tanto que Lu\u00eds Os\u00f3rio, um dos vogais que integrava o conselho de administra\u00e7\u00e3o at\u00e9 agora, \u00e9 tesoureiro da distrital do PSD do Porto, que \u00e9 presidida pelo pr\u00f3prio Pedro Duarte. Refor\u00e7a a necessidade de \u201chaver uma colabora\u00e7\u00e3o estrat\u00e9gica\u201d num \u201cciclo aut\u00e1rquico novo\u201d, mas nota n\u00e3o que est\u00e1 em causo o m\u00e9rito, desempenho ou idoneidade da lideran\u00e7a de Marco Martins.<\/p>\n<p>Mas o autarca de Oliveira de Azem\u00e9is insistiu, socorreu-se dos documentos e citou a \u201creorienta\u00e7\u00e3o estrat\u00e9gia\u201d invocada para a destitui\u00e7\u00e3o, lembrando que n\u00e3o foi votada em conselho metropolitano qualquer proposta nesse sentido.<\/p>\n<p>\u201c\u00c9 proposto um conselho de administra\u00e7\u00e3o mais profissional, no sentido de especializa\u00e7\u00e3o\u201d, respondeu o tamb\u00e9m autarca do Porto, numa discuss\u00e3o de quase uma hora, na qual estiveram tamb\u00e9m envolvidos os autarcas de Matosinhos, Arouca, Gaia e Valongo. O sentido das interven\u00e7\u00f5es esteve alinhado com a respectiva cor partid\u00e1ria.<\/p>\n<p>Segundo disse aos jornalistas o vice-presidente do conselho metropolitano, Amadeu Albergaria, os membros do conselho de administra\u00e7\u00e3o cessante ter\u00e3o direito a uma indemniza\u00e7\u00e3o, cujo valor ainda n\u00e3o foi apurado.<\/p>\n","protected":false},"excerpt":{"rendered":"\u00c9 uma troca ao sabor de uma \u201creorienta\u00e7\u00e3o estrat\u00e9gica\u201d, para uns, ou por causa da mudan\u00e7a de maioria&hellip;\n","protected":false},"author":2,"featured_media":222252,"comment_status":"","ping_status":"","sticky":false,"template":"","format":"standard","meta":{"footnotes":""},"categories":[10],"tags":[1201,27,28,15,16,14,25,26,352,21,22,12,13,19,20,542,462,32,23,24,33,17,18,40902,2588,29,30,31],"class_list":{"0":"post-222251","1":"post","2":"type-post","3":"status-publish","4":"format-standard","5":"has-post-thumbnail","7":"category-portugal","8":"tag-area-metropolitana-do-porto","9":"tag-breaking-news","10":"tag-breakingnews","11":"tag-featured-news","12":"tag-featurednews","13":"tag-headlines","14":"tag-latest-news","15":"tag-latestnews","16":"tag-local","17":"tag-main-news","18":"tag-mainnews","19":"tag-news","20":"tag-noticias","21":"tag-noticias-principais","22":"tag-noticiasprincipais","23":"tag-para-redes","24":"tag-porto","25":"tag-portugal","26":"tag-principais-noticias","27":"tag-principaisnoticias","28":"tag-pt","29":"tag-top-stories","30":"tag-topstories","31":"tag-transporte-rodoviario","32":"tag-transportes","33":"tag-ultimas","34":"tag-ultimas-noticias","35":"tag-ultimasnoticias"},"share_on_mastodon":{"url":"","error":"Validation failed: Text character limit of 500 exceeded"},"_links":{"self":[{"href":"https:\/\/www.europesays.com\/pt\/wp-json\/wp\/v2\/posts\/222251","targetHints":{"allow":["GET"]}}],"collection":[{"href":"https:\/\/www.europesays.com\/pt\/wp-json\/wp\/v2\/posts"}],"about":[{"href":"https:\/\/www.europesays.com\/pt\/wp-json\/wp\/v2\/types\/post"}],"author":[{"embeddable":true,"href":"https:\/\/www.europesays.com\/pt\/wp-json\/wp\/v2\/users\/2"}],"replies":[{"embeddable":true,"href":"https:\/\/www.europesays.com\/pt\/wp-json\/wp\/v2\/comments?post=222251"}],"version-history":[{"count":0,"href":"https:\/\/www.europesays.com\/pt\/wp-json\/wp\/v2\/posts\/222251\/revisions"}],"wp:featuredmedia":[{"embeddable":true,"href":"https:\/\/www.europesays.com\/pt\/wp-json\/wp\/v2\/media\/222252"}],"wp:attachment":[{"href":"https:\/\/www.europesays.com\/pt\/wp-json\/wp\/v2\/media?parent=222251"}],"wp:term":[{"taxonomy":"category","embeddable":true,"href":"https:\/\/www.europesays.com\/pt\/wp-json\/wp\/v2\/categories?post=222251"},{"taxonomy":"post_tag","embeddable":true,"href":"https:\/\/www.europesays.com\/pt\/wp-json\/wp\/v2\/tags?post=222251"}],"curies":[{"name":"wp","href":"https:\/\/api.w.org\/{rel}","templated":true}]}}