{"id":222259,"date":"2026-01-09T15:51:08","date_gmt":"2026-01-09T15:51:08","guid":{"rendered":"https:\/\/www.europesays.com\/pt\/222259\/"},"modified":"2026-01-09T15:51:08","modified_gmt":"2026-01-09T15:51:08","slug":"harry-potter-katie-leung-desabafa-sobre-pressao-e-criticas-online-apos-entrar-na-franquia","status":"publish","type":"post","link":"https:\/\/www.europesays.com\/pt\/222259\/","title":{"rendered":"Harry Potter | Katie Leung desabafa sobre press\u00e3o e cr\u00edticas online ap\u00f3s entrar na franquia"},"content":{"rendered":"<p class=\"wp-block-yoast-seo-estimated-reading-time yoast-reading-time__wrapper\">Estimated reading time: 2 minutos<\/p>\n<p><strong>Katie Leung<\/strong>, conhecida pelos f\u00e3s de <a href=\"https:\/\/ovicio.com.br\/tag\/harry-potter\" rel=\"nofollow noopener\" target=\"_blank\">Harry Potter<\/a> como a <strong>Cho Chang<\/strong>, abriu o cora\u00e7\u00e3o sobre o impacto emocional de lidar com a fama global e o bullying online durante sua adolesc\u00eancia. A atriz, que integra o elenco da 4\u00aa temporada de <strong>Bridgerton<\/strong>, revelou ao <a href=\"https:\/\/www.theguardian.com\/tv-and-radio\/2026\/jan\/07\/katie-leung-harry-potter-sudden-fame-insecurity-bridgerton\" target=\"_blank\" rel=\"noreferrer noopener nofollow\">The Guardian<\/a> como a exposi\u00e7\u00e3o repentina afetou sua personalidade.<\/p>\n<p>Leung entrou para a saga em <strong>O C\u00e1lice de Fogo<\/strong> (2005) como o interesse amoroso de <strong>Harry<\/strong> e <strong>Cedrico Diggory<\/strong>. Ela relembrou que, movida pela curiosidade natural da idade, costumava pesquisar seu nome no <strong>Google<\/strong>, o que a exp\u00f4s a uma enxurrada de coment\u00e1rios negativos e de \u00f3dio.<\/p>\n<p><strong>&#8220;Foi avassalador desde o in\u00edcio. Estar sob os holofotes t\u00e3o jovem, quando voc\u00ea j\u00e1 \u00e9 insegura, foi dif\u00edcil&#8221;<\/strong>, explicou a atriz. Ela admitiu que ler as cr\u00edticas a tornou uma pessoa mais fechada: <strong>&#8220;Provavelmente me tornou menos extrovertida. Eu tinha muita consci\u00eancia do que sa\u00eda da minha boca&#8221;<\/strong>.<\/p>\n<p>Hoje, aos 38 anos, Leung afirma ter encontrado um equil\u00edbrio saud\u00e1vel, encarando a atua\u00e7\u00e3o como uma profiss\u00e3o e n\u00e3o como sua identidade completa, conseguindo separar o trabalho de sua vida pessoal.<\/p>\n<p>Todos os filmes de <strong>Harry Potter<\/strong> est\u00e3o dispon\u00edveis no cat\u00e1logo da <strong>HBO Max<\/strong>.<\/p>\n<p>Leia tamb\u00e9m sobre Harry Potter:<\/p>\n","protected":false},"excerpt":{"rendered":"Estimated reading time: 2 minutos Katie Leung, conhecida pelos f\u00e3s de Harry Potter como a Cho Chang, abriu&hellip;\n","protected":false},"author":2,"featured_media":222260,"comment_status":"","ping_status":"","sticky":false,"template":"","format":"standard","meta":{"footnotes":""},"categories":[140],"tags":[114,115,147,148,700,42896,146,32,33],"class_list":{"0":"post-222259","1":"post","2":"type-post","3":"status-publish","4":"format-standard","5":"has-post-thumbnail","7":"category-filmes","8":"tag-entertainment","9":"tag-entretenimento","10":"tag-film","11":"tag-filmes","12":"tag-harry-potter","13":"tag-katie-leung","14":"tag-movies","15":"tag-portugal","16":"tag-pt"},"share_on_mastodon":{"url":"https:\/\/pubeurope.com\/@pt\/115865943112058873","error":""},"_links":{"self":[{"href":"https:\/\/www.europesays.com\/pt\/wp-json\/wp\/v2\/posts\/222259","targetHints":{"allow":["GET"]}}],"collection":[{"href":"https:\/\/www.europesays.com\/pt\/wp-json\/wp\/v2\/posts"}],"about":[{"href":"https:\/\/www.europesays.com\/pt\/wp-json\/wp\/v2\/types\/post"}],"author":[{"embeddable":true,"href":"https:\/\/www.europesays.com\/pt\/wp-json\/wp\/v2\/users\/2"}],"replies":[{"embeddable":true,"href":"https:\/\/www.europesays.com\/pt\/wp-json\/wp\/v2\/comments?post=222259"}],"version-history":[{"count":0,"href":"https:\/\/www.europesays.com\/pt\/wp-json\/wp\/v2\/posts\/222259\/revisions"}],"wp:featuredmedia":[{"embeddable":true,"href":"https:\/\/www.europesays.com\/pt\/wp-json\/wp\/v2\/media\/222260"}],"wp:attachment":[{"href":"https:\/\/www.europesays.com\/pt\/wp-json\/wp\/v2\/media?parent=222259"}],"wp:term":[{"taxonomy":"category","embeddable":true,"href":"https:\/\/www.europesays.com\/pt\/wp-json\/wp\/v2\/categories?post=222259"},{"taxonomy":"post_tag","embeddable":true,"href":"https:\/\/www.europesays.com\/pt\/wp-json\/wp\/v2\/tags?post=222259"}],"curies":[{"name":"wp","href":"https:\/\/api.w.org\/{rel}","templated":true}]}}