{"id":222311,"date":"2026-01-09T16:29:12","date_gmt":"2026-01-09T16:29:12","guid":{"rendered":"https:\/\/www.europesays.com\/pt\/222311\/"},"modified":"2026-01-09T16:29:12","modified_gmt":"2026-01-09T16:29:12","slug":"pintura-desaparecida-intriga-galeria-de-arte-em-bairro-de-curitiba","status":"publish","type":"post","link":"https:\/\/www.europesays.com\/pt\/222311\/","title":{"rendered":"Pintura desaparecida intriga galeria de arte em bairro de Curitiba"},"content":{"rendered":"\n<p>Uma das pinturas expostas na <strong>Soma Galeria<\/strong>, no bairro Bigorrilho, em Curitiba, foi levada do espa\u00e7o durante a festa de virada de ano realizada entre a noite de 31 de dezembro e a madrugada de 1\u00ba de janeiro. A obra, intitulada \u201cA pele da pintura (para dora longo bahia)\u201d, assinada pelo artista Gustavo Magalh\u00e3es, segue desaparecida.<\/p>\n<p>A aus\u00eancia da pintura foi percebida pela propriet\u00e1ria da galeria, Malu Meyer, na manh\u00e3 de segunda-feira (5\/1), quando retornou ao local. Desde o evento de Ano-Novo, a galeria permaneceu fechada.\u00a0<\/p>\n<p>\u201cPercebi que a obra n\u00e3o estava l\u00e1 quando cheguei \u00e0 galeria. Desde ent\u00e3o, apenas as funcion\u00e1rias da limpeza haviam entrado no espa\u00e7o, e elas n\u00e3o notaram a falta da pintura\u201d, relatou \u00e0 Tribuna do Paran\u00e1. \u201cAgora estamos na busca.\u201d<\/p>\n<p>A obra estava fixada em uma das paredes da galeria e possui dimens\u00f5es reduzidas: 22 por 16,5 cent\u00edmetros, pouco maior do que um caderno no formato A5. Apesar do tamanho, \u00e9 um trabalho de um artista com trajet\u00f3ria reconhecida no circuito art\u00edstico contempor\u00e2neo.\u00a0<\/p>\n<p>Gustavo Magalh\u00e3es \u00e9 natural de Goioer\u00ea, no interior do Paran\u00e1, e formado pela Universidade Estadual do Paran\u00e1 (Unespar). Trabalhos da mesma s\u00e9rie da pintura desaparecida j\u00e1 foram expostos no Museu Municipal de Arte de Curitiba (MuMA).\u00a0<\/p>\n<p>Um boletim de ocorr\u00eancia foi registrado e o caso est\u00e1 sob apura\u00e7\u00e3o. A obra integra o acervo pessoal da propriet\u00e1ria da galeria. Mesmo diante da situa\u00e7\u00e3o, Malu acredita que o epis\u00f3dio possa ter sido um furto sem motiva\u00e7\u00e3o comercial.\u00a0<\/p>\n<p>\u201cN\u00e3o acredito que tenha sido para revenda. Pode ter sido porque a pessoa gostou, por molecagem ou at\u00e9 para colocar na parede de casa\u201d, afirmou.\u00a0<\/p>\n<p><strong>Manda pra Tribuna!<\/strong><\/p>\n<p>Voc\u00ea conhece pessoas que fazem coisas incr\u00edveis, viu alguma irregularidade na sua regi\u00e3o? Quer mandar uma foto, v\u00eddeo ou fazer uma den\u00fancia? Entre em contato com a gente pelo WhatsApp dos Ca\u00e7adores de Not\u00edcias, pelo n\u00famero (41) 9 9683-9504. Ah, quando falar com a gente, conte sobre essa mat\u00e9ria aqui! \ud83d\ude09<\/p>\n<p>  <a href=\"https:\/\/www.tribunapr.com.br\/noticias\/curitiba-regiao\/heroico-ferido-motorista-de-van-acidentada-na-br-376-salva-15-passageiros-antes-de-incendio\/?utm_source=noticias-virais-rodape&amp;utm_medium=internal-tribuna&amp;utm_campaign=tribuna\" class=\"cardnews__postlink\" rel=\"nofollow noopener\" target=\"_blank\"> <img decoding=\"async\" src=\"https:\/\/www.europesays.com\/pt\/wp-content\/uploads\/2025\/11\/van-acidente-1-370x210.jpg\" loading=\"lazy\" alt=\"Ferido, motorista de van salva 15 pessoas antes de explos\u00e3o na BR-376\"\/>   <\/p>\n<p>  Trag\u00e9dia maior evitada!  <\/p>\n<p>Ferido, motorista de van salva 15 pessoas antes de explos\u00e3o na BR-376<\/p>\n<p>   <\/a>  <a href=\"https:\/\/www.tribunapr.com.br\/noticias\/curitiba-regiao\/paranaense-viaja-450-km-por-mes-para-sustentar-tradicao-das-vassouras-de-palha-em-curitiba\/?utm_source=noticias-virais-rodape&amp;utm_medium=internal-tribuna&amp;utm_campaign=tribuna\" class=\"cardnews__postlink\" rel=\"nofollow noopener\" target=\"_blank\"> <img decoding=\"async\" src=\"https:\/\/www.europesays.com\/pt\/wp-content\/uploads\/2025\/11\/Vassoura-de-Sorgo-capa-370x210.jpg\" loading=\"lazy\" alt=\"Paranaense viaja 450 km por m\u00eas para n\u00e3o deixar tradi\u00e7\u00e3o morrer\"\/>   <\/p>\n<p>  Do plantio \u00e0 venda  <\/p>\n<p>Paranaense viaja 450 km por m\u00eas para n\u00e3o deixar tradi\u00e7\u00e3o morrer<\/p>\n<p>   <\/a>  <a href=\"https:\/\/www.tribunapr.com.br\/noticias\/curitiba-regiao\/icone-em-bairro-de-curitiba-casarao-de-1876-ganhara-nova-funcao\/?utm_source=noticias-virais-rodape&amp;utm_medium=internal-tribuna&amp;utm_campaign=tribuna\" class=\"cardnews__postlink\" rel=\"nofollow noopener\" target=\"_blank\"> <img decoding=\"async\" src=\"https:\/\/www.europesays.com\/pt\/wp-content\/uploads\/2025\/11\/casarao-barrerinha-370x210.jpg\" loading=\"lazy\" alt=\"Casar\u00e3o de 1876 em Curitiba vai renascer com nova e surpreendente fun\u00e7\u00e3o\"\/>   <\/p>\n<p>  Linda casa antiga!  <\/p>\n<p>Casar\u00e3o de 1876 em Curitiba vai renascer com nova e surpreendente fun\u00e7\u00e3o<\/p>\n<p>   <\/a>    <\/p>\n<p> Siga a Tribuna no Google, e acompanhe as \u00faltimas not\u00edcias de Curitiba e regi\u00e3o! <\/p>\n<p> <a href=\"https:\/\/profile.google.com\/cp\/CgwvZy8xMmxxajUzM3Mac2h0dHBzOi8vd3d3LnRyaWJ1bmFwci5jb20uYnIvdml2YS92aXRyaW5lL2dpZ2FudGUtZG8tdmVzdHVhcmlvLXJlaW5hdWd1cmEtbG9qYS1lbS1zaG9wcGluZy10cmFkaWNpb25hbC1kZS1jdXJpdGliYS8iElRyaWJ1bmEgZG8gUGFyYW7DoSqAAwrHAWh0dHBzOi8vZW5jcnlwdGVkLXRibjIuZ3N0YXRpYy5jb20vZmF2aWNvbi10Ym4_cT10Ym46QU5kOUdjUVJPbjVDRjR6TzJPbkUwTXZrRlRCRTY2U0g1bGlaVDRaZTV3bWNKeU5GRm1BSnluM01nNU9PR3BXY1pYMzZwYU5HUWtsZ09JVEFLTTNNZVNGbTc1aWp6M3k2ajUtQ3M2b25kX2JUcFFQQkVLd3RsUjBsTmJESnUtVHhrNXQtbFlCNlVpOWZSVVFjT2cSswFodHRwczovL2VuY3J5cHRlZC10Ym4zLmdzdGF0aWMuY29tL2Zhdmljb24tdGJuP3E9dGJuJTNBQU5kOUdjU0FMaWJ2eFF0YXdFMFRueVdWWmVKRS1MZEdRZjVTUi1OZ2RMazhyZzIwVy1nM0JuQ1F4VDNKZFBjRXR2THdBeVRxUDJEdHVycEdVR29CQkxpYzM5al9wSmFxRERaMHNCYW05WEVhSGVsMmZTQmdKdlF4WWVyMw\" target=\"_blank\" title=\"Seguir a Tribuna no Google\" rel=\"nofollow noopener\">  <\/a>  <\/p>\n","protected":false},"excerpt":{"rendered":"Uma das pinturas expostas na Soma Galeria, no bairro Bigorrilho, em Curitiba, foi levada do espa\u00e7o durante a&hellip;\n","protected":false},"author":2,"featured_media":222312,"comment_status":"","ping_status":"","sticky":false,"template":"","format":"standard","meta":{"footnotes":""},"categories":[144],"tags":[207,205,206,203,201,202,204,114,115,32,33],"class_list":{"0":"post-222311","1":"post","2":"type-post","3":"status-publish","4":"format-standard","5":"has-post-thumbnail","7":"category-arte-e-design","8":"tag-arte","9":"tag-arte-e-design","10":"tag-artedesign","11":"tag-arts","12":"tag-arts-and-design","13":"tag-artsanddesign","14":"tag-design","15":"tag-entertainment","16":"tag-entretenimento","17":"tag-portugal","18":"tag-pt"},"share_on_mastodon":{"url":"https:\/\/pubeurope.com\/@pt\/115866092386285947","error":""},"_links":{"self":[{"href":"https:\/\/www.europesays.com\/pt\/wp-json\/wp\/v2\/posts\/222311","targetHints":{"allow":["GET"]}}],"collection":[{"href":"https:\/\/www.europesays.com\/pt\/wp-json\/wp\/v2\/posts"}],"about":[{"href":"https:\/\/www.europesays.com\/pt\/wp-json\/wp\/v2\/types\/post"}],"author":[{"embeddable":true,"href":"https:\/\/www.europesays.com\/pt\/wp-json\/wp\/v2\/users\/2"}],"replies":[{"embeddable":true,"href":"https:\/\/www.europesays.com\/pt\/wp-json\/wp\/v2\/comments?post=222311"}],"version-history":[{"count":0,"href":"https:\/\/www.europesays.com\/pt\/wp-json\/wp\/v2\/posts\/222311\/revisions"}],"wp:featuredmedia":[{"embeddable":true,"href":"https:\/\/www.europesays.com\/pt\/wp-json\/wp\/v2\/media\/222312"}],"wp:attachment":[{"href":"https:\/\/www.europesays.com\/pt\/wp-json\/wp\/v2\/media?parent=222311"}],"wp:term":[{"taxonomy":"category","embeddable":true,"href":"https:\/\/www.europesays.com\/pt\/wp-json\/wp\/v2\/categories?post=222311"},{"taxonomy":"post_tag","embeddable":true,"href":"https:\/\/www.europesays.com\/pt\/wp-json\/wp\/v2\/tags?post=222311"}],"curies":[{"name":"wp","href":"https:\/\/api.w.org\/{rel}","templated":true}]}}