{"id":222314,"date":"2026-01-09T16:32:12","date_gmt":"2026-01-09T16:32:12","guid":{"rendered":"https:\/\/www.europesays.com\/pt\/222314\/"},"modified":"2026-01-09T16:32:12","modified_gmt":"2026-01-09T16:32:12","slug":"radio-educadora-90-3-fm-previsao-do-tempo-para-os-proximos-5-dias-em-santa-catarina-123","status":"publish","type":"post","link":"https:\/\/www.europesays.com\/pt\/222314\/","title":{"rendered":"R\u00e1dio Educadora 90.3 FM \u00bb Previs\u00e3o do tempo para os pr\u00f3ximos 5 dias em Santa Catarina"},"content":{"rendered":"<p>                                <a href=\"\" title=\"Previs\u00e3o do tempo para os pr\u00f3ximos 5 dias em Santa Catarina\">&#13;<br \/>\n                                    <img decoding=\"async\" src=\"https:\/\/www.europesays.com\/pt\/wp-content\/uploads\/2026\/01\/1767976328_985_whatsapp-image-2024-07-11-at-17-35-22.jpeg\" title=\"Previs\u00e3o do tempo para os pr\u00f3ximos 5 dias em Santa Catarina\" alt=\"Previs\u00e3o do tempo para os pr\u00f3ximos 5 dias em Santa Catarina\"\/>&#13;<br \/>\n                                <\/a><\/p>\n<p class=\"has-text-align-center\" style=\"text-align: center;\" data-raofz=\"16\"><strong>Elaborado em:<\/strong>\u00a009\/01\/2026 \u00e0s 05:00 \u2013 N\u00b0 009\/2026<\/p>\n<p class=\"has-text-align-center\" style=\"text-align: center;\" data-raofz=\"16\"><strong>Meteorologista:\u00a0<\/strong>Augusto Pereira<\/p>\n<p class=\"has-text-align-center\" style=\"text-align: center;\" data-raofz=\"16\">\u00a0<\/p>\n<p class=\"has-text-align-center\" style=\"text-align: center;\" data-raofz=\"16\"><strong>SEXTA-FEIRA (09)<\/strong><\/p>\n<p data-raofz=\"16\">\u00a0<\/p>\n<p data-raofz=\"16\"><strong>Na\u00a0sexta-feira (09),<\/strong> as temperaturas diminuem em rela\u00e7\u00e3o ao dia anterior. Desta forma, as m\u00ednimas variam entre 15\u00b0C e 19\u00b0C nos Planaltos, no Meio-Oeste e nas regi\u00f5es serranas, e entre 20\u00b0C e 23\u00b0C no Oeste e no Litoral. Durante a tarde, as temperaturas se elevam, com m\u00e1ximas em torno de 30\u00b0C no Grande Oeste e alguns pontuais de 35\u00b0C, enquanto nas demais regi\u00f5es os valores ficam entre 25\u00b0C e 30\u00b0C. A partir da tarde at\u00e9 o final do dia, aumentam as condi\u00e7\u00f5es para temporais e rajadas de vento significativas em todo o estado, em fun\u00e7\u00e3o do calor, da umidade e da intensifica\u00e7\u00e3o e aproxima\u00e7\u00e3o de um sistema de baixa press\u00e3o sobre a Argentina, que se desloca gradualmente em dire\u00e7\u00e3o \u00e0 regi\u00e3o Sul do Brasil, trazendo\u00a0<strong>risco moderado a alto para ocorr\u00eancias associadas a alagamentos, enxurradas, destelhamentos, quedas de galhos e \u00e1rvores e danos na rede el\u00e9trica<\/strong>.<\/p>\n<p data-raofz=\"16\">\u00a0<\/p>\n<p><img decoding=\"async\" loading=\"lazy\" class=\"wp-image-19000 aligncenter\" src=\"https:\/\/www.europesays.com\/pt\/wp-content\/uploads\/2026\/01\/image-162-1024x700.png\"   alt=\"\" width=\"587\" height=\"401\"\/><\/p>\n<p data-raofz=\"16\">\u00a0<\/p>\n<p class=\"has-text-align-center\" style=\"text-align: center;\" data-raofz=\"16\"><strong>S\u00c1BADO (10)<\/strong><\/p>\n<p data-raofz=\"16\">\u00a0<\/p>\n<p data-raofz=\"16\"><strong>No\u00a0s\u00e1bado (10),<\/strong> o tempo permanece inst\u00e1vel em todo o estado, j\u00e1 no in\u00edcio do dia, a partir do Grande Oeste. Ao longo do dia, a instabilidade avan\u00e7a para as demais regi\u00f5es de Santa Catarina. Um sistema de baixa press\u00e3o dar\u00e1 origem a um ciclone extratropical, que se desloca em dire\u00e7\u00e3o ao Uruguai e ao Rio Grande do Sul, influenciando Santa Catarina e favorecendo a ocorr\u00eancia de temporais de forte intensidade a qualquer hora do dia. Associados ao calor, o transporte e a disponibilidade de umidade intensificam as instabilidades entre a tarde e \u00e0 noite.\u00a0<strong>O risco \u00e9 alto e pontualmente muito alto para ocorr\u00eancias associadas a alagamentos, enxurradas, destelhamentos, quedas de galhos e \u00e1rvores e danos na rede el\u00e9trica<\/strong>. Nesse dia, as temperaturas atingem os 35 \u00b0C no Litoral Sul, variam entre 20 \u00b0C e 28 \u00b0C nos Planaltos e no Alto Vale do Itaja\u00ed e ficam entre 25 \u00b0C e 30 \u00b0C no Grande Oeste.<\/p>\n<p data-raofz=\"16\">\u00a0<\/p>\n<p><img decoding=\"async\" loading=\"lazy\" class=\"wp-image-19001 aligncenter\" src=\"https:\/\/www.europesays.com\/pt\/wp-content\/uploads\/2026\/01\/image-163-1024x695.png\"   alt=\"\" width=\"588\" height=\"399\"\/><\/p>\n<p data-raofz=\"16\">\u00a0<\/p>\n<p class=\"has-text-align-center\" style=\"text-align: center;\" data-raofz=\"16\"><strong>DOMINGO (11)<\/strong><\/p>\n<p data-raofz=\"16\">\u00a0<\/p>\n<p data-raofz=\"16\"><strong>No\u00a0domingo (11),<\/strong> a frente fria associada ao ciclone favorece a ocorr\u00eancia de instabilidades desde o in\u00edcio do dia, assim como no dia anterior, por\u00e9m com menor intensidade, com possibilidade de temporais isolados e pancadas de chuva no estado. Com o deslocamento gradual do ciclone em dire\u00e7\u00e3o ao mar, o aumento do transporte e da disponibilidade de umidade, aliado \u00e0 atua\u00e7\u00e3o da frente fria entre a tarde e a noite, intensifica os temporais, especialmente no Planalto Norte, Litoral Norte, Vale do Itaja\u00ed e Grande Florian\u00f3polis.\u00a0<strong>O risco \u00e9 alto e pontualmente muito alto para ocorr\u00eancias associadas a alagamentos, enxurradas, destelhamentos, quedas de galhos e \u00e1rvores e danos na rede el\u00e9trica<\/strong>. As temperaturas chegam aos 33 \u00b0C no Litoral Sul, variam entre 20 \u00b0C e 30 \u00b0C nos Planaltos e no Alto Vale do Itaja\u00ed, e ficam entre 20 \u00b0C e 27 \u00b0C no Grande Oeste.<\/p>\n<p data-raofz=\"16\">\u00a0<\/p>\n<p><img decoding=\"async\" loading=\"lazy\" class=\"wp-image-19003 aligncenter\" src=\"https:\/\/www.europesays.com\/pt\/wp-content\/uploads\/2026\/01\/image-165-1024x695.png\"   alt=\"\" width=\"588\" height=\"399\"\/><\/p>\n<p data-raofz=\"16\">\u00a0<\/p>\n<p class=\"has-text-align-center\" style=\"text-align: center;\" data-raofz=\"16\"><strong>TEND\u00caNCIA PARA OS PR\u00d3XIMOS DIAS<\/strong><\/p>\n<p data-raofz=\"16\">\u00a0<\/p>\n<p data-raofz=\"16\">Na\u00a0<strong>segunda-feira (12)<\/strong>, com o deslocamento do ciclone para o mar, a frente fria a ele associada provoca temporais nas regi\u00f5es mais ao norte do estado, especialmente na divisa com o Paran\u00e1. Na\u00a0<strong>ter\u00e7a-feira (13)<\/strong>, com o deslocamento da frente fria e do ciclone para alto mar, o dia fica sob influ\u00eancia da disponibilidade e do transporte de umidade, al\u00e9m do calor t\u00edpico de ver\u00e3o, tornando-se prop\u00edcio \u00e0 ocorr\u00eancia de pancadas de chuva em todo o estado, n\u00e3o se descartando temporais isolados.<\/p>\n<p data-raofz=\"16\">\u00a0<\/p>\n<p><img decoding=\"async\" loading=\"lazy\" class=\"wp-image-17691 aligncenter\" src=\"https:\/\/www.europesays.com\/pt\/wp-content\/uploads\/2025\/12\/image-700-1024x221.png\"   alt=\"\" width=\"769\" height=\"166\"\/><\/p>\n<p>\u00a0<\/p>\n<p>                Fonte: Secretaria de Estado de Prote\u00e7\u00e3o e Defesa Civil                <\/p>\n","protected":false},"excerpt":{"rendered":"&#13; &#13; Elaborado em:\u00a009\/01\/2026 \u00e0s 05:00 \u2013 N\u00b0 009\/2026 Meteorologista:\u00a0Augusto Pereira \u00a0 SEXTA-FEIRA (09) \u00a0 Na\u00a0sexta-feira (09), as&hellip;\n","protected":false},"author":2,"featured_media":186793,"comment_status":"","ping_status":"","sticky":false,"template":"","format":"standard","meta":{"footnotes":""},"categories":[141],"tags":[114,115,149,150,32,33],"class_list":{"0":"post-222314","1":"post","2":"type-post","3":"status-publish","4":"format-standard","5":"has-post-thumbnail","7":"category-musica","8":"tag-entertainment","9":"tag-entretenimento","10":"tag-music","11":"tag-musica","12":"tag-portugal","13":"tag-pt"},"share_on_mastodon":{"url":"https:\/\/pubeurope.com\/@pt\/115866104413732516","error":""},"_links":{"self":[{"href":"https:\/\/www.europesays.com\/pt\/wp-json\/wp\/v2\/posts\/222314","targetHints":{"allow":["GET"]}}],"collection":[{"href":"https:\/\/www.europesays.com\/pt\/wp-json\/wp\/v2\/posts"}],"about":[{"href":"https:\/\/www.europesays.com\/pt\/wp-json\/wp\/v2\/types\/post"}],"author":[{"embeddable":true,"href":"https:\/\/www.europesays.com\/pt\/wp-json\/wp\/v2\/users\/2"}],"replies":[{"embeddable":true,"href":"https:\/\/www.europesays.com\/pt\/wp-json\/wp\/v2\/comments?post=222314"}],"version-history":[{"count":0,"href":"https:\/\/www.europesays.com\/pt\/wp-json\/wp\/v2\/posts\/222314\/revisions"}],"wp:featuredmedia":[{"embeddable":true,"href":"https:\/\/www.europesays.com\/pt\/wp-json\/wp\/v2\/media\/186793"}],"wp:attachment":[{"href":"https:\/\/www.europesays.com\/pt\/wp-json\/wp\/v2\/media?parent=222314"}],"wp:term":[{"taxonomy":"category","embeddable":true,"href":"https:\/\/www.europesays.com\/pt\/wp-json\/wp\/v2\/categories?post=222314"},{"taxonomy":"post_tag","embeddable":true,"href":"https:\/\/www.europesays.com\/pt\/wp-json\/wp\/v2\/tags?post=222314"}],"curies":[{"name":"wp","href":"https:\/\/api.w.org\/{rel}","templated":true}]}}