{"id":222315,"date":"2026-01-09T16:33:07","date_gmt":"2026-01-09T16:33:07","guid":{"rendered":"https:\/\/www.europesays.com\/pt\/222315\/"},"modified":"2026-01-09T16:33:07","modified_gmt":"2026-01-09T16:33:07","slug":"o-senhor-dos-aneis-elenco-se-reencontra-em-celebracao-ao-25o-aniversario-de-a-sociedade-do-anel","status":"publish","type":"post","link":"https:\/\/www.europesays.com\/pt\/222315\/","title":{"rendered":"O Senhor dos An\u00e9is: Elenco se reencontra em celebra\u00e7\u00e3o ao 25\u00ba anivers\u00e1rio de A Sociedade do Anel"},"content":{"rendered":"<p class=\"wp-block-yoast-seo-estimated-reading-time yoast-reading-time__wrapper\">Estimated reading time: 2 minutos<\/p>\n<p>O ano de 2026 \u00e9 motivo de celebra\u00e7\u00e3o para os f\u00e3s de <a href=\"https:\/\/ovicio.com.br\/tag\/o-senhor-dos-aneis\" target=\"_blank\" rel=\"noreferrer noopener nofollow\">O Senhor dos An\u00e9is<\/a> que, agora, est\u00e3o recebendo o emocionante reencontro do elenco original em comemora\u00e7\u00e3o ao 25\u00ba anivers\u00e1rio do primeiro filme.<\/p>\n<p>Organizado pela Empire Magazine, <a href=\"https:\/\/ovicio.com.br\/tag\/elijah-wood\" target=\"_blank\" rel=\"noreferrer noopener nofollow\">Elijah Wood<\/a> (Frodo), <a href=\"https:\/\/ovicio.com.br\/tag\/ian-mckellen\" target=\"_blank\" rel=\"noreferrer noopener nofollow\">Ian McKellen<\/a> (Gandalf),<strong> Sean Astin <\/strong>(Samwise) e mais, se reuniram para um ensaio fotogr\u00e1fico especial da saga, al\u00e9m de estamparem a nova capa da revista.<\/p>\n<p>O momento foi compartilhado nas redes e pode ser visualizado logo abaixo:<\/p>\n<p>Vale destacar que, os espectadores poder\u00e3o retornar \u00e0 Terra-M\u00e9dia atrav\u00e9s do relan\u00e7amento dos tr\u00eas filmes originais da franquia neste m\u00eas de janeiro.<\/p>\n<p>A <a href=\"https:\/\/ovicio.com.br\/tag\/warner-bros\" target=\"_blank\" rel=\"noreferrer noopener nofollow\">Warner Bros.<\/a> relan\u00e7ar\u00e1 <strong>A Sociedade do Anel (2001)<\/strong> no pr\u00f3ximo dia 22 de janeiro, seguido das reexibi\u00e7\u00f5es de <strong>As Duas Torres (2002)<\/strong>\u00a0e <strong>Retorno do Rei (2003)<\/strong> nos dias 23 e 24 de janeiro.<\/p>\n<p>A trilogia chegar\u00e1 nas telonas em suas vers\u00f5es estendidas, enquanto os ingressos j\u00e1 podem ser adquiridos antecipadamente.<\/p>\n<p>Leia mais sobre O Senhor dos An\u00e9is:<\/p>\n<p><strong>Fonte:<\/strong> <a href=\"https:\/\/x.com\/empiremagazine\/status\/2009624152706007132\" target=\"_blank\" rel=\"noreferrer noopener nofollow\">Empire Magazine<\/a>.<\/p>\n","protected":false},"excerpt":{"rendered":"Estimated reading time: 2 minutos O ano de 2026 \u00e9 motivo de celebra\u00e7\u00e3o para os f\u00e3s de O&hellip;\n","protected":false},"author":2,"featured_media":222316,"comment_status":"","ping_status":"","sticky":false,"template":"","format":"standard","meta":{"footnotes":""},"categories":[140],"tags":[14263,114,115,147,148,13298,146,13537,32,33,42905,599,7088],"class_list":{"0":"post-222315","1":"post","2":"type-post","3":"status-publish","4":"format-standard","5":"has-post-thumbnail","7":"category-filmes","8":"tag-elijah-wood","9":"tag-entertainment","10":"tag-entretenimento","11":"tag-film","12":"tag-filmes","13":"tag-ian-mckellen","14":"tag-movies","15":"tag-o-senhor-dos-aneis","16":"tag-portugal","17":"tag-pt","18":"tag-sean-astin","19":"tag-warner","20":"tag-warner-bros"},"share_on_mastodon":{"url":"https:\/\/pubeurope.com\/@pt\/115866108124187788","error":""},"_links":{"self":[{"href":"https:\/\/www.europesays.com\/pt\/wp-json\/wp\/v2\/posts\/222315","targetHints":{"allow":["GET"]}}],"collection":[{"href":"https:\/\/www.europesays.com\/pt\/wp-json\/wp\/v2\/posts"}],"about":[{"href":"https:\/\/www.europesays.com\/pt\/wp-json\/wp\/v2\/types\/post"}],"author":[{"embeddable":true,"href":"https:\/\/www.europesays.com\/pt\/wp-json\/wp\/v2\/users\/2"}],"replies":[{"embeddable":true,"href":"https:\/\/www.europesays.com\/pt\/wp-json\/wp\/v2\/comments?post=222315"}],"version-history":[{"count":0,"href":"https:\/\/www.europesays.com\/pt\/wp-json\/wp\/v2\/posts\/222315\/revisions"}],"wp:featuredmedia":[{"embeddable":true,"href":"https:\/\/www.europesays.com\/pt\/wp-json\/wp\/v2\/media\/222316"}],"wp:attachment":[{"href":"https:\/\/www.europesays.com\/pt\/wp-json\/wp\/v2\/media?parent=222315"}],"wp:term":[{"taxonomy":"category","embeddable":true,"href":"https:\/\/www.europesays.com\/pt\/wp-json\/wp\/v2\/categories?post=222315"},{"taxonomy":"post_tag","embeddable":true,"href":"https:\/\/www.europesays.com\/pt\/wp-json\/wp\/v2\/tags?post=222315"}],"curies":[{"name":"wp","href":"https:\/\/api.w.org\/{rel}","templated":true}]}}