{"id":222321,"date":"2026-01-09T16:39:09","date_gmt":"2026-01-09T16:39:09","guid":{"rendered":"https:\/\/www.europesays.com\/pt\/222321\/"},"modified":"2026-01-09T16:39:09","modified_gmt":"2026-01-09T16:39:09","slug":"o-adeus-ao-bon-vivant-observador","status":"publish","type":"post","link":"https:\/\/www.europesays.com\/pt\/222321\/","title":{"rendered":"o adeus ao bon vivant \u2013 Observador"},"content":{"rendered":"<p>De um lado o \u201cimperador da noite\u201d, como chegou a ser chamado na Costa Azul, do outro a filha dos pr\u00edncipes Rainier e Grace do M\u00f3naco. Carolina tinha 20 anos,\u00a0Phillipe Junot\u00a036, e o que os dividia n\u00e3o era apenas a diferen\u00e7a de idades. Muita tinta correu na imprensa da \u00e9poca, nesses meados de 70 do s\u00e9culo passado que assistiram ao in\u00edcio do controverso romance entre ambos, e que catapultou o empres\u00e1rio com fama de\u00a0playboy\u00a0para o meio medi\u00e1tico.<\/p>\n<p>Esta sexta-feira, nas redes sociais, uma das suas filhas Victoria, anunciou a morte do antigo investidor e figura do social, que tinha 85 anos e nos \u00faltimos anos passava boa parte do seu tempo na capital espanhola. N\u00e3o foram adiantadas causas.<\/p>\n<p>\u201cCom o cora\u00e7\u00e3o partido, entristece-me anunciar a morte do meu pai. Partiu deste lado do mundo em paz, rodeado por sua fam\u00edlia, em 8 de janeiro de 2026 em Madrid, ap\u00f3s uma vida longa, bela e cheia de aventuras. Av\u00f4\u00a0de 3, quase 4. O meu lend\u00e1rio pai, quanto te queremos. Sentimo-lo, n\u00e3o h\u00e1 palavras suficientes\u2026\u00a0Obrigado por todos os risos e as aventuras, por nos mostrar o seu mundo e por nos inspirar a chegar mais alto. Obrigado pelo teu amor, que nunca nos abandonar\u00e1. Que privil\u00e9gio ter vivido ao seu lado. Foi um verdadeiro cavalheiro.\u00a0Um cap\u00edtulo dif\u00edcil de fechar, mas continuaremos a sorrir, a viver e a rir ao m\u00e1ximo, tal como ele queria que o fiz\u00e9ssemos.\u201d, escreveu no Instagram.<\/p>\n<p>Nos \u00faltimos anos, ali\u00e1s, cabe aos filhos de Junot o papel de maior protagonismo nas p\u00e1ginas das revistas e nas redes sociais.\u00a0Mas h\u00e1 mais de quatro d\u00e9cadas, o estilo de vida extravagante colava-se\u00a0\u00e0 imagem de Philippe Junot, apesar de vir de um meio privilegiado. Era filho de\u00a0Michel Junot, n\u00famero dois da c\u00e2mara de Paris,\u00a0e de\u00a0Lydia Thykj\u00e6r, filha de um industrial dinamarqu\u00eas.<\/p>\n<p>Junot e Carolina ter-se-\u00e3o conhecido no\u00a0R\u00e9gine, um clube noturno de Manhattan frequentado por celebridades e realeza internacional. A partir da\u00ed, Philippe tornou-se uma presen\u00e7a constante no mundo de Carolina, aparecendo no c\u00edrculo dos Grimaldi, surgindo em eventos de alto perfil, e at\u00e9 garantindo um lugar na box real em torneios de t\u00e9nis. Rainier e Grace assistiam aos avan\u00e7os com apreens\u00e3o, intervindo com planos estrat\u00e9gicos que visavam dissuadir a rela\u00e7\u00e3o e sacudir o ass\u00e9dio dos fot\u00f3grafos. O casal acreditava que tudo n\u00e3o passava de um capricho da filha, fruto de rebeldia.<\/p>\n<p>        <img src=\"https:\/\/www.europesays.com\/pt\/wp-content\/uploads\/2026\/01\/GettyImages-111074386.jpg\" alt=\"Grace of Monaco in New Jersey, United States in 1978.\" loading=\"lazy\" decoding=\"async\" class=\"\" onload=\"this.parentElement.classList.remove('spinner')\" onerror=\"this.parentElement.classList.remove('spinner')\" width=\"1440\" height=\"937\"\/><br \/>\n    Gamma-Rapho via Getty Images<\/p>\n<p class=\"wp-caption-text\">Nas Gal\u00e1pagos, uma imagem ic\u00f3nica da juventude de Carolina e do momento de tens\u00e3o<\/p>\n<p>Carolina\u00a0foi enviada pela primeira para um p\u00e9riplo\u00a0pelo Equador. N\u00e3o contente com a dist\u00e2ncia, Grace embarcou com a filha rumo \u00e0s\u00a0remotas Ilhas Gal\u00e1pagos. De pouco serviu a fuga: Junot enfiou-se num avi\u00e3o e alcan\u00e7ou aquele destino, garantindo a p\u00e9s juntos que Carolina era a mulher da sua vida.<\/p>\n<p>Depois de um breve per\u00edodo de noivado, a 29 de junho de 1978 o Pal\u00e1cio do Pr\u00edncipe, no M\u00f3naco, o mesmo local onde Rainier e Grace\u00a0selaram o seu amor, <a href=\"https:\/\/observador.pt\/especiais\/dor-e-gloria-o-discreto-charme-de-carolina-do-monaco-aos-65-anos\/\" rel=\"nofollow noopener\" target=\"_blank\">acolhia um dos casamentos da d\u00e9cada<\/a>. A jovem princesa elegeu um vestido do amigo pr\u00f3ximo da fam\u00edlia\u00a0Marc Bohan\u00a0para a Christian Dior, que haveria de ditar tend\u00eancias. Mais de 800 convidados escutaram o \u201csim\u201d, incluindo estrelas como\u00a0Ava Gardner.<\/p>\n<p>        <img src=\"https:\/\/www.europesays.com\/pt\/wp-content\/uploads\/2026\/01\/gettyimages-3370836.jpg\" alt=\"GettyImages-3370836\" loading=\"lazy\" decoding=\"async\" class=\"\" onload=\"this.parentElement.classList.remove('spinner')\" onerror=\"this.parentElement.classList.remove('spinner')\" width=\"1440\" height=\"961\"\/><br \/>\n    WireImage<\/p>\n<p class=\"wp-caption-text\">Uma foto de fam\u00edlia no dia da boda<\/p>\n<p>Mas o conto de fadas desfeche-se em pouco tempo e o div\u00f3rcio chegaria em 1980. Em 1983, Carolina casava-se em segundas n\u00fapcias com\u00a0Stefano Casiraghi, uma rela\u00e7\u00e3o tragicamente\u00a0desfeita pelo acidente que vitimou o marido em 1990. S\u00f3 dois anos depois chegaria a anula\u00e7\u00e3o oficial por parte do Vaticano do primeiro casamento, j\u00e1 que Carolina invocara in\u00fameras infidelidades do marido.<\/p>\n<p>Junot voltaria a casar-se e a regressar \u00e0 capa da revista Hola. Em Copenhaga, em outubro de 1987, trocaria votos com a aristocrata escandinava Nina Wendelboe-Larsen, numa pequena igreja da capital dinamarquesa. A noiva vestia uma cria\u00e7\u00e3o Guy Laroche e uma discreta tiara. O v\u00ednculo consolidou-se entre o norte da Europa e\u00a0Marbella, onde Philippe levava anos fixado e se movimentava naquele meio social. Segundo a Hola!, uma semana depois, os rec\u00e9m-casados ofereceram uma segunda festa no emblem\u00e1tico Marbella Club, pensada para os amigos que o casal tinha feito em Espanha. E aqui apareceu o ambiente festivo pr\u00f3prio da Costa do Sol dos 80. Entre os convidados figuravam nomes como Gunilla von Bismarck, Jaime de Mora e Arag\u00e3o, Afonso de Hohenlohe ou Manolo Santana.<\/p>\n<p>        <img src=\"https:\/\/www.europesays.com\/pt\/wp-content\/uploads\/2026\/01\/gettyimages-2053254807-scaled.jpg\" alt=\"GettyImages-2053254807\" loading=\"lazy\" decoding=\"async\" class=\"\" onload=\"this.parentElement.classList.remove('spinner')\" onerror=\"this.parentElement.classList.remove('spinner')\" width=\"1440\" height=\"2160\"\/><br \/>\n    Europa Press via Getty Images<\/p>\n<p class=\"wp-caption-text\">Philippe Junot com Nina Wendelboe-Larsen a chegarem ao batizado da filha de \u00c1lvaro Falc\u00f3\u00a0e Isabelle Junot, Philippa, em mar\u00e7o de 2024, em Madrid.<\/p>\n<p>O casal teve tr\u00eas filhos, Victoria, Alexis e Isabelle que ali\u00e1s seria a protagonista, em 2022, de um dos casamentos do ano em Espanha. Philippe acompanhou a <a href=\"https:\/\/www.instagram.com\/isabellejunot\/\" rel=\"nofollow noopener\" target=\"_blank\">coach nutricional e influencer<\/a> at\u00e9 ao altar, e foi padrinho da cerim\u00f3nia com \u00c1lvaro Falc\u00f3, marqu\u00eas de Cubas, filho de\u00a0Fernando Falc\u00f3\u00a0e Marta Ch\u00e1varri. 300 convidados assistiram o momento. Ch\u00e1varri, a aristocrata espanhola que agitou o jet set na imprensa cor-de-rosa no final da d\u00e9cada de 80 (e que morreu em 2023), foi de resto outro dos nomes femininos a que se Philippe seria associado nos anos mais recentes.<\/p>\n<p>Junot separou-se oficialmente da m\u00e3e dos tr\u00eas filhos em 1997, mas manteve um boa rela\u00e7\u00e3o com <strong>Nina Wendelboe-Larsen<\/strong>, surgindo numa das\u00a0\u00faltimas imagens p\u00fablicas em mar\u00e7o de 2024, por ocasi\u00e3o do batizado de uma das netas, filha de Isabelle e Alvaro.\u00a0O terceiro enlace oficial de Junot foi em 2005, com a modelo sueca e joalheira\u00a0<strong>Helen Wendel<\/strong>, com quem teve a sua \u00faltima filha, <a href=\"https:\/\/www.instagram.com\/chloejunotwendel\/?hl=en\" rel=\"nofollow noopener\" target=\"_blank\">Chlo\u00e9<\/a>.<\/p>\n<p>            <script async src=\"\/\/www.instagram.com\/embed.js\"><\/script><\/p>\n","protected":false},"excerpt":{"rendered":"De um lado o \u201cimperador da noite\u201d, como chegou a ser chamado na Costa Azul, do outro a&hellip;\n","protected":false},"author":2,"featured_media":222322,"comment_status":"","ping_status":"","sticky":false,"template":"","format":"standard","meta":{"footnotes":""},"categories":[50],"tags":[27,28,211,15,16,14,25,26,186,21,22,62,12,13,19,20,23,24,17,18,29,30,31,63,64,65],"class_list":{"0":"post-222321","1":"post","2":"type-post","3":"status-publish","4":"format-standard","5":"has-post-thumbnail","7":"category-mundo","8":"tag-breaking-news","9":"tag-breakingnews","10":"tag-celebridades","11":"tag-featured-news","12":"tag-featurednews","13":"tag-headlines","14":"tag-latest-news","15":"tag-latestnews","16":"tag-lifestyle","17":"tag-main-news","18":"tag-mainnews","19":"tag-mundo","20":"tag-news","21":"tag-noticias","22":"tag-noticias-principais","23":"tag-noticiasprincipais","24":"tag-principais-noticias","25":"tag-principaisnoticias","26":"tag-top-stories","27":"tag-topstories","28":"tag-ultimas","29":"tag-ultimas-noticias","30":"tag-ultimasnoticias","31":"tag-world","32":"tag-world-news","33":"tag-worldnews"},"share_on_mastodon":{"url":"https:\/\/pubeurope.com\/@pt\/115866131794280851","error":""},"_links":{"self":[{"href":"https:\/\/www.europesays.com\/pt\/wp-json\/wp\/v2\/posts\/222321","targetHints":{"allow":["GET"]}}],"collection":[{"href":"https:\/\/www.europesays.com\/pt\/wp-json\/wp\/v2\/posts"}],"about":[{"href":"https:\/\/www.europesays.com\/pt\/wp-json\/wp\/v2\/types\/post"}],"author":[{"embeddable":true,"href":"https:\/\/www.europesays.com\/pt\/wp-json\/wp\/v2\/users\/2"}],"replies":[{"embeddable":true,"href":"https:\/\/www.europesays.com\/pt\/wp-json\/wp\/v2\/comments?post=222321"}],"version-history":[{"count":0,"href":"https:\/\/www.europesays.com\/pt\/wp-json\/wp\/v2\/posts\/222321\/revisions"}],"wp:featuredmedia":[{"embeddable":true,"href":"https:\/\/www.europesays.com\/pt\/wp-json\/wp\/v2\/media\/222322"}],"wp:attachment":[{"href":"https:\/\/www.europesays.com\/pt\/wp-json\/wp\/v2\/media?parent=222321"}],"wp:term":[{"taxonomy":"category","embeddable":true,"href":"https:\/\/www.europesays.com\/pt\/wp-json\/wp\/v2\/categories?post=222321"},{"taxonomy":"post_tag","embeddable":true,"href":"https:\/\/www.europesays.com\/pt\/wp-json\/wp\/v2\/tags?post=222321"}],"curies":[{"name":"wp","href":"https:\/\/api.w.org\/{rel}","templated":true}]}}