{"id":222329,"date":"2026-01-09T16:43:15","date_gmt":"2026-01-09T16:43:15","guid":{"rendered":"https:\/\/www.europesays.com\/pt\/222329\/"},"modified":"2026-01-09T16:43:15","modified_gmt":"2026-01-09T16:43:15","slug":"escola-les-fabriques-brenac-gonzalez-associes","status":"publish","type":"post","link":"https:\/\/www.europesays.com\/pt\/222329\/","title":{"rendered":"Escola Les Fabriques \/ Brenac &#038; Gonzalez &#038; Associ\u00e9s"},"content":{"rendered":"<p><a class=\"js-image-size__link \" href=\"https:\/\/www.archdaily.com.br\/br\/1037381\/escola-les-fabriques-brenac-and-gonzalez-and-associes\/694459b29d4ebd00013bbcd6-les-fabriques-school-brenac-and-gonzalez-and-associes-photo\" rel=\"attachment nofollow noopener\" style=\"width: 100%; height: 100%;\" target=\"_blank\"><img decoding=\"async\" alt=\"Escola Les Fabriques \/ Brenac &amp; Gonzalez &amp; Associ\u00e9s - Fotografia de Exterior\" data-nr-picture-id=\"694459b29d4ebd00013bbcd6\" fetchpriority=\"high\" height=\"526\" itemprop=\"image\" loading=\"eager\" longdesc=\"https:\/\/www.archdaily.com.br\/br\/1037381\/escola-les-fabriques-brenac-and-gonzalez-and-associes\/694459b29d4ebd00013bbcd6-les-fabriques-school-brenac-and-gonzalez-and-associes-photo\" src=\"https:\/\/www.europesays.com\/pt\/wp-content\/uploads\/2026\/01\/photo-SG-2025--BRENAC-GONZALEZ--ecole--marseille--IMP-A-041.jpg\" style=\"min-height: var(--featured-height, auto); aspect-ratio: auto 640 \/ 526\" width=\"640\"\/><\/a>\u00a9 Sergio Grazia<\/p>\n<p class=\"thumbs afd-desktop-e clearfix\"><a class=\"thumbs__link\" data-nr-picture-id=\"694459b09d4ebd00013bbccd\" href=\"https:\/\/www.archdaily.com.br\/br\/1037381\/escola-les-fabriques-brenac-and-gonzalez-and-associes\/694459b09d4ebd00013bbccd-les-fabriques-school-brenac-and-gonzalez-and-associes-photo\" rel=\"attachment nofollow noopener\" target=\"_blank\"><img loading=\"lazy\" decoding=\"async\" alt=\"Escola Les Fabriques \/ Brenac &amp; Gonzalez &amp; Associ\u00e9s - Fotografia de Exterior, Concreto\" class=\"thumbs__img b-lazy\" data-nr-picture-id=\"694459b09d4ebd00013bbccd\" data-pin-nopin=\"true\" src=\"https:\/\/www.europesays.com\/pt\/wp-content\/uploads\/2026\/01\/photo-SG-2025--BRENAC-GONZALEZ--ecole--marseille--IMP-A-050.jpg\" height=\"125\" longdesc=\"https:\/\/www.archdaily.com.br\/br\/1037381\/escola-les-fabriques-brenac-and-gonzalez-and-associes\/694459b09d4ebd00013bbccd-les-fabriques-school-brenac-and-gonzalez-and-associes-photo\" title=\"\u00a9 Sergio Grazia\" width=\"125\"\/><\/a><a class=\"thumbs__link\" data-nr-picture-id=\"694459b39d4ebd00013bbce0\" href=\"https:\/\/www.archdaily.com.br\/br\/1037381\/escola-les-fabriques-brenac-and-gonzalez-and-associes\/694459b39d4ebd00013bbce0-les-fabriques-school-brenac-and-gonzalez-and-associes-photo\" rel=\"attachment nofollow noopener\" target=\"_blank\"><img loading=\"lazy\" decoding=\"async\" alt=\"Escola Les Fabriques \/ Brenac &amp; Gonzalez &amp; Associ\u00e9s - Fotografia de Interiores\" class=\"thumbs__img b-lazy\" data-nr-picture-id=\"694459b39d4ebd00013bbce0\" data-pin-nopin=\"true\" src=\"https:\/\/www.europesays.com\/pt\/wp-content\/uploads\/2026\/01\/photo-SG-2025--BRENAC-GONZALEZ--ecole--marseille--IMP-A-010.jpg\" height=\"125\" longdesc=\"https:\/\/www.archdaily.com.br\/br\/1037381\/escola-les-fabriques-brenac-and-gonzalez-and-associes\/694459b39d4ebd00013bbce0-les-fabriques-school-brenac-and-gonzalez-and-associes-photo\" title=\"\u00a9 Sergio Grazia\" width=\"125\"\/><\/a><a class=\"thumbs__link\" data-nr-picture-id=\"694459b39d4ebd00013bbcdd\" href=\"https:\/\/www.archdaily.com.br\/br\/1037381\/escola-les-fabriques-brenac-and-gonzalez-and-associes\/694459b39d4ebd00013bbcdd-les-fabriques-school-brenac-and-gonzalez-and-associes-photo\" rel=\"attachment nofollow noopener\" target=\"_blank\"><img loading=\"lazy\" decoding=\"async\" alt=\"Escola Les Fabriques \/ Brenac &amp; Gonzalez &amp; Associ\u00e9s - Fotografia de Interiores, Sala de Jantar, Madeira, Vidro, Cadeira\" class=\"thumbs__img b-lazy\" data-nr-picture-id=\"694459b39d4ebd00013bbcdd\" data-pin-nopin=\"true\" src=\"https:\/\/www.europesays.com\/pt\/wp-content\/uploads\/2026\/01\/photo-SG-2025--BRENAC-GONZALEZ--ecole--marseille--IMP-A-017.jpg\" height=\"125\" longdesc=\"https:\/\/www.archdaily.com.br\/br\/1037381\/escola-les-fabriques-brenac-and-gonzalez-and-associes\/694459b39d4ebd00013bbcdd-les-fabriques-school-brenac-and-gonzalez-and-associes-photo\" title=\"\u00a9 Sergio Grazia\" width=\"125\"\/><\/a><a class=\"thumbs__link\" data-nr-picture-id=\"694459b19d4ebd00013bbcce\" href=\"https:\/\/www.archdaily.com.br\/br\/1037381\/escola-les-fabriques-brenac-and-gonzalez-and-associes\/694459b19d4ebd00013bbcce-les-fabriques-school-brenac-and-gonzalez-and-associes-photo\" rel=\"attachment nofollow noopener\" target=\"_blank\"><img loading=\"lazy\" decoding=\"async\" alt=\"Escola Les Fabriques \/ Brenac &amp; Gonzalez &amp; Associ\u00e9s - Imagem 5 de 37\" class=\"thumbs__img b-lazy\" data-nr-picture-id=\"694459b19d4ebd00013bbcce\" data-pin-nopin=\"true\" src=\"https:\/\/www.europesays.com\/pt\/wp-content\/uploads\/2026\/01\/photo-SG-2025--BRENAC-GONZALEZ--ecole--marseille--IMP-A-064.jpg\" height=\"125\" longdesc=\"https:\/\/www.archdaily.com.br\/br\/1037381\/escola-les-fabriques-brenac-and-gonzalez-and-associes\/694459b19d4ebd00013bbcce-les-fabriques-school-brenac-and-gonzalez-and-associes-photo\" title=\"\u00a9 Sergio Grazia\" width=\"125\"\/><\/a><a class=\"gallery-link afd-desktop-e\" href=\"https:\/\/www.archdaily.com.br\/br\/1037381\/escola-les-fabriques-brenac-and-gonzalez-and-associes\/694459b29d4ebd00013bbcd6-les-fabriques-school-brenac-and-gonzalez-and-associes-photo\" rel=\"nofollow noopener\" target=\"_blank\"><img decoding=\"async\" alt=\"Escola Les Fabriques \/ Brenac &amp; Gonzalez &amp; Associ\u00e9s - Mais Imagens\" class=\"thumbs__img b-lazy\" src=\"https:\/\/www.europesays.com\/pt\/wp-content\/uploads\/2026\/01\/photo-SG-2025--BRENAC-GONZALEZ--ecole--marseille--IMP-A-041.jpg\" itemprop=\"image\" bad-src=\"data:image\/gif;base64,R0lGODlhAQABAIAAAAUEBAAAACwAAAAAAQABAAACAkQBADs=\"\/>+ 32<\/a><\/p>\n<p>    Compartilhar<\/p>\n<p>Compartilhar<\/p>\n<ul class=\"afd-share__networks clearfix\">\n<li class=\"afd-share__social\"><a aria-label=\"Facebook\" class=\"afd-share__button\" data-insights-category=\"share\" data-insights-label=\"facebook_sharing_options\" data-insights-value=\"1037381\" data-social=\"facebook\" href=\"https:\/\/www.facebook.com\/sharer\/sharer.php?u=https:\/\/www.archdaily.com.br\/br\/1037381\/escola-les-fabriques-brenac-and-gonzalez-and-associes\" rel=\"nofollow noopener\" target=\"_blank\"><\/a>\n<p>Facebook<\/p>\n<\/li>\n<li class=\"afd-share__social\"><a aria-label=\"Twitter\" class=\"afd-share__button\" data-insights-category=\"share\" data-insights-label=\"twitter_sharing_options\" data-insights-value=\"1037381\" data-social=\"twitter\" href=\"https:\/\/twitter.com\/intent\/tweet?text=Escola%20Les%20Fabriques%20%2F%20Brenac%20%26%20Gonzalez%20%26%20Associ%C3%A9s&amp;url=https:\/\/www.archdaily.com.br\/br\/1037381\/escola-les-fabriques-brenac-and-gonzalez-and-associes&amp;via=archdailybr\" rel=\"nofollow noopener\" target=\"_blank\"><\/a>\n<p>Twitter<\/p>\n<\/li>\n<li class=\"afd-share__social\"><a class=\"afd-share__button\" data-insights-category=\"share\" data-insights-label=\"email_sharing_options\" data-insights-value=\"1037381\" data-social=\"email\" href=\"mailto:?subject=Escola Les Fabriques \/ Brenac &amp; Gonzalez &amp; Associ\u00e9s&amp;body=https:\/\/www.archdaily.com.br\/br\/1037381\/escola-les-fabriques-brenac-and-gonzalez-and-associes\"><\/a>\n<p>Mail<\/p>\n<\/li>\n<li class=\"afd-share__social\"><a aria-label=\"Pinterest\" class=\"afd-share__button\" data-insights-category=\"share\" data-insights-label=\"pinterest_sharing_options\" data-insights-value=\"1037381\" data-social=\"pinterest\" href=\"https:\/\/pinterest.com\/pin\/create\/button\/?url=https%3A%2F%2Fwww.archdaily.com.br%2Fbr%2F1037381%2Fescola-les-fabriques-brenac-and-gonzalez-and-associes&amp;media=https%3A%2F%2Fimages.adsttc.com%2Fmedia%2Fimages%2F6944%2F59b2%2F9d4e%2Fbd00%2F013b%2Fbcd6%2Flarge_jpg%2Fphoto-SG-2025--BRENAC-GONZALEZ--ecole--marseille--IMP-A-041.jpg%3F1766087118&amp;description=Escola%20Les%20Fabriques%20%2F%20Brenac%20%26%20Gonzalez%20%26%20Associ%C3%A9s\" rel=\"nofollow noopener\" target=\"_blank\"><\/a>\n<p>Pinterest<\/p>\n<\/li>\n<li class=\"afd-share__social\"><a aria-label=\"Whatsapp\" class=\"afd-share__button\" data-action=\"share\/whatsapp\/share\" data-insights-category=\"share\" data-insights-label=\"whatsapp_sharing_options\" data-insights-value=\"1037381\" data-social=\"whatsapp\" href=\"whatsapp:\/\/send?text=Escola+Les+Fabriques+%2F+Brenac+%26+Gonzalez+%26+Associ%C3%A9s+%7C+https%3A%2F%2Fwww.archdaily.com.br%2Fbr%2F1037381%2Fescola-les-fabriques-brenac-and-gonzalez-and-associes%3Futm_source%3DWhatsapp%26utm_medium%3DIM%26utm_campaign%3Dshare-button\" rel=\"nofollow\"><\/a>\n<p>Whatsapp<\/p>\n<\/li>\n<\/ul>\n<p>Ou<\/p>\n<p>https:\/\/www.archdaily.com.br\/br\/1037381\/escola-les-fabriques-brenac-and-gonzalez-and-associes<\/p>\n<ul class=\"afd-char-list afd-specs__item-container js-char-list\" wp_automatic_readability=\"-1.2029220779221\">\n<li class=\"afd-specs__item\">\n<\/li>\n<li class=\"afd-specs__item\">\n  \u00c1rea<br \/>\n  \u00c1rea deste projeto de arquitetura<\/p>\n<p>\u00c1rea:\u00a0<br \/>\n        <a href=\"https:\/\/www.archdaily.com.br\/search\/br\/projects\/min_area\/2860\/max_area\/4290?ad_name=project-specs&amp;ad_medium=single\" rel=\"nofollow noopener\" target=\"_blank\">3575<\/a> m\u00b2<\/li>\n<li class=\"afd-specs__item\">\n<p>  Ano<br \/>\n  Ano de conclus\u00e3o deste projeto de arquitetura<\/p>\n<p>            Ano:\u00a0<\/p>\n<p>                    <a href=\"https:\/\/www.archdaily.com.br\/search\/br\/projects\/year\/2025?ad_name=project-specs&amp;ad_medium=single\" rel=\"nofollow noopener\" target=\"_blank\"><br \/>\n          2025<br \/>\n        <\/a><\/p>\n<\/li>\n<li class=\"afd-specs__item\">\n<p>  Fot\u00f3grafo<\/p>\n<\/li>\n<li class=\"afd-specs__item\" wp_automatic_readability=\"0\">\n<p>  Fabricantes<br \/>\n  Marcas com produtos usados neste projeto de arquitetura<\/p>\n<p>Fabricantes: \u00a0Alto, PROROCH<\/p>\n<\/li>\n<\/ul>\n<p><a class=\"js-image-size__link lazy-anchor\" href=\"https:\/\/www.archdaily.com.br\/br\/1037381\/escola-les-fabriques-brenac-and-gonzalez-and-associes\/694459b39d4ebd00013bbce4-les-fabriques-school-brenac-and-gonzalez-and-associes-photo\" rel=\"nofollow noopener\" target=\"_blank\"><img decoding=\"async\" alt=\"Escola Les Fabriques \/ Brenac &amp; Gonzalez &amp; Associ\u00e9s - Fotografia de Exterior, Concreto\" data-nr-picture-id=\"694459b39d4ebd00013bbce4\" height=\"427\" itemprop=\"image\" loading=\"lazy\" longdesc=\"https:\/\/www.archdaily.com.br\/br\/1037381\/escola-les-fabriques-brenac-and-gonzalez-and-associes\/694459b39d4ebd00013bbce4-les-fabriques-school-brenac-and-gonzalez-and-associes-photo\" src=\"https:\/\/www.europesays.com\/pt\/wp-content\/uploads\/2026\/01\/photo-SG-2025--BRENAC-GONZALEZ--ecole--marseille--IMP-A-001.jpg\" width=\"640\"\/>\u00a9 Sergio Grazia<\/a><a class=\"js-image-size__link lazy-anchor\" href=\"https:\/\/www.archdaily.com.br\/br\/1037381\/escola-les-fabriques-brenac-and-gonzalez-and-associes\/694459b39d4ebd00013bbcde-les-fabriques-school-brenac-and-gonzalez-and-associes-photo\" rel=\"nofollow noopener\" target=\"_blank\"><img decoding=\"async\" alt=\"Escola Les Fabriques \/ Brenac &amp; Gonzalez &amp; Associ\u00e9s - Imagem 8 de 37\" data-nr-picture-id=\"694459b39d4ebd00013bbcde\" height=\"427\" itemprop=\"image\" loading=\"lazy\" longdesc=\"https:\/\/www.archdaily.com.br\/br\/1037381\/escola-les-fabriques-brenac-and-gonzalez-and-associes\/694459b39d4ebd00013bbcde-les-fabriques-school-brenac-and-gonzalez-and-associes-photo\" src=\"https:\/\/www.europesays.com\/pt\/wp-content\/uploads\/2026\/01\/photo-SG-2025--BRENAC-GONZALEZ--ecole--marseille--IMP-A-013.jpg\" width=\"640\"\/>\u00a9 Sergio Grazia<\/a><\/p>\n<p>Um Ref\u00fagio Clim\u00e1tico em Pedra: a Escola do BGA Floresce como uma Calanque na Cidade \u2013 O complexo escolar Les Fabriques, projetado pelo BGA no cora\u00e7\u00e3o da zona de desenvolvimento urbano Littorale, em <a href=\"https:\/\/www.archdaily.com.br\/br\/tag\/marselha\" rel=\"nofollow noopener\" target=\"_blank\">Marselha<\/a>, re\u00fane uma escola infantil e uma escola de ensino fundamental, cada uma com seus pr\u00f3prios espa\u00e7os de acolhimento, circula\u00e7\u00f5es e salas de aula generosamente iluminadas e ventiladas. Em um terreno extremamente restrito, o escrit\u00f3rio desenvolveu um projeto compacto e vertical, liberando o centro do lote para o p\u00e1tio da educa\u00e7\u00e3o infantil, enquanto os p\u00e1tios da escola fundamental e os jardins pedag\u00f3gicos se desdobram em patamares at\u00e9 a cobertura. A pedido da Prefeitura, um equipamento esportivo no rooftop \u2014 meia quadra de basquete, pista de atletismo e uma malha t\u00eaxtil que remete \u00e0 vela de um catamar\u00e3 \u2014 completa o programa e se afirma como um verdadeiro espa\u00e7o de encontro para o bairro.<\/p>\n<p><a class=\"js-image-size__link lazy-anchor\" href=\"https:\/\/www.archdaily.com.br\/br\/1037381\/escola-les-fabriques-brenac-and-gonzalez-and-associes\/694459b29d4ebd00013bbcd9-les-fabriques-school-brenac-and-gonzalez-and-associes-photo\" rel=\"nofollow noopener\" target=\"_blank\"><img decoding=\"async\" alt=\"Escola Les Fabriques \/ Brenac &amp; Gonzalez &amp; Associ\u00e9s - Fotografia de Interiores, Madeira, Ilumina\u00e7\u00e3o, Vidro\" data-nr-picture-id=\"694459b29d4ebd00013bbcd9\" height=\"427\" itemprop=\"image\" loading=\"lazy\" longdesc=\"https:\/\/www.archdaily.com.br\/br\/1037381\/escola-les-fabriques-brenac-and-gonzalez-and-associes\/694459b29d4ebd00013bbcd9-les-fabriques-school-brenac-and-gonzalez-and-associes-photo\" src=\"https:\/\/www.europesays.com\/pt\/wp-content\/uploads\/2026\/01\/photo-SG-2025--BRENAC-GONZALEZ--ecole--marseille--IMP-A-028.jpg\" width=\"640\"\/>\u00a9 Sergio Grazia<\/a><\/p>\n<p>A escola \u00e9 concebida como um \u201cedif\u00edcio-paisagem\u201d, uma enseada urbana que combina pedra, vegeta\u00e7\u00e3o e luz. Uma base mineral acompanha a topografia, enquanto volumes maci\u00e7os se articulam em uma composi\u00e7\u00e3o quase cicl\u00f3pica. Entre eles, interst\u00edcios acolhem a vegeta\u00e7\u00e3o e m\u00faltiplos espa\u00e7os ao ar livre: salas de aula externas, um teatro a c\u00e9u aberto e jardins onde aves encontram abrigo para nidificar. Essa morfologia responde tanto \u00e0s necessidades pedag\u00f3gicas quanto \u00e0s condi\u00e7\u00f5es clim\u00e1ticas de <a href=\"https:\/\/www.archdaily.com.br\/br\/tag\/marselha\" rel=\"nofollow noopener\" target=\"_blank\">Marselha<\/a>, marcadas pelos ventos do mistral, pela intensa insola\u00e7\u00e3o e por recorrentes ondas de calor, incluindo a do ver\u00e3o de 2025. Nessa \u00e1rea sens\u00edvel dos distritos ao norte, a escola atua simultaneamente como marco urbano e ref\u00fagio \u2014 um lugar protetor que garante calma, circula\u00e7\u00f5es leg\u00edveis e seguran\u00e7a.<\/p>\n<p><a class=\"js-image-size__link lazy-anchor\" href=\"https:\/\/www.archdaily.com.br\/br\/1037381\/escola-les-fabriques-brenac-and-gonzalez-and-associes\/694459b39d4ebd00013bbce6-les-fabriques-school-brenac-and-gonzalez-and-associes-plan-ground-floor\" rel=\"nofollow noopener\" target=\"_blank\"><img decoding=\"async\" alt=\"Escola Les Fabriques \/ Brenac &amp; Gonzalez &amp; Associ\u00e9s - Imagem 26 de 37\" data-nr-picture-id=\"694459b39d4ebd00013bbce6\" height=\"427\" itemprop=\"image\" loading=\"lazy\" longdesc=\"https:\/\/www.archdaily.com.br\/br\/1037381\/escola-les-fabriques-brenac-and-gonzalez-and-associes\/694459b39d4ebd00013bbce6-les-fabriques-school-brenac-and-gonzalez-and-associes-plan-ground-floor\" src=\"https:\/\/www.europesays.com\/pt\/wp-content\/uploads\/2026\/01\/MARSEILLE_-_LES_FABRIQUES_-_MONOGRAPHIE_-_Plan_RDC_copie.jpg\" width=\"640\"\/>Planta &#8211; T\u00e9rreo<\/a><\/p>\n<p>A pedra maci\u00e7a desempenha um papel decisivo: extra\u00edda da pedreira de Beaulieu, ela oferece in\u00e9rcia t\u00e9rmica e durabilidade a longo prazo. Seus balan\u00e7os filtram a luz solar e atenuam os ganhos t\u00e9rmicos, criando uma atmosfera suave e est\u00e1vel nas salas de aula e nos corredores. Como observa o arquiteto respons\u00e1vel Arnaud Ladauge: \u201cToda a envolt\u00f3ria \u00e9 feita de pedra maci\u00e7a\u2026 blocos entre 20 e 45 cent\u00edmetros de espessura. Foi emocionante pensar que eles permanecer\u00e3o como a pele permanente do edif\u00edcio ao longo de toda a sua vida \u00fatil.\u201d<\/p>\n<p><a class=\"js-image-size__link lazy-anchor\" href=\"https:\/\/www.archdaily.com.br\/br\/1037381\/escola-les-fabriques-brenac-and-gonzalez-and-associes\/694459b39d4ebd00013bbcdd-les-fabriques-school-brenac-and-gonzalez-and-associes-photo\" rel=\"nofollow noopener\" target=\"_blank\"><img decoding=\"async\" alt=\"Escola Les Fabriques \/ Brenac &amp; Gonzalez &amp; Associ\u00e9s - Fotografia de Interiores, Sala de Jantar, Madeira, Vidro, Cadeira\" data-nr-picture-id=\"694459b39d4ebd00013bbcdd\" height=\"427\" itemprop=\"image\" loading=\"lazy\" longdesc=\"https:\/\/www.archdaily.com.br\/br\/1037381\/escola-les-fabriques-brenac-and-gonzalez-and-associes\/694459b39d4ebd00013bbcdd-les-fabriques-school-brenac-and-gonzalez-and-associes-photo\" src=\"https:\/\/www.europesays.com\/pt\/wp-content\/uploads\/2026\/01\/1767976994_447_photo-SG-2025--BRENAC-GONZALEZ--ecole--marseille--IMP-A-017.jpg\" width=\"640\"\/>\u00a9 Sergio Grazia<\/a><a class=\"js-image-size__link lazy-anchor\" href=\"https:\/\/www.archdaily.com.br\/br\/1037381\/escola-les-fabriques-brenac-and-gonzalez-and-associes\/694459b39d4ebd00013bbcdc-les-fabriques-school-brenac-and-gonzalez-and-associes-photo\" rel=\"nofollow noopener\" target=\"_blank\"><img decoding=\"async\" alt=\"Escola Les Fabriques \/ Brenac &amp; Gonzalez &amp; Associ\u00e9s - Imagem 11 de 37\" data-nr-picture-id=\"694459b39d4ebd00013bbcdc\" height=\"427\" itemprop=\"image\" loading=\"lazy\" longdesc=\"https:\/\/www.archdaily.com.br\/br\/1037381\/escola-les-fabriques-brenac-and-gonzalez-and-associes\/694459b39d4ebd00013bbcdc-les-fabriques-school-brenac-and-gonzalez-and-associes-photo\" src=\"https:\/\/www.europesays.com\/pt\/wp-content\/uploads\/2026\/01\/photo-SG-2025--BRENAC-GONZALEZ--ecole--marseille--IMP-A-023.jpg\" width=\"640\"\/>\u00a9 Sergio Grazia<\/a><\/p>\n<p>Essa aten\u00e7\u00e3o \u00e0 experi\u00eancia sensorial se manifesta em detalhes como a linha cont\u00ednua de cabideiros, inspirada em Osvaldo Cavandoli \u2014 um fio de Ariadne l\u00fadico que guia as crian\u00e7as pelo edif\u00edcio. Como explica o s\u00f3cio Jean-Pierre L\u00e9v\u00eaque: \u201cPara n\u00f3s, \u00e9 evidente que o prazer que sentimos ao projetar deve se refletir na forma como as crian\u00e7as e as equipes pedag\u00f3gicas habitam o edif\u00edcio.\u201d<\/p>\n<p><a class=\"js-image-size__link lazy-anchor\" href=\"https:\/\/www.archdaily.com.br\/br\/1037381\/escola-les-fabriques-brenac-and-gonzalez-and-associes\/694459b39d4ebd00013bbcf0-les-fabriques-school-brenac-and-gonzalez-and-associes-section-a\" rel=\"nofollow noopener\" target=\"_blank\"><img decoding=\"async\" alt=\"Escola Les Fabriques \/ Brenac &amp; Gonzalez &amp; Associ\u00e9s - Imagem 30 de 37\" data-nr-picture-id=\"694459b39d4ebd00013bbcf0\" height=\"427\" itemprop=\"image\" loading=\"lazy\" longdesc=\"https:\/\/www.archdaily.com.br\/br\/1037381\/escola-les-fabriques-brenac-and-gonzalez-and-associes\/694459b39d4ebd00013bbcf0-les-fabriques-school-brenac-and-gonzalez-and-associes-section-a\" src=\"https:\/\/www.europesays.com\/pt\/wp-content\/uploads\/2026\/01\/MARSEILLE_-_LES_FABRIQUES_-_MONOGRAPHIE_-_Coupe_AA_copie.jpg\" width=\"640\"\/>Se\u00e7\u00e3o A<\/a><\/p>\n<p>O projeto \u00e9 tamb\u00e9m resultado de uma parceria de confian\u00e7a com a Eurom\u00e9diterran\u00e9e e a Prefeitura de <a href=\"https:\/\/www.archdaily.com.br\/br\/tag\/marselha\" rel=\"nofollow noopener\" target=\"_blank\">Marselha<\/a>, que apoiaram a incorpora\u00e7\u00e3o de novas demandas, como o equipamento esportivo na cobertura, e incentivaram a experimenta\u00e7\u00e3o do escrit\u00f3rio com m\u00e9todos construtivos inovadores. Como recorda Julien Gonin: \u201cTrabalhamos de m\u00e3os dadas com a Euromed, em especial com C\u00e9cile Elbaz.\u201d<\/p>\n<p><a class=\"js-image-size__link lazy-anchor\" href=\"https:\/\/www.archdaily.com.br\/br\/1037381\/escola-les-fabriques-brenac-and-gonzalez-and-associes\/694459b39d4ebd00013bbce0-les-fabriques-school-brenac-and-gonzalez-and-associes-photo\" rel=\"nofollow noopener\" target=\"_blank\"><img decoding=\"async\" alt=\"Escola Les Fabriques \/ Brenac &amp; Gonzalez &amp; Associ\u00e9s - Fotografia de Interiores\" data-nr-picture-id=\"694459b39d4ebd00013bbce0\" height=\"427\" itemprop=\"image\" loading=\"lazy\" longdesc=\"https:\/\/www.archdaily.com.br\/br\/1037381\/escola-les-fabriques-brenac-and-gonzalez-and-associes\/694459b39d4ebd00013bbce0-les-fabriques-school-brenac-and-gonzalez-and-associes-photo\" src=\"https:\/\/www.europesays.com\/pt\/wp-content\/uploads\/2026\/01\/1767976995_645_photo-SG-2025--BRENAC-GONZALEZ--ecole--marseille--IMP-A-010.jpg\" width=\"640\"\/>\u00a9 Sergio Grazia<\/a><\/p>\n<p>A Prefeitura destaca ainda o car\u00e1ter compartilhado do edif\u00edcio: a escola pode receber associa\u00e7\u00f5es e moradores fora do hor\u00e1rio escolar e participar da iniciativa \u201c\u00c0 nous les toits\u201d. Com seu desenho compacto, sistema estrutural h\u00edbrido de pedra e concreto, resili\u00eancia clim\u00e1tica e forte enraizamento local, Les Fabriques \u00e9 muito mais do que uma escola funcional: torna-se uma paisagem protetora e aberta, onde educa\u00e7\u00e3o, clima e poesia convergem para oferecer \u00e0s crian\u00e7as um ambiente de aprendizado profundamente sintonizado com <a href=\"https:\/\/www.archdaily.com.br\/br\/tag\/marselha\" rel=\"nofollow noopener\" target=\"_blank\">Marselha<\/a> \u2014 uma cidade densa e banhada de sol.<\/p>\n<p><a class=\"js-image-size__link lazy-anchor\" href=\"https:\/\/www.archdaily.com.br\/br\/1037381\/escola-les-fabriques-brenac-and-gonzalez-and-associes\/694459b19d4ebd00013bbcd0-les-fabriques-school-brenac-and-gonzalez-and-associes-photo\" rel=\"nofollow noopener\" target=\"_blank\"><img decoding=\"async\" alt=\"Escola Les Fabriques \/ Brenac &amp; Gonzalez &amp; Associ\u00e9s - Fotografia de Exterior\" data-nr-picture-id=\"694459b19d4ebd00013bbcd0\" height=\"427\" itemprop=\"image\" loading=\"lazy\" longdesc=\"https:\/\/www.archdaily.com.br\/br\/1037381\/escola-les-fabriques-brenac-and-gonzalez-and-associes\/694459b19d4ebd00013bbcd0-les-fabriques-school-brenac-and-gonzalez-and-associes-photo\" src=\"https:\/\/www.europesays.com\/pt\/wp-content\/uploads\/2026\/01\/photo-SG-2025--BRENAC-GONZALEZ--ecole--marseille--IMP-A-058a.jpg\" width=\"640\"\/>\u00a9 Sergio Grazia<\/a><script async src=\"https:\/\/platform.twitter.com\/widgets.js\" charset=\"utf-8\"><\/script><\/p>\n","protected":false},"excerpt":{"rendered":"\u00a9 Sergio Grazia + 32 Compartilhar Compartilhar Facebook Twitter Mail Pinterest Whatsapp Ou https:\/\/www.archdaily.com.br\/br\/1037381\/escola-les-fabriques-brenac-and-gonzalez-and-associes \u00c1rea \u00c1rea deste projeto&hellip;\n","protected":false},"author":2,"featured_media":222330,"comment_status":"","ping_status":"","sticky":false,"template":"","format":"standard","meta":{"footnotes":""},"categories":[144],"tags":[304,13707,207,205,206,203,201,202,204,114,115,2859,11656,32,33],"class_list":{"0":"post-222329","1":"post","2":"type-post","3":"status-publish","4":"format-standard","5":"has-post-thumbnail","7":"category-arte-e-design","8":"tag-arquitetura","9":"tag-arquitetura-educacional","10":"tag-arte","11":"tag-arte-e-design","12":"tag-artedesign","13":"tag-arts","14":"tag-arts-and-design","15":"tag-artsanddesign","16":"tag-design","17":"tag-entertainment","18":"tag-entretenimento","19":"tag-escolas","20":"tag-marselha","21":"tag-portugal","22":"tag-pt"},"share_on_mastodon":{"url":"https:\/\/pubeurope.com\/@pt\/115866147671490862","error":""},"_links":{"self":[{"href":"https:\/\/www.europesays.com\/pt\/wp-json\/wp\/v2\/posts\/222329","targetHints":{"allow":["GET"]}}],"collection":[{"href":"https:\/\/www.europesays.com\/pt\/wp-json\/wp\/v2\/posts"}],"about":[{"href":"https:\/\/www.europesays.com\/pt\/wp-json\/wp\/v2\/types\/post"}],"author":[{"embeddable":true,"href":"https:\/\/www.europesays.com\/pt\/wp-json\/wp\/v2\/users\/2"}],"replies":[{"embeddable":true,"href":"https:\/\/www.europesays.com\/pt\/wp-json\/wp\/v2\/comments?post=222329"}],"version-history":[{"count":0,"href":"https:\/\/www.europesays.com\/pt\/wp-json\/wp\/v2\/posts\/222329\/revisions"}],"wp:featuredmedia":[{"embeddable":true,"href":"https:\/\/www.europesays.com\/pt\/wp-json\/wp\/v2\/media\/222330"}],"wp:attachment":[{"href":"https:\/\/www.europesays.com\/pt\/wp-json\/wp\/v2\/media?parent=222329"}],"wp:term":[{"taxonomy":"category","embeddable":true,"href":"https:\/\/www.europesays.com\/pt\/wp-json\/wp\/v2\/categories?post=222329"},{"taxonomy":"post_tag","embeddable":true,"href":"https:\/\/www.europesays.com\/pt\/wp-json\/wp\/v2\/tags?post=222329"}],"curies":[{"name":"wp","href":"https:\/\/api.w.org\/{rel}","templated":true}]}}