{"id":222395,"date":"2026-01-09T17:34:07","date_gmt":"2026-01-09T17:34:07","guid":{"rendered":"https:\/\/www.europesays.com\/pt\/222395\/"},"modified":"2026-01-09T17:34:07","modified_gmt":"2026-01-09T17:34:07","slug":"bill-gates-paga-quantia-astronomica-a-ex-mulher-no-processo-de-divorcio","status":"publish","type":"post","link":"https:\/\/www.europesays.com\/pt\/222395\/","title":{"rendered":"Bill Gates paga quantia astron\u00f3mica \u00e0 ex-mulher no processo de div\u00f3rcio"},"content":{"rendered":"<p>Bill Gates doou quase oito mil milh\u00f5es de d\u00f3lares (cerca de \u20ac6,7 mil milh\u00f5es) para a funda\u00e7\u00e3o privada de Melinda French Gates como parte do acordo de div\u00f3rcio entre os dois, uma das maiores contribui\u00e7\u00f5es de caridade j\u00e1 registadas publicamente, avan\u00e7a esta sexta-feira o New York Times.<\/p>\n<p>\u00c9 esse o valor astron\u00f3mico que consta numa nova declara\u00e7\u00e3o fiscal analisada por Theodore Schleifer, do The Times, que mostra os primeiros termos financeiros espec\u00edficos da separa\u00e7\u00e3o do casal em 2021, seguida pela separa\u00e7\u00e3o dos seus projetos filantr\u00f3picos em 2024.<\/p>\n<p>De acordo com o documento, Gates fez uma doa\u00e7\u00e3o de 7,88 mil milh\u00f5es de d\u00f3lares em 2024 para uma funda\u00e7\u00e3o relativamente nova criada por French Gates, designada Pivotal Philanthropies Foundation.<\/p>\n<p>Quando French Gates anunciou, em maio de 2024, que se demitiria do cargo de copresidente da Funda\u00e7\u00e3o Bill e Melinda Gates, sugeriu que o multimilion\u00e1rio doaria 12,5 mil milh\u00f5es para os seus projetos, de modo a melhorar a vida das pessoas.<\/p>\n<p>Por\u00e9m, os termos precisos da divis\u00e3o filantr\u00f3pica entre os dois n\u00e3o foram divulgados publicamente, pelo que a declara\u00e7\u00e3o de impostos recentemente divulgada \u00e9 a primeira a ser tornado p\u00fablica.<\/p>\n<p>Os registos fiscais de 2025, que s\u00f3 ser\u00e3o divulgados no final de 2026, poder\u00e3o revelar o saldo que French Gates afirmou que seria destinado ao seu trabalho filantr\u00f3pico \u2014 cerca de 4,6 mil milh\u00f5es de d\u00f3lares. Tamb\u00e9m \u00e9 poss\u00edvel, escreve a mesma fonte, que parte desse dinheiro aparentemente desaparecido n\u00e3o tenha sido doado a uma funda\u00e7\u00e3o de caridade, mas a uma entidade, como a empresa de responsabilidade limitada de French Gates, a Pivotal Ventures, que n\u00e3o apresenta declara\u00e7\u00e3o de impostos.<\/p>\n","protected":false},"excerpt":{"rendered":"Bill Gates doou quase oito mil milh\u00f5es de d\u00f3lares (cerca de \u20ac6,7 mil milh\u00f5es) para a funda\u00e7\u00e3o privada&hellip;\n","protected":false},"author":2,"featured_media":222396,"comment_status":"","ping_status":"","sticky":false,"template":"","format":"standard","meta":{"footnotes":""},"categories":[83],"tags":[88,89,90,32,33],"class_list":{"0":"post-222395","1":"post","2":"type-post","3":"status-publish","4":"format-standard","5":"has-post-thumbnail","7":"category-empresas","8":"tag-business","9":"tag-economy","10":"tag-empresas","11":"tag-portugal","12":"tag-pt"},"share_on_mastodon":{"url":"https:\/\/pubeurope.com\/@pt\/115866348125023643","error":""},"_links":{"self":[{"href":"https:\/\/www.europesays.com\/pt\/wp-json\/wp\/v2\/posts\/222395","targetHints":{"allow":["GET"]}}],"collection":[{"href":"https:\/\/www.europesays.com\/pt\/wp-json\/wp\/v2\/posts"}],"about":[{"href":"https:\/\/www.europesays.com\/pt\/wp-json\/wp\/v2\/types\/post"}],"author":[{"embeddable":true,"href":"https:\/\/www.europesays.com\/pt\/wp-json\/wp\/v2\/users\/2"}],"replies":[{"embeddable":true,"href":"https:\/\/www.europesays.com\/pt\/wp-json\/wp\/v2\/comments?post=222395"}],"version-history":[{"count":0,"href":"https:\/\/www.europesays.com\/pt\/wp-json\/wp\/v2\/posts\/222395\/revisions"}],"wp:featuredmedia":[{"embeddable":true,"href":"https:\/\/www.europesays.com\/pt\/wp-json\/wp\/v2\/media\/222396"}],"wp:attachment":[{"href":"https:\/\/www.europesays.com\/pt\/wp-json\/wp\/v2\/media?parent=222395"}],"wp:term":[{"taxonomy":"category","embeddable":true,"href":"https:\/\/www.europesays.com\/pt\/wp-json\/wp\/v2\/categories?post=222395"},{"taxonomy":"post_tag","embeddable":true,"href":"https:\/\/www.europesays.com\/pt\/wp-json\/wp\/v2\/tags?post=222395"}],"curies":[{"name":"wp","href":"https:\/\/api.w.org\/{rel}","templated":true}]}}