{"id":222411,"date":"2026-01-09T17:45:07","date_gmt":"2026-01-09T17:45:07","guid":{"rendered":"https:\/\/www.europesays.com\/pt\/222411\/"},"modified":"2026-01-09T17:45:07","modified_gmt":"2026-01-09T17:45:07","slug":"df-libera-100-mil-doses-da-vacina-contra-gripe-diante-do-aumento-de-casos-graves","status":"publish","type":"post","link":"https:\/\/www.europesays.com\/pt\/222411\/","title":{"rendered":"DF libera 100 mil doses da vacina contra gripe diante do aumento de casos graves"},"content":{"rendered":"<p>Diante do crescimento expressivo de casos graves e mortes por influenza no in\u00edcio de 2026, a Secretaria de Sa\u00fade do Distrito Federal (SES-DF) decidiu ampliar a vacina\u00e7\u00e3o contra a gripe para toda a popula\u00e7\u00e3o. A medida busca reduzir interna\u00e7\u00f5es e evitar \u00f3bitos em um cen\u00e1rio de baixa cobertura vacinal entre os grupos priorit\u00e1rios.<\/p>\n<p>O imunizante segue dispon\u00edvel at\u00e9 o dia 31 de janeiro, com cerca de 100 mil doses nas <a href=\"https:\/\/www.brasildefato.com.br\/2024\/06\/22\/falta-de-profissionais-compromete-funcionamento-das-unidades-basicas-de-saude-no-df\/\" title=\"Falta de profissionais compromete funcionamento das Unidades B\u00e1sicas de Sa\u00fade no DF\" rel=\"nofollow noopener\" target=\"_blank\">Unidades B\u00e1sicas de Sa\u00fade (UBSs).<\/a> Para se vacinar, \u00e9 necess\u00e1rio apresentar documento oficial com foto. A caderneta de vacina\u00e7\u00e3o \u00e9 recomendada, mas n\u00e3o obrigat\u00f3ria.<\/p>\n<p>A decis\u00e3o reflete um cen\u00e1rio epidemiol\u00f3gico considerado preocupante pelas autoridades sanit\u00e1rias. Em 2025, foram contabilizados 8.084 casos de <a href=\"https:\/\/www.brasildefato.com.br\/2025\/12\/18\/gripe-k-nao-ha-motivo-para-alarme-afirma-especialista-do-instituto-oswaldo-cruz\/\" title=\"Gripe K: \u2018N\u00e3o h\u00e1 motivo para alarme\u2019, afirma especialista do Instituto Oswaldo Cruz\" rel=\"nofollow noopener\" target=\"_blank\">S\u00edndrome Respirat\u00f3ria Aguda Grave (SRAG)<\/a> entre moradores do DF. Desses, 1.421, o equivalente a 18%, tiveram a influenza como agente causador, representando um aumento de 146% em compara\u00e7\u00e3o com todo o ano anterior.<\/p>\n<p>No mesmo per\u00edodo, foram notificados 61 \u00f3bitos por SRAG causada por influenza, n\u00famero superior ao observado para outros v\u00edrus respirat\u00f3rios em circula\u00e7\u00e3o. <\/p>\n<p>Outro fator determinante foi a baixa cobertura vacinal registrada em 2025, inclusive entre os grupos priorit\u00e1rios definidos pelo Minist\u00e9rio da Sa\u00fade. As gestantes apresentaram cobertura de apenas 26,4%, enquanto crian\u00e7as menores de seis anos alcan\u00e7aram 53%, e idosos 57,7%, todos abaixo da meta m\u00ednima de 90%. Ao todo, 542.313 doses foram aplicadas no DF no \u00faltimo ano, sendo a maioria destinada a pessoas fora dos grupos priorit\u00e1rios.<\/p>\n<p>Nova variante refor\u00e7a import\u00e2ncia da vacina\u00e7\u00e3o<\/p>\n<p>Segundo a SES-DF, o principal motivo para a libera\u00e7\u00e3o da vacina \u00e9 a circula\u00e7\u00e3o da nova variante do v\u00edrus influenza A(H3N2) J.2.4.1, j\u00e1 identificada no Brasil. A cepa tem sido associada \u00e0 antecipa\u00e7\u00e3o da temporada de influenza em diferentes regi\u00f5es do mundo.\u00a0<\/p>\n<p>Mesmo diante das diferen\u00e7as gen\u00e9ticas entre os v\u00edrus em circula\u00e7\u00e3o e as cepas contempladas na vacina deste ano, a Secretaria de Sa\u00fade destaca que a <a href=\"https:\/\/www.brasildefato.com.br\/2026\/01\/08\/aplicacao-da-vacina-da-dengue-do-butantan-comecara-a-partir-do-dia-17\/\" title=\"Aplica\u00e7\u00e3o da vacina da dengue do Butantan come\u00e7ar\u00e1 a partir do dia 17\" rel=\"nofollow noopener\" target=\"_blank\">imuniza\u00e7\u00e3o continua sendo uma ferramenta eficaz de prote\u00e7\u00e3o<\/a>. A vacina \u00e9 especialmente relevante na preven\u00e7\u00e3o de formas graves da doen\u00e7a e hospitaliza\u00e7\u00f5es.<\/p>\n<p>A vacina disponibilizada pelo Sistema \u00danico de Sa\u00fade (SUS) protege contra tr\u00eas cepas do v\u00edrus influenza: A (H1N1) pdm09, A (H3N2) e influenza B (linhagem Victoria). Segundo a Secretaria de Sa\u00fade, a prote\u00e7\u00e3o conferida pelo imunizante dura cerca de 12 meses, com redu\u00e7\u00e3o gradual da resposta imunol\u00f3gica, sobretudo em idosos e pessoas imunodeprimidas, o que refor\u00e7a a import\u00e2ncia da vacina\u00e7\u00e3o anual.<\/p>\n<p>::\u00a0<a href=\"https:\/\/chat.whatsapp.com\/IO8p80ITubJAmsMOJLw3pb\" target=\"_blank\" rel=\"noreferrer noopener nofollow\">Clique aqui para receber not\u00edcias do Brasil de Fato DF no seu Whatsapp<\/a>\u00a0::<\/p>\n","protected":false},"excerpt":{"rendered":"Diante do crescimento expressivo de casos graves e mortes por influenza no in\u00edcio de 2026, a Secretaria de&hellip;\n","protected":false},"author":2,"featured_media":222412,"comment_status":"","ping_status":"","sticky":false,"template":"","format":"standard","meta":{"footnotes":""},"categories":[86],"tags":[116,32,33,117],"class_list":{"0":"post-222411","1":"post","2":"type-post","3":"status-publish","4":"format-standard","5":"has-post-thumbnail","7":"category-saude","8":"tag-health","9":"tag-portugal","10":"tag-pt","11":"tag-saude"},"share_on_mastodon":{"url":"https:\/\/pubeurope.com\/@pt\/115866391207572786","error":""},"_links":{"self":[{"href":"https:\/\/www.europesays.com\/pt\/wp-json\/wp\/v2\/posts\/222411","targetHints":{"allow":["GET"]}}],"collection":[{"href":"https:\/\/www.europesays.com\/pt\/wp-json\/wp\/v2\/posts"}],"about":[{"href":"https:\/\/www.europesays.com\/pt\/wp-json\/wp\/v2\/types\/post"}],"author":[{"embeddable":true,"href":"https:\/\/www.europesays.com\/pt\/wp-json\/wp\/v2\/users\/2"}],"replies":[{"embeddable":true,"href":"https:\/\/www.europesays.com\/pt\/wp-json\/wp\/v2\/comments?post=222411"}],"version-history":[{"count":0,"href":"https:\/\/www.europesays.com\/pt\/wp-json\/wp\/v2\/posts\/222411\/revisions"}],"wp:featuredmedia":[{"embeddable":true,"href":"https:\/\/www.europesays.com\/pt\/wp-json\/wp\/v2\/media\/222412"}],"wp:attachment":[{"href":"https:\/\/www.europesays.com\/pt\/wp-json\/wp\/v2\/media?parent=222411"}],"wp:term":[{"taxonomy":"category","embeddable":true,"href":"https:\/\/www.europesays.com\/pt\/wp-json\/wp\/v2\/categories?post=222411"},{"taxonomy":"post_tag","embeddable":true,"href":"https:\/\/www.europesays.com\/pt\/wp-json\/wp\/v2\/tags?post=222411"}],"curies":[{"name":"wp","href":"https:\/\/api.w.org\/{rel}","templated":true}]}}