{"id":222417,"date":"2026-01-09T17:49:07","date_gmt":"2026-01-09T17:49:07","guid":{"rendered":"https:\/\/www.europesays.com\/pt\/222417\/"},"modified":"2026-01-09T17:49:07","modified_gmt":"2026-01-09T17:49:07","slug":"estados-membros-da-ue-dao-luz-verde-a-acordo-com-mercosul-observador","status":"publish","type":"post","link":"https:\/\/www.europesays.com\/pt\/222417\/","title":{"rendered":"Estados-membros da UE d\u00e3o luz verde a acordo com Mercosul \u2013 Observador"},"content":{"rendered":"<p>A maioria dos Estados-membros da Uni\u00e3o Europeia deram, esta sexta-feira, luz verde ao acordo de livre com\u00e9rcio entre a Uni\u00e3o Europeia e o Mercosul, ap\u00f3s 25 anos de negocia\u00e7\u00f5es, avan\u00e7a a <a href=\"https:\/\/www.bfmtv.com\/economie\/economie-social\/union-europeenne\/malgre-l-opposition-de-la-france-les-ambassadeurs-des-pays-de-l-ue-approuvent-l-accord-de-libre-echange-avec-le-mercosur_AD-202601090512.html\" rel=\"nofollow noopener\" target=\"_blank\">imprensa francesa<\/a>. O documento ser\u00e1 assinado na pr\u00f3xima segunda-feira, dia 12 de janeiro, no Paraguai.<\/p>\n<p>A proposta de acordo foi aprovada pela maioria dos Estados-membros da Uni\u00e3o Europeia, contando com votos contra de Fran\u00e7a, Pol\u00f3nia, \u00c1ustria, Irlanda e Hungria e a absten\u00e7\u00e3o da B\u00e9lgica, n\u00e3o tendo sido formada uma minoria de bloqueio representando 65% da popula\u00e7\u00e3o da UE. Se nenhum pa\u00eds se juntar entretanto ao lado dos \u201ccontra\u201d, o procedimento escrito \u00e9 encerrado com a aprova\u00e7\u00e3o do acordo.<\/p>\n<p>O Presidente franc\u00eas j\u00e1 tinha anunciado, nesta quinta-feira, que iria votar contra a assinatura do acordo entre a UE e os pa\u00edses do Mercosul, destacando \u201c.uma rejei\u00e7\u00e3o pol\u00edtica un\u00e2nime\u201d. Confrontado com a <a href=\"https:\/\/observador.pt\/2026\/01\/08\/agricultores-e-cerca-de-100-tratores-furam-barreiras-em-paris-contra-acordo-com-mercosul\/\" rel=\"nofollow noopener\" target=\"_blank\">press\u00e3o dos agricultores que se manifestaram durante o dia em Paris<\/a>, Emmanuel Macron salientou que \u201cFran\u00e7a \u00e9 favor\u00e1vel ao com\u00e9rcio internacional, mas o acordo UE-Mercosul \u00e9 um acordo de outra \u00e9poca, negociado h\u00e1 demasiado tempo com base em fundamentos demasiado antigos\u201d.<\/p>\n<p>A fim de refor\u00e7ar a UE e garantir que o bloco possa reagir rapidamente a perturba\u00e7\u00f5es do mercado, o acordo implica uma cla\u00fasula de salvaguarda (um \u201ctrav\u00e3o de emerg\u00eancia\u201d), com uma redu\u00e7\u00e3o de 8% para 5% nas varia\u00e7\u00f5es de pre\u00e7os em caso de desestabiliza\u00e7\u00e3o do mercado na Europa, mas tamb\u00e9m medidas de reciprocidade nas condi\u00e7\u00f5es de produ\u00e7\u00e3o, nomeadamente ambientais, e controlos refor\u00e7ados.<\/p>\n<p>As negocia\u00e7\u00f5es para criar uma das maiores zonas de livre-com\u00e9rcio do mundo come\u00e7aram em 1999, lideradas pela Comiss\u00e3o Europeia, que tutela a pol\u00edtica comercial do bloco, e estiveram estagnadas durante anos, mas a pol\u00edtica comercial dos Estados Unidos acabou por dar for\u00e7a ao acordo, dada necessidade de procura de novos parceiros pela UE. Em 2019 foi anunciado um acordo pol\u00edtico em Bruxelas, mas o processo de ratifica\u00e7\u00e3o pelos Estados-membros nunca chegou a avan\u00e7ar.<\/p>\n<p>O ministro da Agricultura aplaudiu esta sexta-feira o acordo entre a Uni\u00e3o Europeia e o Mercosul e destacou o \u201cimpacto important\u00edssimo\u201d para Portugal, que poder\u00e1 agora saldar o d\u00e9fice com este mercado.<\/p>\n<p>\u201cTemos [UE] um acordo com o Mercosul em vias de aprova\u00e7\u00e3o. Regozijo-me com esta aprova\u00e7\u00e3o dos Estados-membros. Quando estive no Parlamento Europeu, estive muito empenhado na concretiza\u00e7\u00e3o deste acordo, que considero muito positivo para a Uni\u00e3o Europeia, Mercosul e Portugal\u201d, afirmou o ministro da Agricultura e Mar, Jos\u00e9 Manuel Fernandes, em declara\u00e7\u00e3o aos jornalistas, em Lisboa.<\/p>\n<p>O governante sublinhou que, face \u00e0 situa\u00e7\u00e3o geopol\u00edtica, este acordo \u00e9 essencial, destacando \u201cgrandes oportunidades\u201d para produtos como o vinho, azeite e queijo.<\/p>\n<p>Jos\u00e9 Manuel Fernandes lembrou que existe um d\u00e9fice de 500 milh\u00f5es de euros na balan\u00e7a comercial em rela\u00e7\u00e3o ao Mercosul e que este acordo vai permitir saldar esse valor. \u201cPassaremos a ter uma influ\u00eancia redobrada n\u00e3o s\u00f3 na Am\u00e9rica Latina, como em \u00c1frica\u201d, apontou.<\/p>\n<p>Questionado sobre a possibilidade de Portugal atingir um super\u00e1vite, o antigo eurodeputado considerou ser poss\u00edvel, tendo em conta que o pa\u00eds tem \u201cexcelentes empresas\u201d que t\u00eam feito o seu trabalho, mas ressalvou que este acordo \u00e9 tamb\u00e9m um desafio e que \u00e9 preciso que o pa\u00eds seja ainda mais proativo.<\/p>\n<p>J\u00e1 sobre as manifesta\u00e7\u00f5es que t\u00eam decorrido, em particular, em Bruxelas, a prop\u00f3sito deste acordo, Jos\u00e9 Manuel Fernandes desvalorizou e disse que muitos dos protestos ocorreram, sobretudo, perante a proposta para a pr\u00f3xima Pol\u00edtica Agr\u00edcola Comum (PAC).<\/p>\n<p>Sobre este ponto, o ministro referiu que Portugal tamb\u00e9m se manifestou contra a proposta de Bruxelas e que tem trabalhado para esta seja melhorada. \u201cPortugal, em termos nominais, j\u00e1 tem praticamente o mesmo que tinha no anterior quadro financeiro\u201d, rematou.<\/p>\n<p>V\u00e1rios grupos de agricultores bloquearam esta sexta-feira diversas estradas em Fran\u00e7a, sobretudo perto das fronteiras com a B\u00e9lgica e a Espanha e nos arredores de Paris, em protesto contra o acordo comercial entre a Uni\u00e3o Europeia e o Mercosul.<\/p>\n<p>Segundo a emissora ICI, no sudoeste da Fran\u00e7a, um dos grupos estava desde antes da meia-noite no cruzamento das rodovias A63 e A64, que ligam Bord\u00e9us \u00e0 fronteira espanhola atrav\u00e9s do Pa\u00eds Basco.<\/p>\n<p>A A63 ficou completamente fechada entre as sa\u00eddas Bayonne Nord e Bayonne Sud, causando grandes congestionamentos.<\/p>\n<p>Na outra extremidade dos Piren\u00e9us, em Perpignan, uma a\u00e7\u00e3o semelhante aconteceu na rodovia A9, no sentido da Espanha, de acordo com o servi\u00e7o de informa\u00e7\u00f5es de tr\u00e2nsito Bison Fut\u00e9.<\/p>\n<p>No norte do pa\u00eds, agricultores franceses e belgas organizaram um bloqueio das rodovias A2 e A27 em dire\u00e7\u00e3o \u00e0 B\u00e9lgica, segundo a ICI Nord.<\/p>\n<p>Na regi\u00e3o de Paris, ativistas da Confedera\u00e7\u00e3o Campesina (CCC) realizaram um protesto \u201cem fila indiana\u201d com tratores, descreveu o sindicato num comunicado \u00e0 imprensa.<\/p>\n<p>O objetivo \u00e9 protestar contra o acordo UE-Mercosul (Brasil, Argentina, Uruguai e Paraguai), mas tamb\u00e9m contra o protocolo de crise da dermatose nodular contagiosa (DNC), uma doen\u00e7a viral que afeta principalmente gado bovino e esp\u00e9cies de ruminantes, transmitida por insetos.<\/p>\n<p>Em dezembro, especialmente no per\u00edodo que antecedeu o Natal, houve <a href=\"https:\/\/observador.pt\/2025\/12\/22\/agricultores-em-franca-mantem-protestos-apesar-de-menor-mobilizacao\/\" rel=\"nofollow noopener\" target=\"_blank\">bloqueios de autoestradas e estradas<\/a>, no sul de Fran\u00e7a, devido ao plano de conting\u00eancia para combate \u00e0 DNC, pois diversos sindicatos rejeitam o protocolo decidido pelo governo que obriga ao abate de todos os animais de uma explora\u00e7\u00e3o pecu\u00e1ria quando \u00e9 detetado um caso daquela doen\u00e7a.<\/p>\n","protected":false},"excerpt":{"rendered":"A maioria dos Estados-membros da Uni\u00e3o Europeia deram, esta sexta-feira, luz verde ao acordo de livre com\u00e9rcio entre&hellip;\n","protected":false},"author":2,"featured_media":222418,"comment_status":"","ping_status":"","sticky":false,"template":"","format":"standard","meta":{"footnotes":""},"categories":[50],"tags":[27,28,14190,476,445,15,16,14,25,26,21,22,62,12,13,19,20,23,24,17,18,29,30,31,554,63,64,65],"class_list":{"0":"post-222417","1":"post","2":"type-post","3":"status-publish","4":"format-standard","5":"has-post-thumbnail","7":"category-mundo","8":"tag-breaking-news","9":"tag-breakingnews","10":"tag-comissu00e3o-europeia","11":"tag-economia","12":"tag-europa","13":"tag-featured-news","14":"tag-featurednews","15":"tag-headlines","16":"tag-latest-news","17":"tag-latestnews","18":"tag-main-news","19":"tag-mainnews","20":"tag-mundo","21":"tag-news","22":"tag-noticias","23":"tag-noticias-principais","24":"tag-noticiasprincipais","25":"tag-principais-noticias","26":"tag-principaisnoticias","27":"tag-top-stories","28":"tag-topstories","29":"tag-ultimas","30":"tag-ultimas-noticias","31":"tag-ultimasnoticias","32":"tag-uniu00e3o-europeia","33":"tag-world","34":"tag-world-news","35":"tag-worldnews"},"share_on_mastodon":{"url":"https:\/\/pubeurope.com\/@pt\/115866406939228012","error":""},"_links":{"self":[{"href":"https:\/\/www.europesays.com\/pt\/wp-json\/wp\/v2\/posts\/222417","targetHints":{"allow":["GET"]}}],"collection":[{"href":"https:\/\/www.europesays.com\/pt\/wp-json\/wp\/v2\/posts"}],"about":[{"href":"https:\/\/www.europesays.com\/pt\/wp-json\/wp\/v2\/types\/post"}],"author":[{"embeddable":true,"href":"https:\/\/www.europesays.com\/pt\/wp-json\/wp\/v2\/users\/2"}],"replies":[{"embeddable":true,"href":"https:\/\/www.europesays.com\/pt\/wp-json\/wp\/v2\/comments?post=222417"}],"version-history":[{"count":0,"href":"https:\/\/www.europesays.com\/pt\/wp-json\/wp\/v2\/posts\/222417\/revisions"}],"wp:featuredmedia":[{"embeddable":true,"href":"https:\/\/www.europesays.com\/pt\/wp-json\/wp\/v2\/media\/222418"}],"wp:attachment":[{"href":"https:\/\/www.europesays.com\/pt\/wp-json\/wp\/v2\/media?parent=222417"}],"wp:term":[{"taxonomy":"category","embeddable":true,"href":"https:\/\/www.europesays.com\/pt\/wp-json\/wp\/v2\/categories?post=222417"},{"taxonomy":"post_tag","embeddable":true,"href":"https:\/\/www.europesays.com\/pt\/wp-json\/wp\/v2\/tags?post=222417"}],"curies":[{"name":"wp","href":"https:\/\/api.w.org\/{rel}","templated":true}]}}