{"id":222427,"date":"2026-01-09T17:57:11","date_gmt":"2026-01-09T17:57:11","guid":{"rendered":"https:\/\/www.europesays.com\/pt\/222427\/"},"modified":"2026-01-09T17:57:11","modified_gmt":"2026-01-09T17:57:11","slug":"foi-como-conhecer-um-rei-pedro-pascal-ainda-se-entusiasma-ao-falar-sobre-trabalhar-com-esse-mestre-da-direcao-noticias-de-cinema","status":"publish","type":"post","link":"https:\/\/www.europesays.com\/pt\/222427\/","title":{"rendered":"&#8220;Foi como conhecer um rei&#8221;: Pedro Pascal ainda se entusiasma ao falar sobre trabalhar com esse mestre da dire\u00e7\u00e3o &#8211; Not\u00edcias de cinema"},"content":{"rendered":"<p>H\u00e1 dois anos, Pedro Pascal estrelou um faroeste ao lado de Ethan Hawke, dirigido por uma lenda da dire\u00e7\u00e3o vencedora do Oscar. O encontro deixou uma marca duradoura nele.<\/p>\n<p class=\"bo-p\">2025 foi definitivamente o ano de <a href=\"https:\/\/www.adorocinema.com\/personalidades\/personalidade-213564\/\" class=\"bo-link\" rel=\"nofollow noopener\" target=\"_blank\">Pedro Pascal<\/a>: O ator de 50 anos n\u00e3o s\u00f3 foi celebrado em in\u00fameros artigos como o contraponto \u00e0 masculinidade t\u00f3xica, mas tamb\u00e9m esteve constantemente em toda parte \u2013 em todos os feeds de m\u00eddia social, nas telas de TV, na tela grande.<\/p>\n<p class=\"bo-p\">A 2\u00aa temporada de sua s\u00e9rie de sucesso <a href=\"https:\/\/www.adorocinema.com\/series\/serie-26316\/\" class=\"bo-link\" rel=\"nofollow noopener\" target=\"_blank\">The Last Of Us<\/a> estreou em abril, e, em seguida, Pascal p\u00f4de ser visto quatro vezes em grandes lan\u00e7amentos \u2013 na com\u00e9dia de a\u00e7\u00e3o <a href=\"https:\/\/www.adorocinema.com\/filmes\/filme-308298\/\" class=\"bo-link\" rel=\"nofollow noopener\" target=\"_blank\">Freaky Tales<\/a>, no blockbuster da Marvel <a href=\"https:\/\/www.adorocinema.com\/filmes\/filme-226116\/\" class=\"bo-link\" rel=\"nofollow noopener\" target=\"_blank\">Quarteto Fant\u00e1stico: Primeiros Passos<\/a>, na anti-com\u00e9dia rom\u00e2ntica <a href=\"https:\/\/www.adorocinema.com\/filmes\/filme-326585\/\" class=\"bo-link\" rel=\"nofollow noopener\" target=\"_blank\">Amores Materialistas<\/a> e tamb\u00e9m no suspense de cidade pequena de <a href=\"https:\/\/www.adorocinema.com\/personalidades\/personalidade-830003\/\" class=\"bo-link\" rel=\"nofollow noopener\" target=\"_blank\">Ari Aster<\/a>, <a href=\"https:\/\/www.adorocinema.com\/filmes\/filme-317620\/\" class=\"bo-link\" rel=\"nofollow noopener\" target=\"_blank\">Eddington<\/a>.<\/p>\n<p class=\"bo-p\">O fato de Pascal ter colaborado h\u00e1 dois anos com o que \u00e9 possivelmente o maior diretor da Espanha \u2013 seu hom\u00f4nimo <a href=\"https:\/\/www.adorocinema.com\/personalidades\/personalidade-5289\/\" class=\"bo-link\" rel=\"nofollow noopener\" target=\"_blank\">Pedro Almod\u00f3var<\/a> \u2013 j\u00e1 est\u00e1 caindo um pouco no esquecimento. Ao lado de <a href=\"https:\/\/www.adorocinema.com\/personalidades\/personalidade-3336\/\" class=\"bo-link\" rel=\"nofollow noopener\" target=\"_blank\">Ethan Hawke<\/a> (<a href=\"https:\/\/www.adorocinema.com\/filmes\/filme-287623\/\" class=\"bo-link\" rel=\"nofollow noopener\" target=\"_blank\">O Telefone Preto<\/a>), o astro de <a href=\"https:\/\/www.adorocinema.com\/series\/serie-7157\/\" class=\"bo-link\" rel=\"nofollow noopener\" target=\"_blank\">Game of Thrones<\/a> estrelou o curta-metragem de faroeste queer de Almod\u00f3var, <a href=\"https:\/\/www.adorocinema.com\/filmes\/filme-305853\/\" class=\"bo-link\" rel=\"nofollow noopener\" target=\"_blank\">Estranha Forma de Vida<\/a>, que foi feito em colabora\u00e7\u00e3o com a casa de moda Yves Saint Laurent. No filme, os dois atores interpretam ex-amantes que se reencontram ap\u00f3s 25 anos.<\/p>\n<p>                                <img loading=\"lazy\" decoding=\"async\" class=\"article-figure-img\" src=\"https:\/\/www.europesays.com\/pt\/wp-content\/uploads\/2026\/01\/dfbfe23e583655bc14053e7575852ae7.jpg\" width=\"640\" height=\"320\" alt=\"\"\/><\/p>\n<p>                                    El Deseo<\/p>\n<p class=\"bo-p\">Christoph Petersen, nosso colega do FILMSTARTS, escreveu na conclus\u00e3o de sua cr\u00edtica de 3 estrelas: &#8220;Um vislumbre fugaz de como <a href=\"https:\/\/www.adorocinema.com\/filmes\/filme-54989\/\" class=\"bo-link\" rel=\"nofollow noopener\" target=\"_blank\">O Segredo de Brokeback Mountain<\/a> talvez pudesse ter sido na \u00e9poca, que, dependendo do quanto voc\u00ea goste dos figurinos e\/ou de Pedro Pascal, pode ser rapidamente esquecido&#8221;.<\/p>\n<p class=\"bo-p\">Enquanto Estranha Forma de Vida foi obviamente apenas um exerc\u00edcio para Almod\u00f3var, o encontro com o cineasta foi uma experi\u00eancia muito mais duradoura para Pascal \u2013 afinal, ele admirava o duas vezes vencedor do Oscar (Melhor Filme Estrangeiro por <a href=\"https:\/\/www.adorocinema.com\/filmes\/filme-7868\/\" class=\"bo-link\" rel=\"nofollow noopener\" target=\"_blank\">Tudo Sobre Minha M\u00e3e<\/a>, Melhor Roteiro Original por <a href=\"https:\/\/www.adorocinema.com\/filmes\/filme-28629\/\" class=\"bo-link\" rel=\"nofollow noopener\" target=\"_blank\">Fale com Ela<\/a>) h\u00e1 muito tempo. Em entrevista \u00e0 Vanity Fair, ele revelou: &#8220;O primeiro filme de Pedro que vi no cinema foi <a href=\"https:\/\/www.adorocinema.com\/filmes\/filme-86046\/\" class=\"bo-link\" rel=\"nofollow noopener\" target=\"_blank\">Mulheres \u00e0 Beira de um Ataque de Nervos<\/a> [de 1988]. Desde ent\u00e3o, n\u00e3o perdi mais nada&#8221;.<\/p>\n<p>Pedro Pascal sente falta de trabalhar com Pedro Almod\u00f3var<\/p>\n<p class=\"bo-p\">Ele continuou explicando exatamente o que aprecia no trabalho do criador de <a href=\"https:\/\/www.adorocinema.com\/filmes\/filme-326074\/\" class=\"bo-link\" rel=\"nofollow noopener\" target=\"_blank\">O Quarto ao Lado<\/a>: &#8220;Acho que os filmes dele s\u00e3o perigosamente f\u00e1ceis \u2013 em suas cores, hist\u00f3rias e representa\u00e7\u00f5es, em seu senso de humor e drama. Conhec\u00ea-lo foi [&#8230;], como conhecer um rei e, ao mesmo tempo, um membro da fam\u00edlia. Ele era f\u00e1cil de entender e f\u00e1cil de venerar. Ele podia te acalmar e, ao mesmo tempo, te manter alerta. Sinto falta dele e penso nele todos os dias&#8221;.<\/p>\n<p class=\"bo-p\">Talvez os dois se re\u00fanam novamente para um longa-metragem um dia \u2013 com certeza n\u00e3o faltar\u00e1 vontade de Pascal!<\/p>\n","protected":false},"excerpt":{"rendered":"H\u00e1 dois anos, Pedro Pascal estrelou um faroeste ao lado de Ethan Hawke, dirigido por uma lenda da&hellip;\n","protected":false},"author":2,"featured_media":222428,"comment_status":"","ping_status":"","sticky":false,"template":"","format":"standard","meta":{"footnotes":""},"categories":[140],"tags":[114,115,147,148,146,32,33],"class_list":{"0":"post-222427","1":"post","2":"type-post","3":"status-publish","4":"format-standard","5":"has-post-thumbnail","7":"category-filmes","8":"tag-entertainment","9":"tag-entretenimento","10":"tag-film","11":"tag-filmes","12":"tag-movies","13":"tag-portugal","14":"tag-pt"},"share_on_mastodon":{"url":"https:\/\/pubeurope.com\/@pt\/115866438519202342","error":""},"_links":{"self":[{"href":"https:\/\/www.europesays.com\/pt\/wp-json\/wp\/v2\/posts\/222427","targetHints":{"allow":["GET"]}}],"collection":[{"href":"https:\/\/www.europesays.com\/pt\/wp-json\/wp\/v2\/posts"}],"about":[{"href":"https:\/\/www.europesays.com\/pt\/wp-json\/wp\/v2\/types\/post"}],"author":[{"embeddable":true,"href":"https:\/\/www.europesays.com\/pt\/wp-json\/wp\/v2\/users\/2"}],"replies":[{"embeddable":true,"href":"https:\/\/www.europesays.com\/pt\/wp-json\/wp\/v2\/comments?post=222427"}],"version-history":[{"count":0,"href":"https:\/\/www.europesays.com\/pt\/wp-json\/wp\/v2\/posts\/222427\/revisions"}],"wp:featuredmedia":[{"embeddable":true,"href":"https:\/\/www.europesays.com\/pt\/wp-json\/wp\/v2\/media\/222428"}],"wp:attachment":[{"href":"https:\/\/www.europesays.com\/pt\/wp-json\/wp\/v2\/media?parent=222427"}],"wp:term":[{"taxonomy":"category","embeddable":true,"href":"https:\/\/www.europesays.com\/pt\/wp-json\/wp\/v2\/categories?post=222427"},{"taxonomy":"post_tag","embeddable":true,"href":"https:\/\/www.europesays.com\/pt\/wp-json\/wp\/v2\/tags?post=222427"}],"curies":[{"name":"wp","href":"https:\/\/api.w.org\/{rel}","templated":true}]}}