{"id":222431,"date":"2026-01-09T17:59:13","date_gmt":"2026-01-09T17:59:13","guid":{"rendered":"https:\/\/www.europesays.com\/pt\/222431\/"},"modified":"2026-01-09T17:59:13","modified_gmt":"2026-01-09T17:59:13","slug":"infarmed-alerta-para-escassez-de-medicamentos-com-quetiapina-usados-para-depressao-e-esquizofrenia","status":"publish","type":"post","link":"https:\/\/www.europesays.com\/pt\/222431\/","title":{"rendered":"Infarmed alerta para escassez de medicamentos com quetiapina usados para depress\u00e3o e esquizofrenia"},"content":{"rendered":"<p class=\"category\"><a href=\"https:\/\/sicnoticias.pt\/saude-e-bem-estar\" rel=\"nofollow noopener\" target=\"_blank\">Sa\u00fade e Bem-estar<\/a><\/p>\n<p>A dificuldade de abastecimentos destes medicamentos, principalmente na forma de comprimido de liberta\u00e7\u00e3o prolongada, deve-se a\u00a0constrangimentos na principal unidade fabril, na Gr\u00e9cia.<\/p>\n<p><img decoding=\"async\" src=\"https:\/\/www.europesays.com\/pt\/wp-content\/uploads\/2026\/01\/1767981553_604_original.webp\" alt=\"Infarmed alerta para escassez de medicamentos com quetiapina usados para depress\u00e3o e esquizofrenia\"\/><\/p>\n<p>Canva<\/p>\n<p>Segundo a <a href=\"https:\/\/www.infarmed.pt\/\" target=\"_blank\" rel=\"noopener noreferrer nofollow\">Autoridade Nacional do Medicamento e Produtos de Sa\u00fade (Infarmed)<\/a>, a dificuldade de abastecimentos destes medicamentos, principalmente na forma de comprimido de liberta\u00e7\u00e3o prolongada, deve-se a<strong> constrangimentos na principal unidade fabril<\/strong>, localizada na Gr\u00e9cia, que afetam a maioria das empresas presentes no mercado.<\/p>\n<blockquote><p>&#8220;Devido a esta situa\u00e7\u00e3o, verificou-se um <strong>aumento na procura dos medicamentos similares<\/strong> dos restantes titulares (com outro fabricante) que, apesar dos esfor\u00e7os para aumentar a produ\u00e7\u00e3o, n\u00e3o conseguiram assegurar o abastecimento do mercado&#8221;, refere o Infarmed numa circular informativa publicada no seu &#8216;site&#8217;.<\/p><\/blockquote>\n<p>Abrange todas as dosagens dos medicamentos com quetiapina<\/p>\n<p>Segundo a autoridade do medicamento, esta indisponibilidade<strong> abrange todas as dosagens dos medicamentos contendo quetiapina<\/strong>, na forma farmac\u00eautica de comprimido de liberta\u00e7\u00e3o prolongada, e \u00e9 transversal a toda a Europa.<\/p>\n<blockquote><p>&#8220;O Infarmed, e demais autoridades europeias, t\u00eam estado a acompanhar a situa\u00e7\u00e3o e a procurar solu\u00e7\u00f5es que possam mitigar o impacto destas ruturas&#8221;, salienta, acrescentando que, segundo a Ag\u00eancia Europeia de Medicamentos, estes constrangimentos dever\u00e3o manter-se durante o primeiro semestre de 2026.<\/p><\/blockquote>\n<p>Perante esta situa\u00e7\u00e3o, e ap\u00f3s consulta \u00e0 Comiss\u00e3o Nacional de Farm\u00e1cia e Terap\u00eautica, o Infarmed faz<strong> recomenda\u00e7\u00f5es aos m\u00e9dicos, distribuidores grossistas, farm\u00e1cias e doentes <\/strong>sobre estes medicamentos indicados para o tratamento da depress\u00e3o bipolar e epis\u00f3dios depressivos major na perturba\u00e7\u00e3o depressiva major, da mania e esquizofrenia.<\/p>\n<blockquote><p>&#8220;Apesar de a transi\u00e7\u00e3o entre diferentes antipsic\u00f3ticos n\u00e3o ser f\u00e1cil ou direta, dada a aus\u00eancia de consenso na equival\u00eancia de doses, alguns doentes poder\u00e3o<strong> transitar para quetiapina de liberta\u00e7\u00e3o imediata<\/strong>, devendo a administra\u00e7\u00e3o ser titulada caso a caso&#8221; e, adicionalmente, poder\u00e1 ser considerada a utiliza\u00e7\u00e3o de outros antipsic\u00f3ticos como a zotepina ou a olanzapina, refere o Infarmed na recomenda\u00e7\u00e3o aos m\u00e9dicos.<\/p><\/blockquote>\n<p>Aconselha ainda que a prescri\u00e7\u00e3o de quetiapina comprimidos de liberta\u00e7\u00e3o prolongada deve ser limitada aos doentes que j\u00e1 se encontrem em tratamento e para os quais n\u00e3o seja poss\u00edvel a prescri\u00e7\u00e3o de uma alternativa terap\u00eautica.<\/p>\n<p>Distribui\u00e7\u00e3o &#8220;equitativa e criteriosa&#8221;<\/p>\n<p>No caso dos distribuidores por grosso, afirma ser<strong> essencial que seja feita &#8220;uma distribui\u00e7\u00e3o equitativa e criteriosa<\/strong> das embalagens dispon\u00edveis por todas as farm\u00e1cias&#8221;.<\/p>\n<p>Alerta que a exporta\u00e7\u00e3o destes medicamentos encontra-se proibida e assim se manter\u00e1 at\u00e9 que o abastecimento destes medicamentos esteja normalizado.<\/p>\n<p>J\u00e1 as farm\u00e1cias devem <strong>dispensar estes medicamentos apenas para um m\u00eas de tratamento<\/strong> e mediante <strong>consulta do hist\u00f3rico do doente<\/strong>, para que a quantidade dispon\u00edvel possa colmatar as necessidades dos doentes.<\/p>\n<blockquote><p>&#8220;Para que seja poss\u00edvel garantir uma gest\u00e3o criteriosa das quantidades dispon\u00edveis, as farm\u00e1cias devem abster-se de dispor de quantidades elevadas destes medicamentos em &#8216;stock'&#8221;, sustenta.<\/p><\/blockquote>\n<p>O Infarmed aconselha os utentes a <strong>contactarem o seu m\u00e9dico <\/strong>caso n\u00e3o consigam adquirir o medicamento para que lhes seja indicada uma <strong>alternativa terap\u00eautica<\/strong>.<\/p>\n","protected":false},"excerpt":{"rendered":"Sa\u00fade e Bem-estar A dificuldade de abastecimentos destes medicamentos, principalmente na forma de comprimido de liberta\u00e7\u00e3o prolongada, deve-se&hellip;\n","protected":false},"author":2,"featured_media":222432,"comment_status":"","ping_status":"","sticky":false,"template":"","format":"standard","meta":{"footnotes":""},"categories":[86],"tags":[116,32,33,117],"class_list":{"0":"post-222431","1":"post","2":"type-post","3":"status-publish","4":"format-standard","5":"has-post-thumbnail","7":"category-saude","8":"tag-health","9":"tag-portugal","10":"tag-pt","11":"tag-saude"},"share_on_mastodon":{"url":"https:\/\/pubeurope.com\/@pt\/115866446237307134","error":""},"_links":{"self":[{"href":"https:\/\/www.europesays.com\/pt\/wp-json\/wp\/v2\/posts\/222431","targetHints":{"allow":["GET"]}}],"collection":[{"href":"https:\/\/www.europesays.com\/pt\/wp-json\/wp\/v2\/posts"}],"about":[{"href":"https:\/\/www.europesays.com\/pt\/wp-json\/wp\/v2\/types\/post"}],"author":[{"embeddable":true,"href":"https:\/\/www.europesays.com\/pt\/wp-json\/wp\/v2\/users\/2"}],"replies":[{"embeddable":true,"href":"https:\/\/www.europesays.com\/pt\/wp-json\/wp\/v2\/comments?post=222431"}],"version-history":[{"count":0,"href":"https:\/\/www.europesays.com\/pt\/wp-json\/wp\/v2\/posts\/222431\/revisions"}],"wp:featuredmedia":[{"embeddable":true,"href":"https:\/\/www.europesays.com\/pt\/wp-json\/wp\/v2\/media\/222432"}],"wp:attachment":[{"href":"https:\/\/www.europesays.com\/pt\/wp-json\/wp\/v2\/media?parent=222431"}],"wp:term":[{"taxonomy":"category","embeddable":true,"href":"https:\/\/www.europesays.com\/pt\/wp-json\/wp\/v2\/categories?post=222431"},{"taxonomy":"post_tag","embeddable":true,"href":"https:\/\/www.europesays.com\/pt\/wp-json\/wp\/v2\/tags?post=222431"}],"curies":[{"name":"wp","href":"https:\/\/api.w.org\/{rel}","templated":true}]}}