{"id":222433,"date":"2026-01-09T18:01:09","date_gmt":"2026-01-09T18:01:09","guid":{"rendered":"https:\/\/www.europesays.com\/pt\/222433\/"},"modified":"2026-01-09T18:01:09","modified_gmt":"2026-01-09T18:01:09","slug":"samsung-estreia-no-segmento-empresarial-na-ces-2026-com-o-spatial-signage-samsung-newsroom-brasil","status":"publish","type":"post","link":"https:\/\/www.europesays.com\/pt\/222433\/","title":{"rendered":"Samsung estreia no segmento empresarial na CES 2026 com o Spatial Signage \u2013 Samsung Newsroom Brasil"},"content":{"rendered":"<p><img loading=\"lazy\" decoding=\"async\" class=\"alignnone size-full wp-image-50020\" src=\"https:\/\/www.europesays.com\/pt\/wp-content\/uploads\/2026\/01\/Samsung-TVs-and-Displays-CES-2026-Samsung-Makes-Enterprise-Debut-at-CES-2026-with-Spatial-Signage_dl.jpeg\" alt=\"\" width=\"1143\" height=\"720\"  \/><\/p>\n<p>\u00a0<\/p>\n<p>A Samsung Electronics, l\u00edder global em tecnologia, anunciou que o Spatial Signage1\u00a0foi reconhecido pela Consumer Technology Association (CTA)\u00ae como parte do programa CES Innovation Awards\u00ae 2026, marcando o primeiro reconhecimento da Samsung na categoria de Enterprise Technology e coincidindo com a apresenta\u00e7\u00e3o de suas solu\u00e7\u00f5es de telas comerciais no evento.<\/p>\n<p>\u00a0<\/p>\n<p>Todos os anos, o prestigiado CES Innovation Awards reconhece design e engenharia excepcionais em uma ampla gama de produtos tecnol\u00f3gicos. Como l\u00edder global em sinaliza\u00e7\u00e3o digital por 16 anos consecutivos, esse reconhecimento refor\u00e7a o compromisso da Samsung em oferecer as melhores solu\u00e7\u00f5es de display que ajudam a atrair, engajar e converter consumidores em clientes.<\/p>\n<p>\u00a0<\/p>\n<p>Apresentado pela primeira vez na IFA 2025, o Spatial Signage \u00e9 uma tela 3D sem \u00f3culos que oferece uma experi\u00eancia visual imersiva. Utilizando a tecnologia de display inovadora da Samsung, o produto proporciona realismo envolvente ao adicionar profundidade multidimensional a imagens 2D, criando experi\u00eancias de compra mais impactantes com conte\u00fados j\u00e1 existentes. Seu perfil elegante de 52 mm e o design ultrafino de 85 polegadas permitem integra\u00e7\u00e3o perfeita em ambientes com alto padr\u00e3o est\u00e9tico \u2014 desde grandes redes de varejo, lojas de luxo e at\u00e9 mesmo est\u00e1dios. Com o Samsung VXT integrado, os usu\u00e1rios podem gerenciar e distribuir conte\u00fados na loja remotamente em diversos dispositivos, desde imagens de produtos com alto n\u00edvel de detalhamento at\u00e9 promo\u00e7\u00f5es visuais de grande impacto.<\/p>\n<p>\u00a0<\/p>\n<p><img loading=\"lazy\" decoding=\"async\" class=\"alignnone size-full\" src=\"https:\/\/www.europesays.com\/pt\/wp-content\/uploads\/2026\/01\/Samsung-TVs-and-Displays-CES-2026-Samsung-Makes-Enterprise-Debut-at-CES-2026-with-Spatial-Signage_Ma.gif\" width=\"1000\" height=\"572\"\/><\/p>\n<p>\u00a0<\/p>\n<p>O Spatial Signage esteve em exibi\u00e7\u00e3o durante o per\u00edodo oficial da feira, na Samsung Exhibition Zone, no hotel The Wynn Las Vegas.<\/p>\n<p>\u00a0<\/p>\n<p><img loading=\"lazy\" decoding=\"async\" class=\"alignnone size-full wp-image-50019\" src=\"https:\/\/www.europesays.com\/pt\/wp-content\/uploads\/2026\/01\/1767981669_620_Samsung-TVs-and-Displays-CES-2026-Samsung-Makes-Enterprise-Debut-at-CES-2026-with-Spatial-Signage_dl.jpeg\" alt=\"\" width=\"3000\" height=\"2250\"  \/><\/p>\n<p>\u00a0<\/p>\n<p>Para mais informa\u00e7\u00f5es sobre o Samsung Spatial Signage, visite a <a href=\"https:\/\/news.samsung.com\/br\/\" rel=\"nofollow noopener\" target=\"_blank\">Samsung Newsroom Brasil<\/a>.<\/p>\n<p>\u00a0<\/p>\n<p>1 Produto sem previs\u00e3o de lan\u00e7amento para o Brasil. <\/p>\n<p>\u00a0<\/p>\n","protected":false},"excerpt":{"rendered":"\u00a0 A Samsung Electronics, l\u00edder global em tecnologia, anunciou que o Spatial Signage1\u00a0foi reconhecido pela Consumer Technology Association&hellip;\n","protected":false},"author":2,"featured_media":222434,"comment_status":"","ping_status":"","sticky":false,"template":"","format":"standard","meta":{"footnotes":""},"categories":[84],"tags":[109,107,108,32,33,105,103,104,106,110],"class_list":{"0":"post-222433","1":"post","2":"type-post","3":"status-publish","4":"format-standard","5":"has-post-thumbnail","7":"category-ciencia-e-tecnologia","8":"tag-ciencia","9":"tag-ciencia-e-tecnologia","10":"tag-cienciaetecnologia","11":"tag-portugal","12":"tag-pt","13":"tag-science","14":"tag-science-and-technology","15":"tag-scienceandtechnology","16":"tag-technology","17":"tag-tecnologia"},"share_on_mastodon":{"url":"https:\/\/pubeurope.com\/@pt\/115866454215440367","error":""},"_links":{"self":[{"href":"https:\/\/www.europesays.com\/pt\/wp-json\/wp\/v2\/posts\/222433","targetHints":{"allow":["GET"]}}],"collection":[{"href":"https:\/\/www.europesays.com\/pt\/wp-json\/wp\/v2\/posts"}],"about":[{"href":"https:\/\/www.europesays.com\/pt\/wp-json\/wp\/v2\/types\/post"}],"author":[{"embeddable":true,"href":"https:\/\/www.europesays.com\/pt\/wp-json\/wp\/v2\/users\/2"}],"replies":[{"embeddable":true,"href":"https:\/\/www.europesays.com\/pt\/wp-json\/wp\/v2\/comments?post=222433"}],"version-history":[{"count":0,"href":"https:\/\/www.europesays.com\/pt\/wp-json\/wp\/v2\/posts\/222433\/revisions"}],"wp:featuredmedia":[{"embeddable":true,"href":"https:\/\/www.europesays.com\/pt\/wp-json\/wp\/v2\/media\/222434"}],"wp:attachment":[{"href":"https:\/\/www.europesays.com\/pt\/wp-json\/wp\/v2\/media?parent=222433"}],"wp:term":[{"taxonomy":"category","embeddable":true,"href":"https:\/\/www.europesays.com\/pt\/wp-json\/wp\/v2\/categories?post=222433"},{"taxonomy":"post_tag","embeddable":true,"href":"https:\/\/www.europesays.com\/pt\/wp-json\/wp\/v2\/tags?post=222433"}],"curies":[{"name":"wp","href":"https:\/\/api.w.org\/{rel}","templated":true}]}}