{"id":222454,"date":"2026-01-09T18:17:06","date_gmt":"2026-01-09T18:17:06","guid":{"rendered":"https:\/\/www.europesays.com\/pt\/222454\/"},"modified":"2026-01-09T18:17:06","modified_gmt":"2026-01-09T18:17:06","slug":"eua-apreendem-olina-o-quinto-navio-petroleiro-desde-o-bloqueio-a-venezuela-mundo","status":"publish","type":"post","link":"https:\/\/www.europesays.com\/pt\/222454\/","title":{"rendered":"EUA apreendem Olina, o quinto navio petroleiro desde o bloqueio \u00e0 Venezuela &#8211; Mundo"},"content":{"rendered":"<p class=\"\">&#13;<br \/>\n        Os Estados Unidos da Am\u00e9rica (EUA) apreenderam o petroleiro Olina no mar das Cara\u00edbas. Este \u00e9 a quinta embarca\u00e7\u00e3o apreendida pelo pa\u00eds de Donald Trump nas \u00faltimas semanas.&#13;\n    <\/p>\n<p class=\"\">&#13;<br \/>\n        A economia liderada por Donald Trump est\u00e1 a tentar conter as exporta\u00e7\u00f5es de petr\u00f3leo da Venezuela. De acordo com a Reuters, o petroleiro estava identificado com a bandeira de Timor-Leste e tentava retornar \u00e0 Venezuela.&#13;\n    <\/p>\n<p class=\"\">&#13;<br \/>\n        &#8220;Mais uma vez, as nossas for\u00e7as conjuntas interinstitucionais enviaram uma mensagem clara esta manh\u00e3: &#8216;n\u00e3o h\u00e1 ref\u00fagio para criminosos&#8221;, adiantam as for\u00e7as de seguran\u00e7a dos EUA. O navio Olina foi apreendido pelo porta-avi\u00f5es USS Gerald R. Ford.&#13;\n    <\/p>\n<p class=\"\">&#13;<br \/>\n        Segundo a publica\u00e7\u00e3o, Olina saiu da Venezuela logo ap\u00f3s os EUA capturarem o presidente Nicol\u00e1s Maduro, a 3 de janeiro, carregado com barris de petr\u00f3leo. Agora, a embarca\u00e7\u00e3o estava a tentar regressar \u00e0 base, mantendo ainda o carregamento completo.&#13;\n    <\/p>\n","protected":false},"excerpt":{"rendered":"&#13; Os Estados Unidos da Am\u00e9rica (EUA) apreenderam o petroleiro Olina no mar das Cara\u00edbas. Este \u00e9 a&hellip;\n","protected":false},"author":2,"featured_media":222455,"comment_status":"","ping_status":"","sticky":false,"template":"","format":"standard","meta":{"footnotes":""},"categories":[50],"tags":[27,28,92,476,1340,40633,235,8376,15,16,33546,14,25,26,21,22,62,12,3025,13,19,20,23,24,17,18,29,30,31,3023,63,64,65],"class_list":{"0":"post-222454","1":"post","2":"type-post","3":"status-publish","4":"format-standard","5":"has-post-thumbnail","7":"category-mundo","8":"tag-breaking-news","9":"tag-breakingnews","10":"tag-donald-trump","11":"tag-economia","12":"tag-economia-geral","13":"tag-economia-negocios-e-financas","14":"tag-estados-unidos","15":"tag-exportacoes","16":"tag-featured-news","17":"tag-featurednews","18":"tag-gerald-ford","19":"tag-headlines","20":"tag-latest-news","21":"tag-latestnews","22":"tag-main-news","23":"tag-mainnews","24":"tag-mundo","25":"tag-news","26":"tag-nicolas-maduro","27":"tag-noticias","28":"tag-noticias-principais","29":"tag-noticiasprincipais","30":"tag-principais-noticias","31":"tag-principaisnoticias","32":"tag-top-stories","33":"tag-topstories","34":"tag-ultimas","35":"tag-ultimas-noticias","36":"tag-ultimasnoticias","37":"tag-venezuela","38":"tag-world","39":"tag-world-news","40":"tag-worldnews"},"share_on_mastodon":{"url":"","error":"Validation failed: Text character limit of 500 exceeded"},"_links":{"self":[{"href":"https:\/\/www.europesays.com\/pt\/wp-json\/wp\/v2\/posts\/222454","targetHints":{"allow":["GET"]}}],"collection":[{"href":"https:\/\/www.europesays.com\/pt\/wp-json\/wp\/v2\/posts"}],"about":[{"href":"https:\/\/www.europesays.com\/pt\/wp-json\/wp\/v2\/types\/post"}],"author":[{"embeddable":true,"href":"https:\/\/www.europesays.com\/pt\/wp-json\/wp\/v2\/users\/2"}],"replies":[{"embeddable":true,"href":"https:\/\/www.europesays.com\/pt\/wp-json\/wp\/v2\/comments?post=222454"}],"version-history":[{"count":0,"href":"https:\/\/www.europesays.com\/pt\/wp-json\/wp\/v2\/posts\/222454\/revisions"}],"wp:featuredmedia":[{"embeddable":true,"href":"https:\/\/www.europesays.com\/pt\/wp-json\/wp\/v2\/media\/222455"}],"wp:attachment":[{"href":"https:\/\/www.europesays.com\/pt\/wp-json\/wp\/v2\/media?parent=222454"}],"wp:term":[{"taxonomy":"category","embeddable":true,"href":"https:\/\/www.europesays.com\/pt\/wp-json\/wp\/v2\/categories?post=222454"},{"taxonomy":"post_tag","embeddable":true,"href":"https:\/\/www.europesays.com\/pt\/wp-json\/wp\/v2\/tags?post=222454"}],"curies":[{"name":"wp","href":"https:\/\/api.w.org\/{rel}","templated":true}]}}