{"id":222462,"date":"2026-01-09T18:24:11","date_gmt":"2026-01-09T18:24:11","guid":{"rendered":"https:\/\/www.europesays.com\/pt\/222462\/"},"modified":"2026-01-09T18:24:11","modified_gmt":"2026-01-09T18:24:11","slug":"k-pop-pode-ganhar-um-grammy-pela-primeira-vez-em-2026","status":"publish","type":"post","link":"https:\/\/www.europesays.com\/pt\/222462\/","title":{"rendered":"K-pop pode ganhar um Grammy pela primeira vez em 2026"},"content":{"rendered":"\n<p class=\" content-text__container \" data-track-category=\"Link no Texto\" data-track-links=\"\"> \u201cTodos os indicados representam uma esp\u00e9cie de K-pop p\u00f3s-\u00eddolos, no sentido de que Ros\u00e9, as tr\u00eas integrantes do HUNTR\/X e Katseye representam a vers\u00e3o globalizada do K-pop, onde o \u2018K\u2019 est\u00e1 muito presente, mas alguns podem argumentar que \u00e9 silencioso. As m\u00fasicas n\u00e3o s\u00e3o necessariamente para a Coreia, feitas pela Coreia, da Coreia, mas sim de um g\u00eanero que transcende a Coreia\u201d, diz ele. \u201c\u00c9 uma celebra\u00e7\u00e3o e um testemunho de qu\u00e3o diverso e din\u00e2mico o K-pop se tornou.\u201d <\/p>\n","protected":false},"excerpt":{"rendered":"\u201cTodos os indicados representam uma esp\u00e9cie de K-pop p\u00f3s-\u00eddolos, no sentido de que Ros\u00e9, as tr\u00eas integrantes do&hellip;\n","protected":false},"author":2,"featured_media":222463,"comment_status":"","ping_status":"","sticky":false,"template":"","format":"standard","meta":{"footnotes":""},"categories":[141],"tags":[114,115,149,150,32,33],"class_list":{"0":"post-222462","1":"post","2":"type-post","3":"status-publish","4":"format-standard","5":"has-post-thumbnail","7":"category-musica","8":"tag-entertainment","9":"tag-entretenimento","10":"tag-music","11":"tag-musica","12":"tag-portugal","13":"tag-pt"},"share_on_mastodon":{"url":"https:\/\/pubeurope.com\/@pt\/115866544732254224","error":""},"_links":{"self":[{"href":"https:\/\/www.europesays.com\/pt\/wp-json\/wp\/v2\/posts\/222462","targetHints":{"allow":["GET"]}}],"collection":[{"href":"https:\/\/www.europesays.com\/pt\/wp-json\/wp\/v2\/posts"}],"about":[{"href":"https:\/\/www.europesays.com\/pt\/wp-json\/wp\/v2\/types\/post"}],"author":[{"embeddable":true,"href":"https:\/\/www.europesays.com\/pt\/wp-json\/wp\/v2\/users\/2"}],"replies":[{"embeddable":true,"href":"https:\/\/www.europesays.com\/pt\/wp-json\/wp\/v2\/comments?post=222462"}],"version-history":[{"count":0,"href":"https:\/\/www.europesays.com\/pt\/wp-json\/wp\/v2\/posts\/222462\/revisions"}],"wp:featuredmedia":[{"embeddable":true,"href":"https:\/\/www.europesays.com\/pt\/wp-json\/wp\/v2\/media\/222463"}],"wp:attachment":[{"href":"https:\/\/www.europesays.com\/pt\/wp-json\/wp\/v2\/media?parent=222462"}],"wp:term":[{"taxonomy":"category","embeddable":true,"href":"https:\/\/www.europesays.com\/pt\/wp-json\/wp\/v2\/categories?post=222462"},{"taxonomy":"post_tag","embeddable":true,"href":"https:\/\/www.europesays.com\/pt\/wp-json\/wp\/v2\/tags?post=222462"}],"curies":[{"name":"wp","href":"https:\/\/api.w.org\/{rel}","templated":true}]}}