{"id":222464,"date":"2026-01-09T18:25:36","date_gmt":"2026-01-09T18:25:36","guid":{"rendered":"https:\/\/www.europesays.com\/pt\/222464\/"},"modified":"2026-01-09T18:25:36","modified_gmt":"2026-01-09T18:25:36","slug":"war-machine-netflix-anuncia-data-de-estreia-da-ficcao-cientifica-estrelada-por-alan-ritchson","status":"publish","type":"post","link":"https:\/\/www.europesays.com\/pt\/222464\/","title":{"rendered":"War Machine: Netflix anuncia data de estreia da fic\u00e7\u00e3o cient\u00edfica estrelada por Alan Ritchson"},"content":{"rendered":"<p class=\"wp-block-yoast-seo-estimated-reading-time yoast-reading-time__wrapper\">Estimated reading time: 2 minutos<\/p>\n<p>A espera est\u00e1 pr\u00f3xima do fim! A fic\u00e7\u00e3o cient\u00edfica <a href=\"https:\/\/ovicio.com.br\/tag\/War-Machine\/\" target=\"_blank\" rel=\"noreferrer noopener nofollow\">War Machine (2026)<\/a>, estrelada por <a href=\"https:\/\/ovicio.com.br\/tag\/Alan-Ritchson\/\" target=\"_blank\" rel=\"noreferrer noopener nofollow\">Alan Ritchson<\/a>, finalmente ganhou data de estreia na <a href=\"https:\/\/ovicio.com.br\/tag\/Netflix\/\" target=\"_blank\" rel=\"noreferrer noopener nofollow\">Netflix<\/a>.<\/p>\n<p>O longa estrear\u00e1 exclusivamente na plataforma de streaming em <strong>6 de mar\u00e7o<\/strong>.<\/p>\n<p><strong>War Machine (2026)<\/strong> \u00e9 dirigido e coescrito por <strong>Patrick Hughes<\/strong> (Dupla Explosiva), que assina o roteiro ao lado de <strong>James Beaufort<\/strong> (Machine).<\/p>\n<p>A trama se passa durante a fase final da sele\u00e7\u00e3o dos Rangers do Ex\u00e9rcito dos EUA. O treinamento de uma equipe de elite se transforma em uma luta pela sobreviv\u00eancia contra uma amea\u00e7a inimagin\u00e1vel.<\/p>\n<p>O elenco conta ainda com <strong>Dennis Quaid<\/strong>, <strong>Stephan James<\/strong>, <strong>Jai Courtney<\/strong>, <strong>Esai Morales<\/strong>, <strong>Blake Richardson<\/strong>, <strong>Keiynan Lonsdale<\/strong> e <strong>Daniel Webber<\/strong>.<\/p>\n<p>Leia mais sobre War Machine:<\/p>\n<p><strong>Fonte: <\/strong><a href=\"https:\/\/www.whats-on-netflix.com\/news\/war-machine-starring-alan-ritchson-is-coming-to-netflix-in-march-2026\/\" target=\"_blank\" rel=\"noreferrer noopener nofollow\">&#8216;Whats on Netflix<\/a><\/p>\n","protected":false},"excerpt":{"rendered":"Estimated reading time: 2 minutos A espera est\u00e1 pr\u00f3xima do fim! A fic\u00e7\u00e3o cient\u00edfica War Machine (2026), estrelada&hellip;\n","protected":false},"author":2,"featured_media":222465,"comment_status":"","ping_status":"","sticky":false,"template":"","format":"standard","meta":{"footnotes":""},"categories":[140],"tags":[1947,42924,114,115,147,148,146,716,32,33,42925],"class_list":{"0":"post-222464","1":"post","2":"type-post","3":"status-publish","4":"format-standard","5":"has-post-thumbnail","7":"category-filmes","8":"tag-alan-ritchson","9":"tag-dennis-quaid","10":"tag-entertainment","11":"tag-entretenimento","12":"tag-film","13":"tag-filmes","14":"tag-movies","15":"tag-netflix","16":"tag-portugal","17":"tag-pt","18":"tag-war-machine"},"share_on_mastodon":{"url":"https:\/\/pubeurope.com\/@pt\/115866548603833184","error":""},"_links":{"self":[{"href":"https:\/\/www.europesays.com\/pt\/wp-json\/wp\/v2\/posts\/222464","targetHints":{"allow":["GET"]}}],"collection":[{"href":"https:\/\/www.europesays.com\/pt\/wp-json\/wp\/v2\/posts"}],"about":[{"href":"https:\/\/www.europesays.com\/pt\/wp-json\/wp\/v2\/types\/post"}],"author":[{"embeddable":true,"href":"https:\/\/www.europesays.com\/pt\/wp-json\/wp\/v2\/users\/2"}],"replies":[{"embeddable":true,"href":"https:\/\/www.europesays.com\/pt\/wp-json\/wp\/v2\/comments?post=222464"}],"version-history":[{"count":0,"href":"https:\/\/www.europesays.com\/pt\/wp-json\/wp\/v2\/posts\/222464\/revisions"}],"wp:featuredmedia":[{"embeddable":true,"href":"https:\/\/www.europesays.com\/pt\/wp-json\/wp\/v2\/media\/222465"}],"wp:attachment":[{"href":"https:\/\/www.europesays.com\/pt\/wp-json\/wp\/v2\/media?parent=222464"}],"wp:term":[{"taxonomy":"category","embeddable":true,"href":"https:\/\/www.europesays.com\/pt\/wp-json\/wp\/v2\/categories?post=222464"},{"taxonomy":"post_tag","embeddable":true,"href":"https:\/\/www.europesays.com\/pt\/wp-json\/wp\/v2\/tags?post=222464"}],"curies":[{"name":"wp","href":"https:\/\/api.w.org\/{rel}","templated":true}]}}