{"id":222488,"date":"2026-01-09T18:41:12","date_gmt":"2026-01-09T18:41:12","guid":{"rendered":"https:\/\/www.europesays.com\/pt\/222488\/"},"modified":"2026-01-09T18:41:12","modified_gmt":"2026-01-09T18:41:12","slug":"acerola-conheca-a-superfruta-tropical-rica-em-vitamina-c-e-facil-de-cultivar-no-quintal","status":"publish","type":"post","link":"https:\/\/www.europesays.com\/pt\/222488\/","title":{"rendered":"Acerola: conhe\u00e7a a superfruta tropical rica em vitamina C e f\u00e1cil de cultivar no quintal"},"content":{"rendered":"<p><img fetchpriority=\"high\" decoding=\"async\" class=\"w-fit lg:w-full\" loading=\"eager\" src=\"https:\/\/www.europesays.com\/pt\/wp-content\/uploads\/2026\/01\/5609382_7928e8811bb4835.jpg\" title=\"Mr.Somchai Sukkasem \/ Shutterstock | Portal EdiCase\" alt=\"Mr.Somchai Sukkasem \/ Shutterstock | Portal EdiCase\" width=\"700\" height=\"477\"\/>A acerola \u00e9 uma excelente fonte de vitamina C Mr.Somchai Sukkasem \/ Shutterstock | Portal EdiCase<\/p>\n<p>A acerola (Malpighia emarginata) \u00e9 uma fruta tropical pequena, mas gigante em potencial para a sa\u00fade. Natural das regi\u00f5es tropicais das Am\u00e9ricas, ela se destaca quando madura, com colora\u00e7\u00e3o vermelha intensa, e se adaptou perfeitamente ao solo brasileiro, tornando o pa\u00eds um dos maiores produtores e exportadores do mundo. Por ser amplamente cultivada no Brasil, \u00e9 facilmente encontrada e consumida de diversas formas. A seguir, confira alguns benef\u00edcios de inclu\u00ed-la na alimenta\u00e7\u00e3o!<\/p>\n<p>1. Potencial antimicrobiano<\/p>\n<p>Muitas infec\u00e7\u00f5es, causadas por bact\u00e9rias e outros microrganismos, podem comprometer a sa\u00fade. Nesse sentido, alimentos com propriedades antimicrobianas s\u00e3o aliados na preven\u00e7\u00e3o de doen\u00e7as. O estudo \u201cPropiedades bioactivas de frutas tropicales ex\u00f3ticas y sus beneficios a la salud\u201c, publicado no Archivos Latinoamericanos de Nutrici\u00f3n, realizou uma revis\u00e3o sistem\u00e1tica sobre os compostos bioativos presentes em frutas tropicais ex\u00f3ticas, incluindo a acerola, e seus potenciais efeitos \u00e0 sa\u00fade.<\/p>\n<p>A pesquisa apontou que os compostos bioativos da acerola demonstraram atividade antimicrobiana em testes laboratoriais (in vitro e in vivo). Esse efeito pode contribuir para a inibi\u00e7\u00e3o do crescimento de microrganismos prejudiciais, mas mais estudos s\u00e3o importantes para precisar doses seguras para humanos.<\/p>\n<p>2. Fonte excepcional de vitamina C<\/p>\n<p>A defici\u00eancia de vitamina C leva a problemas como fadiga, imunidade baixa e at\u00e9 escorbuto. Como o corpo humano n\u00e3o produz essa vitamina, \u00e9 essencial obt\u00ea-la por meio da alimenta\u00e7\u00e3o. A acerola \u00e9 uma das fontes naturais mais ricas em \u00e1cido asc\u00f3rbico, com um teor que varia entre 1000 e 4500 mg\/100 g de fruta, o que equivale a 50 a 100 vezes mais do que o encontrado em laranjas e lim\u00f5es.<\/p>\n<p>Inclusive, o estudo\u00a0\u201cAbsorption and excretion of ascorbic acid alone and in acerola (Malpighia emarginata) juice: comparison in healthy Japanese subjects\u201c, publicado na\u00a0Biological and Pharmaceutical Bulletin, investigou a biodisponibilidade do \u00e1cido asc\u00f3rbico em jovens japoneses saud\u00e1veis ap\u00f3s a ingest\u00e3o de \u00e1cido asc\u00f3rbico comercial e suco de acerola.<\/p>\n<p>Os resultados mostraram que, ap\u00f3s o consumo do suco de acerola, os n\u00edveis de \u00e1cido asc\u00f3rbico no sangue foram mais altos do que quando ingerido na forma sint\u00e9tica, enquanto a elimina\u00e7\u00e3o pela urina foi menor. Isso sugere que algum componente do suco de acerola ajuda o corpo a absorver melhor a <strong>vitamina C<\/strong> e a reter uma quantidade maior dela.<\/p>\n<p>3. Ajuda na redu\u00e7\u00e3o do peso corporal<\/p>\n<p>O excesso de peso e o ac\u00famulo de gordura no f\u00edgado podem aumentar o risco de doen\u00e7as metab\u00f3licas, como diabetes e problemas cardiovasculares. Por isso, al\u00e9m de h\u00e1bitos saud\u00e1veis, alimentos que ajudam a equilibrar esses fatores s\u00e3o fundamentais para a sa\u00fade.<\/p>\n<p>O estudo\u00a0\u201cAcerola fruit by-product alleviates lipid, glucose, and inflammatory changes in the enterohepatic axis of rats fed a high-fat diet\u201c, publicado na revista\u00a0Food Chemistry, analisou os efeitos do subproduto da acerola no controle do colesterol, a\u00e7\u00facar no sangue e inflama\u00e7\u00e3o. A pesquisa foi feita com ratos que seguiram uma dieta rica em gordura, e os resultados mostraram que o consumo do subproduto da fruta ajudou a reduzir o peso corporal, os n\u00edveis de gordura no sangue e o ac\u00famulo de gordura no f\u00edgado.\u00a0<\/p>\n<p><img decoding=\"async\" class=\"w-fit lg:w-full\" loading=\"eager\" src=\"https:\/\/www.europesays.com\/pt\/wp-content\/uploads\/2026\/01\/5609383_24fe74d19c96530.jpg\" title=\"Emerson Glauber \/ Shutterstock | Portal EdiCase\" alt=\"Emerson Glauber \/ Shutterstock | Portal EdiCase\" width=\"700\" height=\"477\"\/>O consumo da acerola pode ajudar a equilibrar o metabolismo Emerson Glauber \/ Shutterstock | Portal EdiCase<\/p>\n<p>4. Contribui para um metabolismo mais equilibrado<\/p>\n<p>Dist\u00farbios metab\u00f3licos e digestivos dificultam a absor\u00e7\u00e3o de nutrientes e possivelmente levam a problemas como obesidade e <strong>diabetes<\/strong>. Por sua vez, alimentos que ajudam a regular o metabolismo podem melhorar a sa\u00fade digestiva e geral.<\/p>\n<p>Outro achado do estudo \u201cAcerola fruit by-product alleviates lipid, glucose, and inflammatory changes in the enterohepatic axis of rats fed a high-fat diet\u201d foi o aumento da excre\u00e7\u00e3o de \u00e1cidos biliares pelas fezes e a regula\u00e7\u00e3o da s\u00edntese de \u00e1cidos org\u00e2nicos. Isso indica que a acerola \u00e9 capaz de auxiliar na digest\u00e3o e na absor\u00e7\u00e3o de gorduras.<\/p>\n<p>Os testes, por sua vez, foram feitos apenas em ratos. Isso significa que mais estudos cl\u00ednicos em humanos s\u00e3o necess\u00e1rios para determinar como ela pode ser melhor utilizada na preven\u00e7\u00e3o e no tratamento de dist\u00farbios metab\u00f3licos.<\/p>\n<p>5. Tem a\u00e7\u00e3o antioxidante capaz de potencializar filtros solares<\/p>\n<p>A exposi\u00e7\u00e3o solar excessiva \u00e9 capaz de causar envelhecimento precoce, manchas e at\u00e9 <strong>c\u00e2ncer de pele<\/strong>. Embora o uso de protetor solar seja essencial, alguns compostos naturais podem potencializar essa prote\u00e7\u00e3o. O estudo \u201cDetermina\u00e7\u00e3o da atividade fotoprotetora e antioxidante em emuls\u00f5es contendo extrato de Malpighia glabra L. (acerola)\u201d, publicado na Revista de Ci\u00eancias Farmac\u00eauticas B\u00e1sica e Aplicada, investigou a capacidade do extrato seco de acerola de atuar como antioxidante e fotoprotetor quando incorporado em emuls\u00f5es cosm\u00e9ticas.\u00a0<\/p>\n<p>Os resultados mostraram que a acerola possui atividade antioxidante comprovada, ajudando a proteger a pele contra os danos causados pelos radicais livres. No entanto, na concentra\u00e7\u00e3o testada, a acerola n\u00e3o apresentou fator de prote\u00e7\u00e3o solar (FPS) significativo, ou seja, n\u00e3o pode ser considerada um fotoprotetor por si s\u00f3. Por outro lado, quando associada a filtros solares qu\u00edmicos, o extrato de acerola demonstrou efeito sin\u00e9rgico, auxiliando na prote\u00e7\u00e3o da pele contra os danos causados pela radia\u00e7\u00e3o UV.<\/p>\n<p><strong>6. Fortalece o sistema imunol\u00f3gico<\/strong><\/p>\n<p>O sistema imunol\u00f3gico \u00e9 a principal defesa do organismo contra v\u00edrus e bact\u00e9rias. Uma alimenta\u00e7\u00e3o rica em antioxidantes e nutrientes essenciais pode fortalecer essa prote\u00e7\u00e3o natural. A acerola \u00e9 uma das frutas mais ricas em vitamina C, fundamental para o fortalecimento do sistema imunol\u00f3gico. Ela estimula a produ\u00e7\u00e3o de gl\u00f3bulos brancos, que combatem infec\u00e7\u00f5es, e aumenta a resposta imunol\u00f3gica contra v\u00edrus e bact\u00e9rias. Al\u00e9m disso, seu efeito antioxidante contribui para uma recupera\u00e7\u00e3o mais r\u00e1pida do corpo ap\u00f3s doen\u00e7as.<\/p>\n<p>7. Pode contribuir para o equil\u00edbrio da press\u00e3o arterial e da fun\u00e7\u00e3o muscular<\/p>\n<p>Al\u00e9m do alto teor de vitamina C, a acerola se destaca como fonte natural de\u00a0pot\u00e1ssio, mineral essencial para o funcionamento adequado do organismo. De acordo com a Tabela Brasileira de Composi\u00e7\u00e3o de Alimentos (TBCA), 100 g da fruta fornecem cerca de\u00a0138 mg de pot\u00e1ssio, o que corresponde a aproximadamente\u00a04% da necessidade di\u00e1ria recomendada para adultos, considerando uma ingest\u00e3o m\u00e9dia de 3.500 mg por dia.<\/p>\n<p>O <strong>pot\u00e1ssio<\/strong> atua diretamente no\u00a0controle da press\u00e3o arterial, na\u00a0contra\u00e7\u00e3o muscular\u00a0e na\u00a0transmiss\u00e3o dos impulsos nervosos, ajudando a equilibrar os efeitos do s\u00f3dio no organismo. Uma ingest\u00e3o adequada desse mineral est\u00e1 associada \u00e0 redu\u00e7\u00e3o do risco de hipertens\u00e3o e \u00e0 melhora da fun\u00e7\u00e3o cardiovascular, al\u00e9m de contribuir para o desempenho muscular e a preven\u00e7\u00e3o de c\u00e3ibras.<\/p>\n<p><strong>Como usar a acerola<\/strong><\/p>\n<p>A acerola pode ser facilmente incorporada \u00e0 alimenta\u00e7\u00e3o para aproveitar seus benef\u00edcios \u00e0 sa\u00fade. Veja algumas formas pr\u00e1ticas de consumo:<\/p>\n<ul>\n<li class=\"unordered-list-item\"><strong>In natura<\/strong>: consuma a fruta fresca para obter o m\u00e1ximo de vitamina C e antioxidantes;<\/li>\n<li class=\"unordered-list-item\"><strong>Suco natural<\/strong>: bata acerola com \u00e1gua e, se necess\u00e1rio, adoce com mel ou ado\u00e7ante natural;<\/li>\n<li class=\"unordered-list-item\"><strong>Smoothies<\/strong><strong> e vitaminas<\/strong>: misture com leite, iogurte ou outras frutas para um refor\u00e7o nutricional;<\/li>\n<li class=\"unordered-list-item\"><strong>Ch\u00e1s e infus\u00f5es<\/strong>: utilize a polpa ou as folhas para preparar ch\u00e1s;<\/li>\n<li class=\"unordered-list-item\"><strong>Molhos e geleias<\/strong>: acrescente a acerola a receitas doces e salgadas.<\/li>\n<\/ul>\n<p>Para a maioria das pessoas, a acerola \u00e9 segura e ben\u00e9fica, mas, em grandes quantidades, pode causar dist\u00farbios gastrointestinais e sobrecarga renal. Pacientes com doen\u00e7as renais ou dist\u00farbios digestivos devem buscar orienta\u00e7\u00e3o profissional antes de consumir a fruta regularmente. Al\u00e9m disso, ela n\u00e3o substitui tratamento e acompanhamento m\u00e9dico.<\/p>\n","protected":false},"excerpt":{"rendered":"A acerola \u00e9 uma excelente fonte de vitamina C Mr.Somchai Sukkasem \/ Shutterstock | Portal EdiCase A acerola&hellip;\n","protected":false},"author":2,"featured_media":222489,"comment_status":"","ping_status":"","sticky":false,"template":"","format":"standard","meta":{"footnotes":""},"categories":[86],"tags":[4227,116,32,33,117],"class_list":{"0":"post-222488","1":"post","2":"type-post","3":"status-publish","4":"format-standard","5":"has-post-thumbnail","7":"category-saude","8":"tag-edi-case","9":"tag-health","10":"tag-portugal","11":"tag-pt","12":"tag-saude"},"share_on_mastodon":{"url":"https:\/\/pubeurope.com\/@pt\/115866611412843128","error":""},"_links":{"self":[{"href":"https:\/\/www.europesays.com\/pt\/wp-json\/wp\/v2\/posts\/222488","targetHints":{"allow":["GET"]}}],"collection":[{"href":"https:\/\/www.europesays.com\/pt\/wp-json\/wp\/v2\/posts"}],"about":[{"href":"https:\/\/www.europesays.com\/pt\/wp-json\/wp\/v2\/types\/post"}],"author":[{"embeddable":true,"href":"https:\/\/www.europesays.com\/pt\/wp-json\/wp\/v2\/users\/2"}],"replies":[{"embeddable":true,"href":"https:\/\/www.europesays.com\/pt\/wp-json\/wp\/v2\/comments?post=222488"}],"version-history":[{"count":0,"href":"https:\/\/www.europesays.com\/pt\/wp-json\/wp\/v2\/posts\/222488\/revisions"}],"wp:featuredmedia":[{"embeddable":true,"href":"https:\/\/www.europesays.com\/pt\/wp-json\/wp\/v2\/media\/222489"}],"wp:attachment":[{"href":"https:\/\/www.europesays.com\/pt\/wp-json\/wp\/v2\/media?parent=222488"}],"wp:term":[{"taxonomy":"category","embeddable":true,"href":"https:\/\/www.europesays.com\/pt\/wp-json\/wp\/v2\/categories?post=222488"},{"taxonomy":"post_tag","embeddable":true,"href":"https:\/\/www.europesays.com\/pt\/wp-json\/wp\/v2\/tags?post=222488"}],"curies":[{"name":"wp","href":"https:\/\/api.w.org\/{rel}","templated":true}]}}