{"id":222510,"date":"2026-01-09T18:57:11","date_gmt":"2026-01-09T18:57:11","guid":{"rendered":"https:\/\/www.europesays.com\/pt\/222510\/"},"modified":"2026-01-09T18:57:11","modified_gmt":"2026-01-09T18:57:11","slug":"telescopios-mapeiam-campos-magneticos-perto-de-candidato-a-buraco-negro-duplo-jornal-da-usp","status":"publish","type":"post","link":"https:\/\/www.europesays.com\/pt\/222510\/","title":{"rendered":"Telesc\u00f3pios mapeiam campos magn\u00e9ticos perto de candidato a buraco negro duplo \u2013 Jornal da USP"},"content":{"rendered":"<p>O Instituto de Astronomia, Geof\u00edsica e Ci\u00eancias Atmosf\u00e9ricas (IAG) da USP passou a integrar formalmente a colabora\u00e7\u00e3o EHT em 2022, com a chegada do professor Ciriaco Goddi, que \u00e9 colaborador do EHT desde 2014.<\/p>\n<p>O docente liderou o grupo respons\u00e1vel pela calibra\u00e7\u00e3o dos dados do Atacama Large Millimeter Array (Alma), um dos pilares da rede global de telesc\u00f3pios. O Alma \u00e9 o maior e mais poderoso radiotelesc\u00f3pio do mundo, localizado a 5 mil metros de altitude no Deserto do Atacama, no Chile. \u201cOs dados do Alma, obtidos simultaneamente com o EHT, s\u00e3o essenciais para calibrar os dados e detectar a fraca emiss\u00e3o polarizada ao longo do jato de OJ 287,\u201d explica Goddi.<\/p>\n<p>Em uma parceria entre o Brasil e a Argentina, a USP colidera a constru\u00e7\u00e3o de um novo telesc\u00f3pio que em breve integrar\u00e1 o EHT: o Large Latin American Millimeter Array (LLAMA), no deserto da Puna de Atacama, na Argentina. \u201cLocalizado a apenas 180 km do Alma, o LLAMA fornecer\u00e1 linhas de base intermedi\u00e1rias sens\u00edveis com o Alma,\u201d acrescenta Goddi. \u201cEssas linhas ser\u00e3o cruciais para detectar a fraca emiss\u00e3o polarizada em escalas muito maiores, permitindo mapear a complexa configura\u00e7\u00e3o do campo magn\u00e9tico por dezenas de anos-luz ao longo do jato de OJ 287.\u201d<\/p>\n<p>O artigo est\u00e1 dispon\u00edvel on-line e pode ser lido\u00a0<a href=\"https:\/\/www.aanda.org\/articles\/aa\/full_html\/2026\/01\/aa55831-25\/aa55831-25.html\" target=\"_blank\" rel=\"noopener nofollow\">aqui<\/a>.<\/p>\n<p>*Com informa\u00e7\u00f5es da Colabora\u00e7\u00e3o EHT. Adaptado para o\u00a0<strong>Jornal da USP<\/strong><\/p>\n<p>**Estagi\u00e1ria sob orienta\u00e7\u00e3o de Mois\u00e9s Dorado<\/p>\n","protected":false},"excerpt":{"rendered":"O Instituto de Astronomia, Geof\u00edsica e Ci\u00eancias Atmosf\u00e9ricas (IAG) da USP passou a integrar formalmente a colabora\u00e7\u00e3o EHT&hellip;\n","protected":false},"author":2,"featured_media":222511,"comment_status":"","ping_status":"","sticky":false,"template":"","format":"standard","meta":{"footnotes":""},"categories":[84],"tags":[109,107,108,32,33,105,103,104,106,110],"class_list":{"0":"post-222510","1":"post","2":"type-post","3":"status-publish","4":"format-standard","5":"has-post-thumbnail","7":"category-ciencia-e-tecnologia","8":"tag-ciencia","9":"tag-ciencia-e-tecnologia","10":"tag-cienciaetecnologia","11":"tag-portugal","12":"tag-pt","13":"tag-science","14":"tag-science-and-technology","15":"tag-scienceandtechnology","16":"tag-technology","17":"tag-tecnologia"},"share_on_mastodon":{"url":"https:\/\/pubeurope.com\/@pt\/115866674394221200","error":""},"_links":{"self":[{"href":"https:\/\/www.europesays.com\/pt\/wp-json\/wp\/v2\/posts\/222510","targetHints":{"allow":["GET"]}}],"collection":[{"href":"https:\/\/www.europesays.com\/pt\/wp-json\/wp\/v2\/posts"}],"about":[{"href":"https:\/\/www.europesays.com\/pt\/wp-json\/wp\/v2\/types\/post"}],"author":[{"embeddable":true,"href":"https:\/\/www.europesays.com\/pt\/wp-json\/wp\/v2\/users\/2"}],"replies":[{"embeddable":true,"href":"https:\/\/www.europesays.com\/pt\/wp-json\/wp\/v2\/comments?post=222510"}],"version-history":[{"count":0,"href":"https:\/\/www.europesays.com\/pt\/wp-json\/wp\/v2\/posts\/222510\/revisions"}],"wp:featuredmedia":[{"embeddable":true,"href":"https:\/\/www.europesays.com\/pt\/wp-json\/wp\/v2\/media\/222511"}],"wp:attachment":[{"href":"https:\/\/www.europesays.com\/pt\/wp-json\/wp\/v2\/media?parent=222510"}],"wp:term":[{"taxonomy":"category","embeddable":true,"href":"https:\/\/www.europesays.com\/pt\/wp-json\/wp\/v2\/categories?post=222510"},{"taxonomy":"post_tag","embeddable":true,"href":"https:\/\/www.europesays.com\/pt\/wp-json\/wp\/v2\/tags?post=222510"}],"curies":[{"name":"wp","href":"https:\/\/api.w.org\/{rel}","templated":true}]}}