{"id":222514,"date":"2026-01-09T18:59:10","date_gmt":"2026-01-09T18:59:10","guid":{"rendered":"https:\/\/www.europesays.com\/pt\/222514\/"},"modified":"2026-01-09T18:59:10","modified_gmt":"2026-01-09T18:59:10","slug":"trump-afirma-ter-cancelado-segundo-ataque-a-venezuela-apos-libertacao-de-presos-politicos-expresso","status":"publish","type":"post","link":"https:\/\/www.europesays.com\/pt\/222514\/","title":{"rendered":"Trump afirma ter cancelado segundo ataque \u00e0 Venezuela ap\u00f3s liberta\u00e7\u00e3o de presos pol\u00edticos &#8211; Expresso"},"content":{"rendered":"<ol>\n<li><a href=\"https:\/\/news.google.com\/rss\/articles\/CBMi_AFBVV95cUxNcldiNGVBaEk0UUhFZHEzdVFJenE5elczRDZfd21LdjFpVldaM3dNQTZBM0lIYVpfUGVQM2FSU3ZaWHZJVGRNSU8wc2d5NC1Uc3c5cWdIRVVZR211d0pwY3Z4RUFxQWl4d3lEc3ZTcHM2TVFVYWhZYjFRZkpJcURfQ2tUMFE5WXVTVC01REdsdEVXWFk1WUFmMWkxd09Fel9FN0o0R1NOSGw3NVQzdHozc2kwY0xxZlRfYWtVRWp4WEdhbDR4TEZFWkNseWFDeGliZ2RTSndxcExuNTFwdnRvVXZxUHE0SjU4UXQ3amtCQlp6QUhHRFZZaWpjdUXSAYICQVVfeXFMTnJtSy1SN1ZVUEctenhieG9OQm1HUlF2X2Y5bE8yaF8wSUhrcnA3NGtCYWZzS2N5S3RFLTdOcHpFMVJ5d2R4ZW1OU19YQUF3U0ppYmg2bWNhYWRrdWlBWTJZRWZoOEdHbkxoblZaeGc5QUtLM3pMcWFBVjI2UzJKYlNDY0sxT3poRGh2eHY4WUp4cFlwcUNWSG1QajdfUWtHYWNnRXNaQmxybDFNbjluTVBuX2pGQXdnTzJYeC0tZVNpUU5RMU02a3lFZTI5aVo0TWJJUER1M1MzcDdnbVRUVXU5STYyS0lwMzZwMjFYOWJBQTRuSjNfdkNSbXRXdWRhN0p3?oc=5\" target=\"_blank\" rel=\"nofollow noopener\">Trump afirma ter cancelado segundo ataque \u00e0 Venezuela ap\u00f3s liberta\u00e7\u00e3o de presos pol\u00edticos<\/a>&nbsp;&nbsp;Expresso<\/li>\n<li><a href=\"https:\/\/news.google.com\/rss\/articles\/CBMi9wFBVV95cUxQR3pEeUlxdkExeWk3NTZpTUhCbThVdWR2WC1tVzgwSzh2OUJOVVdpdVBJVDEtbkZYa0F6UWQwSGZDM3p6WHFVSE1GYjkwNmY1aG54Uy1NNmh3WE03UGtHampUZm52X0Vja1VNNHhkZEdoRk1aYkNIUk9wSEZiTlZtNGduZ0htX0JJSGdjempmR3ozM09TV2l0RFFpLTZ6SnhNNTV6R1ZoUW1vU0lld0ZaVjFvdmpRcW1hUURRUFkzS3dEdjIySTVJdFNfQ2xacW9pOTN2c29kb3RCYW8wc0Q5bXRJNDZDdmFxSWxSdmtmeW1fSVNtQW1N0gGGAkFVX3lxTE5fN2RkRGk4Z2x5Qmc3VkNNbXdBV1I0YnliOHg1eHgtVVM5RnJTZTFaaGFVXzV5RnNpXzR4VjU2RTRyeEhkRlJYVVI5Vk1ld3lVbl83V2M5OWRtZFNNemotMlpqTGVDbTJCLUxMa3NXTHRjNTR1UDlUSjRGWlJYeFBaTTVsMWg3c19LQXhWeTZhQ3ZaSzM5dTZpOXN5d2pLVkY2QTE0X2dGbmNFRDhvM2MtakxSX0xzaTVlRHVoUTNZcW14Tmlsb0dFQ0lRV3FDd2lmX09ZOGMydE54dVFISUV2QWRxNnVLb243YW1pMEpvNGlxODVzVVMteEtyTExlazBaRVpvZGc?oc=5\" target=\"_blank\" rel=\"nofollow noopener\">Em regime reciclado sob a tutela dos EUA, Delcy Rodr\u00edguez envia sinais contradit\u00f3rios na Venezuela<\/a>&nbsp;&nbsp;G1<\/li>\n<li><a href=\"https:\/\/news.google.com\/rss\/articles\/CBMiqAFBVV95cUxNWm1GR1R6Q2hWYnNyRGpBX1VYYWozcGtSandYcEI1Y1JBelZNRWlXeVRZZlZ4Yy1fa04xTjZyMUVYaGdHWkFwbTRmVVlEamh3MlFDODJidldDVHE2RzJ2UWtZYlZNUUpFdzNnVnVKNjUxSnZ6QkMwd1pRS2FQNG8xcGJuRVlTdzYwdEZuLS1ULWJmMG5kcENuTXMzRjVrUTRyZmRxUHNqQmjSAa4BQVVfeXFMT3Y3dGtFY1lNcWZhb3R3cEdESTcwUVJZejRHNW9fZG5DMmxNSExfaEJjanpRSTVvcjZNdjEzUTVQSXptVk5zbWVZeVh3NVNSQlp3VTJEeWRITmpNbU1aMzA5RlJFZFViZDVmUF8wZUtmdjE3b2hWc0pNOEVLRFJuQ2NVNGJwUEppMEdTS3dkaDdQakRTU3JrZmtWVkNhMU14ZXdrVHV5a1dlSTBCNTNB?oc=5\" target=\"_blank\" rel=\"nofollow noopener\">Oito presos pol\u00edticos foram soltos na Venezuela, diz ONG<\/a>&nbsp;&nbsp;Folha de S.Paulo<\/li>\n<li><a href=\"https:\/\/news.google.com\/rss\/articles\/CBMipAFBVV95cUxQclRLYzAtSkNuVmZsNTlLNnBLQWNYa0VtdnY2clJ2UWkwXzVRNUZQR0E5eE5KelctbUxiMi14eHV6Z2c1ckFxQ3h1ZXhXekRrZUdCSWdYa2JPa1JLeDRlVmZ6VXZ0QWF5bjZYbmFYbWJ1bjFiR1ZKX1B3c1Q2NFg1NUFBclFFT1B6NDVzX1ZFdmU1MkhjemYzdUJjUDJxLTR1OG5MZg?oc=5\" target=\"_blank\" rel=\"nofollow noopener\">Saiba quem s\u00e3o os presos pol\u00edticos libertados na Venezuela<\/a>&nbsp;&nbsp;CNN Brasil<\/li>\n<li><a href=\"https:\/\/news.google.com\/rss\/articles\/CBMirwFBVV95cUxNUVAwMGhFSkNGZ3JKdjRaVGpEREdIU2w2NnRyWk9kNmxnTWxpMXU1NnlTVF9kc2Y3TVBLMzI2MmJzd2hzS2tGaFBhTlUtT3NKd18zel9sVTJlMDFrNXktc1JyOVNlZ0lncnluMGliMXZmMS1pUzVmcXdOanRhQ3FSSW5VTjlNV1JlUTFNTERBYlBaRjVhX2o3aTI2R2M4RWYxRldIU1RoQ2xWLU1vejkw?oc=5\" target=\"_blank\" rel=\"nofollow noopener\">Trump anuncia que petrol\u00edferas dos EUA investir\u00e3o US$ 100 bilh\u00f5es na Venezuela<\/a>&nbsp;&nbsp;VEJA<\/li>\n<\/ol>\n","protected":false},"excerpt":{"rendered":"Trump afirma ter cancelado segundo ataque \u00e0 Venezuela ap\u00f3s liberta\u00e7\u00e3o de presos pol\u00edticos&nbsp;&nbsp;Expresso Em regime reciclado sob a&hellip;\n","protected":false},"author":2,"featured_media":196976,"comment_status":"","ping_status":"","sticky":false,"template":"","format":"standard","meta":{"footnotes":""},"categories":[50],"tags":[27,28,15,16,14,25,26,21,22,62,12,13,19,20,23,24,17,18,29,30,31,63,64,65],"class_list":{"0":"post-222514","1":"post","2":"type-post","3":"status-publish","4":"format-standard","5":"has-post-thumbnail","7":"category-mundo","8":"tag-breaking-news","9":"tag-breakingnews","10":"tag-featured-news","11":"tag-featurednews","12":"tag-headlines","13":"tag-latest-news","14":"tag-latestnews","15":"tag-main-news","16":"tag-mainnews","17":"tag-mundo","18":"tag-news","19":"tag-noticias","20":"tag-noticias-principais","21":"tag-noticiasprincipais","22":"tag-principais-noticias","23":"tag-principaisnoticias","24":"tag-top-stories","25":"tag-topstories","26":"tag-ultimas","27":"tag-ultimas-noticias","28":"tag-ultimasnoticias","29":"tag-world","30":"tag-world-news","31":"tag-worldnews"},"share_on_mastodon":{"url":"https:\/\/pubeurope.com\/@pt\/115866682214648977","error":""},"_links":{"self":[{"href":"https:\/\/www.europesays.com\/pt\/wp-json\/wp\/v2\/posts\/222514","targetHints":{"allow":["GET"]}}],"collection":[{"href":"https:\/\/www.europesays.com\/pt\/wp-json\/wp\/v2\/posts"}],"about":[{"href":"https:\/\/www.europesays.com\/pt\/wp-json\/wp\/v2\/types\/post"}],"author":[{"embeddable":true,"href":"https:\/\/www.europesays.com\/pt\/wp-json\/wp\/v2\/users\/2"}],"replies":[{"embeddable":true,"href":"https:\/\/www.europesays.com\/pt\/wp-json\/wp\/v2\/comments?post=222514"}],"version-history":[{"count":0,"href":"https:\/\/www.europesays.com\/pt\/wp-json\/wp\/v2\/posts\/222514\/revisions"}],"wp:featuredmedia":[{"embeddable":true,"href":"https:\/\/www.europesays.com\/pt\/wp-json\/wp\/v2\/media\/196976"}],"wp:attachment":[{"href":"https:\/\/www.europesays.com\/pt\/wp-json\/wp\/v2\/media?parent=222514"}],"wp:term":[{"taxonomy":"category","embeddable":true,"href":"https:\/\/www.europesays.com\/pt\/wp-json\/wp\/v2\/categories?post=222514"},{"taxonomy":"post_tag","embeddable":true,"href":"https:\/\/www.europesays.com\/pt\/wp-json\/wp\/v2\/tags?post=222514"}],"curies":[{"name":"wp","href":"https:\/\/api.w.org\/{rel}","templated":true}]}}