{"id":222515,"date":"2026-01-09T19:00:07","date_gmt":"2026-01-09T19:00:07","guid":{"rendered":"https:\/\/www.europesays.com\/pt\/222515\/"},"modified":"2026-01-09T19:00:07","modified_gmt":"2026-01-09T19:00:07","slug":"percorre-portugal-em-transportes-publicos-e-vestido-de-dom-afonso-henriques","status":"publish","type":"post","link":"https:\/\/www.europesays.com\/pt\/222515\/","title":{"rendered":"Percorre Portugal em transportes p\u00fablicos e vestido de Dom Afonso Henriques"},"content":{"rendered":"<p data-remotead-prev-elm=\"true\" data-remotead-elm-id=\"inread\">Humberto Correia, candidato presidencial de Olh\u00e3o, surpreende por percorrer o pa\u00eds de norte a sul em campanha vestido como Dom Afonso Henriques, a contactar diretamente na rua os eleitores para falar sobre as principais preocupa\u00e7\u00f5es, como a habita\u00e7\u00e3o e a pobreza. O pintor e autor de 64 anos, que reuniu ao longo de quatro anos as quase dez mil assinaturas necess\u00e1rias para oficializar a candidatura, esteve hoje em Set\u00fabal a captar eleitores, vestido como o primeiro Rei de Portugal.<\/p>\n","protected":false},"excerpt":{"rendered":"Humberto Correia, candidato presidencial de Olh\u00e3o, surpreende por percorrer o pa\u00eds de norte a sul em campanha vestido&hellip;\n","protected":false},"author":2,"featured_media":222516,"comment_status":"","ping_status":"","sticky":false,"template":"","format":"standard","meta":{"footnotes":""},"categories":[10],"tags":[27,28,1705,15,16,14,25,26,21,22,619,12,13,19,20,32,5215,1076,23,24,33,17,18,29,30,31],"class_list":{"0":"post-222515","1":"post","2":"type-post","3":"status-publish","4":"format-standard","5":"has-post-thumbnail","7":"category-portugal","8":"tag-breaking-news","9":"tag-breakingnews","10":"tag-eleicoes-presidenciais","11":"tag-featured-news","12":"tag-featurednews","13":"tag-headlines","14":"tag-latest-news","15":"tag-latestnews","16":"tag-main-news","17":"tag-mainnews","18":"tag-nacional","19":"tag-news","20":"tag-noticias","21":"tag-noticias-principais","22":"tag-noticiasprincipais","23":"tag-portugal","24":"tag-presidenciais","25":"tag-presidenciais-2026","26":"tag-principais-noticias","27":"tag-principaisnoticias","28":"tag-pt","29":"tag-top-stories","30":"tag-topstories","31":"tag-ultimas","32":"tag-ultimas-noticias","33":"tag-ultimasnoticias"},"share_on_mastodon":{"url":"https:\/\/pubeurope.com\/@pt\/115866686186871592","error":""},"_links":{"self":[{"href":"https:\/\/www.europesays.com\/pt\/wp-json\/wp\/v2\/posts\/222515","targetHints":{"allow":["GET"]}}],"collection":[{"href":"https:\/\/www.europesays.com\/pt\/wp-json\/wp\/v2\/posts"}],"about":[{"href":"https:\/\/www.europesays.com\/pt\/wp-json\/wp\/v2\/types\/post"}],"author":[{"embeddable":true,"href":"https:\/\/www.europesays.com\/pt\/wp-json\/wp\/v2\/users\/2"}],"replies":[{"embeddable":true,"href":"https:\/\/www.europesays.com\/pt\/wp-json\/wp\/v2\/comments?post=222515"}],"version-history":[{"count":0,"href":"https:\/\/www.europesays.com\/pt\/wp-json\/wp\/v2\/posts\/222515\/revisions"}],"wp:featuredmedia":[{"embeddable":true,"href":"https:\/\/www.europesays.com\/pt\/wp-json\/wp\/v2\/media\/222516"}],"wp:attachment":[{"href":"https:\/\/www.europesays.com\/pt\/wp-json\/wp\/v2\/media?parent=222515"}],"wp:term":[{"taxonomy":"category","embeddable":true,"href":"https:\/\/www.europesays.com\/pt\/wp-json\/wp\/v2\/categories?post=222515"},{"taxonomy":"post_tag","embeddable":true,"href":"https:\/\/www.europesays.com\/pt\/wp-json\/wp\/v2\/tags?post=222515"}],"curies":[{"name":"wp","href":"https:\/\/api.w.org\/{rel}","templated":true}]}}