{"id":222517,"date":"2026-01-09T19:01:09","date_gmt":"2026-01-09T19:01:09","guid":{"rendered":"https:\/\/www.europesays.com\/pt\/222517\/"},"modified":"2026-01-09T19:01:09","modified_gmt":"2026-01-09T19:01:09","slug":"portugal-com-a-segunda-maior-subida-europeia-no-preco-das-casas-em-10-anos-habitacao","status":"publish","type":"post","link":"https:\/\/www.europesays.com\/pt\/222517\/","title":{"rendered":"Portugal com a segunda maior subida europeia no pre\u00e7o das casas em 10 anos &#8211; Habita\u00e7\u00e3o"},"content":{"rendered":"<p class=\"\">&#13;<br \/>\n        O pre\u00e7o das casas continua a aumentar no bloco europeu e Portugal registou a segunda maior subida no espa\u00e7o de 10 anos. Os dados divulgados pelo Eurostat esta sexta-feira, 9 de janeiro, mostram<b> que Portugal fica apenas atr\u00e1s da Hungria.<\/b>&#13;\n    <\/p>\n<p class=\"\">&#13;<br \/>\n        O gabinete estat\u00edstico europeu evidencia que os pre\u00e7os das casas na Uni\u00e3o Europeia subiram 5,5% no terceiro trimestre de 2025, quando comparado com o per\u00edodo hom\u00f3logo, enquanto as rendas aumentaram 3,1%. A subida \u00e9 menos acentuada quando comparado com o trimestre anterior, com os pre\u00e7os das casas a crescer 1,6% e as rendas a subir 0,9%.&#13;\n    <\/p>\n<p class=\"\">&#13;<br \/>\n        No terceiro trimestre de 2025, os pre\u00e7os as casas em Portugal subiram ainda 17,7%, atr\u00e1s da Hungria, cujos pre\u00e7os deram um salto de 21,1%. Quando comparado com o trimestre anterior, o territ\u00f3rio nacional registou a terceira maior subida entre os pa\u00edses da UE, na ordem dos 4,1%.&#13;\n    <\/p>\n<p class=\"\">&#13;<br \/>\n        A an\u00e1lise do Eurostat, contudo, vai al\u00e9m do trimestre e da compara\u00e7\u00e3o com 2024. &#8220;Durante a \u00faltima d\u00e9cada,<b> entre 2015 e o terceiro trimestre de 2025, os pre\u00e7os das casas na UE aumentaram em 63,6% e as rendas subiram 21,1%<\/b>&#8220;, l\u00ea-se na an\u00e1lise, com o gabinete a indicar que os indicadores &#8220;seguiram comportamentos semelhantes entre 2010 e o segundo trimestre de 2011, mas desde ent\u00e3o evolu\u00edram de forma diferente. &#13;\n    <\/p>\n<p class=\"\">&#13;<br \/>\n        Desde 2011 que os pre\u00e7os das casas mostraram um padr\u00e3o mais vari\u00e1vel, com quebra, estagna\u00e7\u00e3o e nos \u00faltimos trimestres uma r\u00e1pida subida. J\u00e1 os pre\u00e7os das rendas t\u00eam vindo a aumentar de forma constante, ainda que um ritmo mais lento.&#13;\n    <\/p>\n<p class=\"\">&#13;<br \/>\n        No espa\u00e7o de 10 anos, &#8220;os pre\u00e7os das casas mais do que triplicaram na Hungria (+275%) e mais do que duplicaram em 11 pa\u00edses,<b> com os maiores aumentos registados em Portugal (+169%),<\/b> Litu\u00e2nia (+162%) e Bulg\u00e1ria (+156%)&#8221;. Por sua vez, a Finl\u00e2ndia foi o \u00fanico pa\u00eds onde os pre\u00e7os das casas diminu\u00edram, na ordem dos 2%.&#13;\n    <\/p>\n<p class=\"\">&#13;<br \/>\n        No pre\u00e7o das rendas, Portugal est\u00e1 a meio da tabela. A Hungria assistiu a um aumento de 107% no espa\u00e7o de 10 anos, enquanto na Litu\u00e2nia subiu 85% e na Eslov\u00e9nia 76%.&#13;\n    <\/p>\n","protected":false},"excerpt":{"rendered":"&#13; O pre\u00e7o das casas continua a aumentar no bloco europeu e Portugal registou a segunda maior subida&hellip;\n","protected":false},"author":2,"featured_media":222518,"comment_status":"","ping_status":"","sticky":false,"template":"","format":"standard","meta":{"footnotes":""},"categories":[8],"tags":[27,28,846,15,16,14,1991,25,26,21,22,12,13,19,20,32,1503,23,24,33,17,18,29,30,31,636],"class_list":{"0":"post-222517","1":"post","2":"type-post","3":"status-publish","4":"format-standard","5":"has-post-thumbnail","7":"category-principais-noticias","8":"tag-breaking-news","9":"tag-breakingnews","10":"tag-eurostat","11":"tag-featured-news","12":"tag-featurednews","13":"tag-headlines","14":"tag-hungria","15":"tag-latest-news","16":"tag-latestnews","17":"tag-main-news","18":"tag-mainnews","19":"tag-news","20":"tag-noticias","21":"tag-noticias-principais","22":"tag-noticiasprincipais","23":"tag-portugal","24":"tag-precos","25":"tag-principais-noticias","26":"tag-principaisnoticias","27":"tag-pt","28":"tag-top-stories","29":"tag-topstories","30":"tag-ultimas","31":"tag-ultimas-noticias","32":"tag-ultimasnoticias","33":"tag-uniao-europeia"},"share_on_mastodon":{"url":"https:\/\/pubeurope.com\/@pt\/115866690072596597","error":""},"_links":{"self":[{"href":"https:\/\/www.europesays.com\/pt\/wp-json\/wp\/v2\/posts\/222517","targetHints":{"allow":["GET"]}}],"collection":[{"href":"https:\/\/www.europesays.com\/pt\/wp-json\/wp\/v2\/posts"}],"about":[{"href":"https:\/\/www.europesays.com\/pt\/wp-json\/wp\/v2\/types\/post"}],"author":[{"embeddable":true,"href":"https:\/\/www.europesays.com\/pt\/wp-json\/wp\/v2\/users\/2"}],"replies":[{"embeddable":true,"href":"https:\/\/www.europesays.com\/pt\/wp-json\/wp\/v2\/comments?post=222517"}],"version-history":[{"count":0,"href":"https:\/\/www.europesays.com\/pt\/wp-json\/wp\/v2\/posts\/222517\/revisions"}],"wp:featuredmedia":[{"embeddable":true,"href":"https:\/\/www.europesays.com\/pt\/wp-json\/wp\/v2\/media\/222518"}],"wp:attachment":[{"href":"https:\/\/www.europesays.com\/pt\/wp-json\/wp\/v2\/media?parent=222517"}],"wp:term":[{"taxonomy":"category","embeddable":true,"href":"https:\/\/www.europesays.com\/pt\/wp-json\/wp\/v2\/categories?post=222517"},{"taxonomy":"post_tag","embeddable":true,"href":"https:\/\/www.europesays.com\/pt\/wp-json\/wp\/v2\/tags?post=222517"}],"curies":[{"name":"wp","href":"https:\/\/api.w.org\/{rel}","templated":true}]}}