{"id":222538,"date":"2026-01-09T19:17:08","date_gmt":"2026-01-09T19:17:08","guid":{"rendered":"https:\/\/www.europesays.com\/pt\/222538\/"},"modified":"2026-01-09T19:17:08","modified_gmt":"2026-01-09T19:17:08","slug":"caua-reymond-reflete-sobre-namoros-da-filha-adolescente-o-que-ela","status":"publish","type":"post","link":"https:\/\/www.europesays.com\/pt\/222538\/","title":{"rendered":"Cau\u00e3 Reymond reflete sobre namoros da filha adolescente: \u201cO que ela\u201d"},"content":{"rendered":"<p>O ator <a href=\"https:\/\/caras.com.br\/tags\/caua-reymond\" rel=\"nofollow noopener\" target=\"_blank\"><strong>Cau\u00e3 Reymond<\/strong><\/a> falou abertamente sobre a rela\u00e7\u00e3o com a filha, <strong>Sofia,<\/strong> durante uma entrevista concedida na \u00faltima quinta-feira, 9, nos bastidores de Jogada de Risco, nova s\u00e9rie da Globoplay, que tem estreia prevista para 2026.<\/p>\n<p>Durante o bate-papo, o ator comentou a rotina ao lado da filha adolescente, de 13 anos, fruto do antigo relacionamento com <strong><a href=\"https:\/\/caras.com.br\/tags\/grazi-massafera\" rel=\"nofollow noopener\" target=\"_blank\">Grazi Massafera<\/a>,<\/strong> e abordou temas como festas, limites, confian\u00e7a e namoro nessa nova fase.<\/p>\n<p>Ao falar sobre a possibilidade de a filha come\u00e7ar a namorar, Cau\u00e3 destacou que a prioridade \u00e9 que ela se sinta segura dentro de casa. \u201cEu quero que ela namore dentro de casa, se ela namorar menino ou menina, o que ela decidir vai ser abra\u00e7ada. O lar \u00e9 para isso\u201d, afirmou o ator \u00e0 rep\u00f3rter <strong>Monique Arruda,<\/strong> do portal LeoDias.<\/p>\n<p>Questionado se a filha j\u00e1 tem namorado, o ator disse que n\u00e3o e avaliou o momento como parte natural do crescimento. \u201cN\u00e3o, acho que nessa idade surge para todo mundo. Essa curiosidade, o primeiro beijo\u2026 essa coisa acontece, vou dar o tempo dela\u201d, afirmou.<\/p>\n<p>\t Cau\u00e3 Reymond comenta rela\u00e7\u00e3o com a filha <\/p>\n<p>Segundo Cau\u00e3, Sofia tem uma rotina compat\u00edvel com a idade. Ele contou que a filha gosta de sair, vai a shows e festas, mas que existe um acordo claro sobre hor\u00e1rios. \u201cEu sou organizado [em rela\u00e7\u00e3o \u00e0 hora de busc\u00e1-la]. Meia-noite \u00e9 meia-noite. Mas tamb\u00e9m na idade dela, tem 13 anos. Os outros pais tamb\u00e9m querem que a festa acabe. N\u00e3o tem essa coisa de ir at\u00e9 mais tarde, pelo menos por enquanto. Estou dan\u00e7ando conforme a m\u00fasica\u201d, explicou.<\/p>\n<p>Durante a entrevista, Cau\u00e3 tamb\u00e9m comentou sobre a rela\u00e7\u00e3o de confian\u00e7a que busca construir com Sofia. Segundo ele, o objetivo \u00e9 que a filha se sinta \u00e0 vontade para conversar sobre qualquer assunto. \u201cTenho trabalhado para que ela confie em mim ao ponto de contar tudo\u201d, disse.<\/p>\n<blockquote class=\"instagram-media\" style=\"background: #FFF; border: 0; border-radius: 3px; box-shadow: 0 0 1px 0 rgba(0,0,0,0.5),0 1px 10px 0 rgba(0,0,0,0.15); margin: 1px; max-width: 540px; min-width: 326px; padding: 0; width: calc(100% - 2px);\" data-instgrm-captioned=\"\" data-instgrm-permalink=\"https:\/\/www.instagram.com\/p\/DM5Pk1KMCWN\/?utm_source=ig_embed&amp;utm_campaign=loading\" data-instgrm-version=\"14\"><\/blockquote>\n<blockquote class=\"instagram-media\" style=\"background: #FFF; border: 0; border-radius: 3px; box-shadow: 0 0 1px 0 rgba(0,0,0,0.5),0 1px 10px 0 rgba(0,0,0,0.15); margin: 1px; max-width: 540px; min-width: 326px; padding: 0; width: calc(100% - 2px);\" data-instgrm-captioned=\"\" data-instgrm-permalink=\"https:\/\/www.instagram.com\/p\/DKA0DvUppo3\/?utm_source=ig_embed&amp;utm_campaign=loading\" data-instgrm-version=\"14\"><\/blockquote>\n<p>Leia tamb\u00e9m: <a href=\"https:\/\/caras.com.br\/beleza\/filha-de-grazi-massafera-e-caua-reymond-impressiona-ao-surgir-com-fantasia-autentica.phtml\" rel=\"nofollow noopener\" target=\"_blank\">Filha de Grazi Massafera e Cau\u00e3 Reymond impressiona ao surgir com fantasia aut\u00eantica<\/a><\/p>\n<p>        <a href=\"https:\/\/caras.com.br\/autor\/izabella-nicolau\" rel=\"nofollow noopener\" target=\"_blank\">&#13;<br \/>\n          <img loading=\"lazy\" decoding=\"async\" alt=\"Izabella Nicolau\" src=\"https:\/\/www.europesays.com\/pt\/wp-content\/uploads\/2025\/10\/1761546134_794_whatsapp_image_2025-08-12_at_15.10.50_1_sqmd.jpeg\" class=\"avatar avatar-115 photo rounded-circle\" height=\"115\" width=\"115\"\/>        <\/a><\/p>\n<p><strong>Izabella Nicolau<\/strong> \u00e9 rep\u00f3rter de conte\u00fado do site CARAS. Formada em jornalismo, j\u00e1 passou por sites como Observat\u00f3rio do Cinema e Ultraverso. Escreve sobre cultura, entretenimento e celebridades.<\/p>\n<p>\t                                            <script async src=\"\/\/www.instagram.com\/embed.js\"><\/script><\/p>\n","protected":false},"excerpt":{"rendered":"O ator Cau\u00e3 Reymond falou abertamente sobre a rela\u00e7\u00e3o com a filha, Sofia, durante uma entrevista concedida na&hellip;\n","protected":false},"author":2,"featured_media":222539,"comment_status":"","ping_status":"","sticky":false,"template":"","format":"standard","meta":{"footnotes":""},"categories":[145],"tags":[1939,211,210,114,115,42930,9535,4375,32,33],"class_list":{"0":"post-222538","1":"post","2":"type-post","3":"status-publish","4":"format-standard","5":"has-post-thumbnail","7":"category-celebridades","8":"tag-caua-reymond","9":"tag-celebridades","10":"tag-celebrities","11":"tag-entertainment","12":"tag-entretenimento","13":"tag-filha-caua-reymond","14":"tag-filha-grazi-massafera","15":"tag-grazi-massafera","16":"tag-portugal","17":"tag-pt"},"share_on_mastodon":{"url":"https:\/\/pubeurope.com\/@pt\/115866752967727151","error":""},"_links":{"self":[{"href":"https:\/\/www.europesays.com\/pt\/wp-json\/wp\/v2\/posts\/222538","targetHints":{"allow":["GET"]}}],"collection":[{"href":"https:\/\/www.europesays.com\/pt\/wp-json\/wp\/v2\/posts"}],"about":[{"href":"https:\/\/www.europesays.com\/pt\/wp-json\/wp\/v2\/types\/post"}],"author":[{"embeddable":true,"href":"https:\/\/www.europesays.com\/pt\/wp-json\/wp\/v2\/users\/2"}],"replies":[{"embeddable":true,"href":"https:\/\/www.europesays.com\/pt\/wp-json\/wp\/v2\/comments?post=222538"}],"version-history":[{"count":0,"href":"https:\/\/www.europesays.com\/pt\/wp-json\/wp\/v2\/posts\/222538\/revisions"}],"wp:featuredmedia":[{"embeddable":true,"href":"https:\/\/www.europesays.com\/pt\/wp-json\/wp\/v2\/media\/222539"}],"wp:attachment":[{"href":"https:\/\/www.europesays.com\/pt\/wp-json\/wp\/v2\/media?parent=222538"}],"wp:term":[{"taxonomy":"category","embeddable":true,"href":"https:\/\/www.europesays.com\/pt\/wp-json\/wp\/v2\/categories?post=222538"},{"taxonomy":"post_tag","embeddable":true,"href":"https:\/\/www.europesays.com\/pt\/wp-json\/wp\/v2\/tags?post=222538"}],"curies":[{"name":"wp","href":"https:\/\/api.w.org\/{rel}","templated":true}]}}