{"id":222540,"date":"2026-01-09T19:20:15","date_gmt":"2026-01-09T19:20:15","guid":{"rendered":"https:\/\/www.europesays.com\/pt\/222540\/"},"modified":"2026-01-09T19:20:15","modified_gmt":"2026-01-09T19:20:15","slug":"bom-dia-portugal-de-08-jan-2026","status":"publish","type":"post","link":"https:\/\/www.europesays.com\/pt\/222540\/","title":{"rendered":"Bom Dia Portugal de 08 jan 2026"},"content":{"rendered":"<p class=\"sinopse-text mCustomScrollbar\" data-mcs-theme=\"rtp-play-theme\">\n                E porque \u00e9 de manh\u00e3 que come\u00e7a o dia, ent\u00e3o inicie-o na nossa companhia!<br \/>\n                O Bom Dia Portugal \u00e9 um programa de informa\u00e7\u00e3o apresentado por Jo\u00e3o Tom\u00e9 de Carvalho e Carla Trafaria, de 2\u00aa a 6\u00aa feira entre as 06:30h e as 10:00h. &#13;<br \/>Todos os dias, o Bom Dia Portugal dedica espa\u00e7os espec\u00edficos \u00e0s not\u00edcias da atualidade nacional e internacional, desporto, meteorologia, tr\u00e2nsito e economia.\n              <\/p>\n","protected":false},"excerpt":{"rendered":"E porque \u00e9 de manh\u00e3 que come\u00e7a o dia, ent\u00e3o inicie-o na nossa companhia! O Bom Dia Portugal&hellip;\n","protected":false},"author":2,"featured_media":219474,"comment_status":"","ping_status":"","sticky":false,"template":"","format":"standard","meta":{"footnotes":""},"categories":[142],"tags":[42931,42568,114,115,39258,32,5593,33,20936,2132,42570,151,578],"class_list":{"0":"post-222540","1":"post","2":"type-post","3":"status-publish","4":"format-standard","5":"has-post-thumbnail","7":"category-tv","8":"tag-08-jan-2026","9":"tag-bom-dia-portugal","10":"tag-entertainment","11":"tag-entretenimento","12":"tag-informao","13":"tag-portugal","14":"tag-programas","15":"tag-pt","16":"tag-rtp-play","17":"tag-rtp1","18":"tag-temporada-2026","19":"tag-tv","20":"tag-video"},"share_on_mastodon":{"url":"https:\/\/pubeurope.com\/@pt\/115866764818041642","error":""},"_links":{"self":[{"href":"https:\/\/www.europesays.com\/pt\/wp-json\/wp\/v2\/posts\/222540","targetHints":{"allow":["GET"]}}],"collection":[{"href":"https:\/\/www.europesays.com\/pt\/wp-json\/wp\/v2\/posts"}],"about":[{"href":"https:\/\/www.europesays.com\/pt\/wp-json\/wp\/v2\/types\/post"}],"author":[{"embeddable":true,"href":"https:\/\/www.europesays.com\/pt\/wp-json\/wp\/v2\/users\/2"}],"replies":[{"embeddable":true,"href":"https:\/\/www.europesays.com\/pt\/wp-json\/wp\/v2\/comments?post=222540"}],"version-history":[{"count":0,"href":"https:\/\/www.europesays.com\/pt\/wp-json\/wp\/v2\/posts\/222540\/revisions"}],"wp:featuredmedia":[{"embeddable":true,"href":"https:\/\/www.europesays.com\/pt\/wp-json\/wp\/v2\/media\/219474"}],"wp:attachment":[{"href":"https:\/\/www.europesays.com\/pt\/wp-json\/wp\/v2\/media?parent=222540"}],"wp:term":[{"taxonomy":"category","embeddable":true,"href":"https:\/\/www.europesays.com\/pt\/wp-json\/wp\/v2\/categories?post=222540"},{"taxonomy":"post_tag","embeddable":true,"href":"https:\/\/www.europesays.com\/pt\/wp-json\/wp\/v2\/tags?post=222540"}],"curies":[{"name":"wp","href":"https:\/\/api.w.org\/{rel}","templated":true}]}}