{"id":222562,"date":"2026-01-09T19:45:16","date_gmt":"2026-01-09T19:45:16","guid":{"rendered":"https:\/\/www.europesays.com\/pt\/222562\/"},"modified":"2026-01-09T19:45:16","modified_gmt":"2026-01-09T19:45:16","slug":"o-momento-em-que-te-apaixonas-a-serio","status":"publish","type":"post","link":"https:\/\/www.europesays.com\/pt\/222562\/","title":{"rendered":"O momento em que te apaixonas a s\u00e9rio&#8230;"},"content":{"rendered":"<p>V\u00e2nia S\u00e1 foi m\u00e3e pela primeira vez na passada ter\u00e7a-feira, 6 de janeiro. Leonor nasceu de cesariana e, desde ent\u00e3o, a m\u00e3e \u2018babada\u2019 tem partilhado v\u00e1rias fotos e v\u00eddeos e ainda alguns desabafos sobre esta nova fase.<\/p>\n<p>Encantada com a beb\u00e9, a empres\u00e1ria e criadora de conte\u00fados digitais decidiu ainda declarar-se ao namorado, Andr\u00e9 Pereira.<\/p>\n<p>Atrav\u00e9s da sua conta de Instagram, V\u00e2nia S\u00e1 publicou uma foto do companheiro com a filha de ambos ao colo, no hospital, e na legenda escreveu: <strong>\u201cO momento em que te apaixonas a s\u00e9rio pelo pai da crian\u00e7a \u00e9 este. At\u00e9 l\u00e1 n\u00e3o sabem o que \u00e9 isso, garanto\u201d<\/strong>, sublinhou.<\/p>\n<p>Veja abaixo:<\/p>\n<p><img loading=\"lazy\" decoding=\"async\" class=\"alignnone wp-image-664111 size-full\" src=\"data:image\/svg+xml,%3Csvg%20xmlns=\" http:=\"\" alt=\"\" width=\"841\" height=\"1500\" data-lazy- data-lazy- data-lazy-src=\"https:\/\/www.europesays.com\/pt\/wp-content\/uploads\/2026\/01\/Captura-de-ecra-2026-01-09-as-18.01.08.png\"\/><\/p>\n","protected":false},"excerpt":{"rendered":"V\u00e2nia S\u00e1 foi m\u00e3e pela primeira vez na passada ter\u00e7a-feira, 6 de janeiro. Leonor nasceu de cesariana e,&hellip;\n","protected":false},"author":2,"featured_media":222563,"comment_status":"","ping_status":"","sticky":false,"template":"","format":"standard","meta":{"footnotes":""},"categories":[145],"tags":[211,210,114,115,1127,7399,32,33,42907],"class_list":{"0":"post-222562","1":"post","2":"type-post","3":"status-publish","4":"format-standard","5":"has-post-thumbnail","7":"category-celebridades","8":"tag-celebridades","9":"tag-celebrities","10":"tag-entertainment","11":"tag-entretenimento","12":"tag-filha","13":"tag-namorado","14":"tag-portugal","15":"tag-pt","16":"tag-vu00e2nia-su00e1"},"share_on_mastodon":{"url":"https:\/\/pubeurope.com\/@pt\/115866863057601400","error":""},"_links":{"self":[{"href":"https:\/\/www.europesays.com\/pt\/wp-json\/wp\/v2\/posts\/222562","targetHints":{"allow":["GET"]}}],"collection":[{"href":"https:\/\/www.europesays.com\/pt\/wp-json\/wp\/v2\/posts"}],"about":[{"href":"https:\/\/www.europesays.com\/pt\/wp-json\/wp\/v2\/types\/post"}],"author":[{"embeddable":true,"href":"https:\/\/www.europesays.com\/pt\/wp-json\/wp\/v2\/users\/2"}],"replies":[{"embeddable":true,"href":"https:\/\/www.europesays.com\/pt\/wp-json\/wp\/v2\/comments?post=222562"}],"version-history":[{"count":0,"href":"https:\/\/www.europesays.com\/pt\/wp-json\/wp\/v2\/posts\/222562\/revisions"}],"wp:featuredmedia":[{"embeddable":true,"href":"https:\/\/www.europesays.com\/pt\/wp-json\/wp\/v2\/media\/222563"}],"wp:attachment":[{"href":"https:\/\/www.europesays.com\/pt\/wp-json\/wp\/v2\/media?parent=222562"}],"wp:term":[{"taxonomy":"category","embeddable":true,"href":"https:\/\/www.europesays.com\/pt\/wp-json\/wp\/v2\/categories?post=222562"},{"taxonomy":"post_tag","embeddable":true,"href":"https:\/\/www.europesays.com\/pt\/wp-json\/wp\/v2\/tags?post=222562"}],"curies":[{"name":"wp","href":"https:\/\/api.w.org\/{rel}","templated":true}]}}