{"id":222580,"date":"2026-01-09T20:06:07","date_gmt":"2026-01-09T20:06:07","guid":{"rendered":"https:\/\/www.europesays.com\/pt\/222580\/"},"modified":"2026-01-09T20:06:07","modified_gmt":"2026-01-09T20:06:07","slug":"guardas-socorrem-mulher-apos-mal-subito-no-paco-municipal","status":"publish","type":"post","link":"https:\/\/www.europesays.com\/pt\/222580\/","title":{"rendered":"Guardas socorrem mulher ap\u00f3s mal s\u00fabito no Pa\u00e7o Municipal"},"content":{"rendered":"<p>&#13;<br \/>\n                        <b>Cl\u00e1udio Souza<\/b><br \/>&#13;<br \/>\n                Prote\u00e7\u00e3o ao Cidad\u00e3o&#13;\n            <\/p>\n<p>Servir, proteger, salvar vidas e ajudar o pr\u00f3ximo. Na manh\u00e3 desta quinta-feira (8), guardas civis municipais que trabalham no Pa\u00e7o Municipal socorreram uma mun\u00edcipe que passou mal.<\/p>\n<p>Eles prestaram os primeiros socorros e a mulher, que tem 51 anos, foi levada imediatamente para o Hospital Municipal Dr. Jos\u00e9 de Carvalho Florence, na Vila Industrial, na regi\u00e3o leste.<\/p>\n<p>Na unidade de sa\u00fade da Prefeitura, ela foi atendida e teve alta nesta quinta mesmo.<\/p>\n<p>A rapidez e efici\u00eancia dos guardas e dos profissionais do Hospital Municipal foram fundamentais para evitar danos maiores \u00e0 sa\u00fade da mun\u00edcipe.<\/p>\n<p>Socorro eficiente<\/p>\n<p>\u00c9 o segundo caso de socorro m\u00e9dico prestado pelos agentes no per\u00edodo de um m\u00eas.<\/p>\n<p>No \u00faltimo 7 de dezembro, cinco integrantes da corpora\u00e7\u00e3o salvaram a vida de uma mun\u00edcipe que teve um AVC (Acidente Vascular Cerebral) enquanto fazia compras de Natal com o marido e o filho de 10 anos no cal\u00e7ad\u00e3o da rua 7 de Setembro, na regi\u00e3o central. Saiba mais desta hist\u00f3ria <strong><a rel=\"noopener nofollow\" href=\"https:\/\/www.sjc.sp.gov.br\/noticias\/2025\/dezembro\/09\/atuacao-rapida-e-eficiente-da-gcm-salva-vida-no-calcadao\/\" target=\"_blank\" title=\"https:\/\/www.sjc.sp.gov.br\/noticias\/2025\/dezembro\/09\/atuacao-rapida-e-eficiente-da-gcm-salva-vida-no-calcadao\/\">aqui<\/a><\/strong>.<\/p>\n<p>&#13;<br \/>\n                    <strong>MAIS NOT\u00cdCIAS<\/strong><br \/>&#13;<br \/>\n                    <a href=\"https:\/\/www.sjc.sp.gov.br\/noticias\/?tema=12\" rel=\"nofollow noopener\" target=\"_blank\">Prote\u00e7\u00e3o ao Cidad\u00e3o<\/a>&#13;\n                <\/p>\n","protected":false},"excerpt":{"rendered":"&#13; Cl\u00e1udio Souza&#13; Prote\u00e7\u00e3o ao Cidad\u00e3o&#13; Servir, proteger, salvar vidas e ajudar o pr\u00f3ximo. Na manh\u00e3 desta quinta-feira&hellip;\n","protected":false},"author":2,"featured_media":222581,"comment_status":"","ping_status":"","sticky":false,"template":"","format":"standard","meta":{"footnotes":""},"categories":[86],"tags":[1300,116,3048,32,3046,33,3049,117,3047],"class_list":{"0":"post-222580","1":"post","2":"type-post","3":"status-publish","4":"format-standard","5":"has-post-thumbnail","7":"category-saude","8":"tag-cidade","9":"tag-health","10":"tag-online","11":"tag-portugal","12":"tag-prefeitura","13":"tag-pt","14":"tag-so-jos-dos-campos","15":"tag-saude","16":"tag-servios"},"share_on_mastodon":{"url":"https:\/\/pubeurope.com\/@pt\/115866945636669163","error":""},"_links":{"self":[{"href":"https:\/\/www.europesays.com\/pt\/wp-json\/wp\/v2\/posts\/222580","targetHints":{"allow":["GET"]}}],"collection":[{"href":"https:\/\/www.europesays.com\/pt\/wp-json\/wp\/v2\/posts"}],"about":[{"href":"https:\/\/www.europesays.com\/pt\/wp-json\/wp\/v2\/types\/post"}],"author":[{"embeddable":true,"href":"https:\/\/www.europesays.com\/pt\/wp-json\/wp\/v2\/users\/2"}],"replies":[{"embeddable":true,"href":"https:\/\/www.europesays.com\/pt\/wp-json\/wp\/v2\/comments?post=222580"}],"version-history":[{"count":0,"href":"https:\/\/www.europesays.com\/pt\/wp-json\/wp\/v2\/posts\/222580\/revisions"}],"wp:featuredmedia":[{"embeddable":true,"href":"https:\/\/www.europesays.com\/pt\/wp-json\/wp\/v2\/media\/222581"}],"wp:attachment":[{"href":"https:\/\/www.europesays.com\/pt\/wp-json\/wp\/v2\/media?parent=222580"}],"wp:term":[{"taxonomy":"category","embeddable":true,"href":"https:\/\/www.europesays.com\/pt\/wp-json\/wp\/v2\/categories?post=222580"},{"taxonomy":"post_tag","embeddable":true,"href":"https:\/\/www.europesays.com\/pt\/wp-json\/wp\/v2\/tags?post=222580"}],"curies":[{"name":"wp","href":"https:\/\/api.w.org\/{rel}","templated":true}]}}