{"id":22259,"date":"2025-08-09T11:05:17","date_gmt":"2025-08-09T11:05:17","guid":{"rendered":"https:\/\/www.europesays.com\/pt\/22259\/"},"modified":"2025-08-09T11:05:17","modified_gmt":"2025-08-09T11:05:17","slug":"joao-monteiro-faz-publicacao-apaixonada-e-recebe-resposta-picante-de-cristina-ferreira-merece-um","status":"publish","type":"post","link":"https:\/\/www.europesays.com\/pt\/22259\/","title":{"rendered":"Jo\u00e3o Monteiro &#8211; Faz publica\u00e7\u00e3o apaixonada\u2026 E recebe resposta picante de Cristina Ferreira: \u201cMerece um&#8230;\u201d"},"content":{"rendered":"<p>Depois de uns dias de descanso em Maiorca e <a href=\"https:\/\/www.novagente.pt\/cristina-ferreira-acusada-de-armar-barraca-em-vila-nova-de-milfontes-familia-companhia\" rel=\"nofollow noopener\" target=\"_blank\">Vila Nova de Milfontes<\/a>, <strong>Cristina Ferreira<\/strong> rumou at\u00e9 <a href=\"https:\/\/www.novagente.pt\/cristina-ferreira-revelado-novo-destino-de-ferias-valor-da-estadia-de-luxo-absoluto\" rel=\"nofollow noopener\" target=\"_blank\">Menorca<\/a>, nas Ilhas Baleares, com <strong>Jo\u00e3o Monteiro<\/strong>. O casal est\u00e1 a aproveitar o descanso e a natureza e <a href=\"https:\/\/www.novagente.pt\/cristina-ferreira-vive-contratempo-nas-ferias-dono-fartou-se\" rel=\"nofollow noopener\" target=\"_blank\">muitos momentos<\/a> t\u00eam sido partilhados pela apresentadora.<\/p>\n<p>Mas agora foi a vez do ex-tenista! Esta quinta-feira, 7 de agosto, o namorado da \u2018patroa\u2019 da TVI recorreu \u00e0s redes sociais para partilhar uma s\u00e9rie de fotografias da viagem.<\/p>\n<blockquote>\n<p><strong>Leia tamb\u00e9m: Cristina Ferreira <\/strong><a href=\"https:\/\/www.novagente.pt\/cristina-ferreira-acusada-de-roubar-fotografia-quero-posso-tenho\" rel=\"nofollow noopener\" target=\"_blank\">acusada de &#8216;roubar&#8217; fotografia: &#8220;Quero, posso e tenho!&#8221;<\/a><\/p>\n<\/blockquote>\n<p><strong>\u201cMenorca. A melhor das Baleares\u201d<\/strong>, pode ler-se na legenda.<\/p>\n<p>Na publica\u00e7\u00e3o, Cristina Ferreira j\u00e1 deixou o seu coment\u00e1rio habitual: <strong>um cora\u00e7\u00e3o roxo.<\/strong><\/p>\n<p>No entanto, n\u00e3o foi s\u00f3. Na sua pr\u00f3pria conta de Instagram, a comunicadora deixou mais uma mensagem, desta vez a brincar com o parceiro: <strong>\u201cO meu amor fez um post. Coisa rara. Merece um coment\u00e1rio vosso\u201d.<\/strong><\/p>\n<p>Texto: Carolina Charrua; Fotos: Redes sociais<\/p>\n<p class=\"intagram-text\">Siga a Nova Gente no Instagram<\/p>\n<p>                        <a href=\"https:\/\/www.instagram.com\/revistanovagente\/\" target=\"_blank\" aria-label=\"instagram\" rel=\"noopener nofollow\"><img decoding=\"async\" style=\"display: block; margin-left: auto; margin-right: auto; width: 250px; height: 83px;\" src=\"https:\/\/www.europesays.com\/pt\/wp-content\/uploads\/2025\/08\/Instagram_NG.png\" alt=\"instagram\"\/><\/a><br \/>\n                    <script async src=\"\/\/www.instagram.com\/embed.js\"><\/script><\/p>\n","protected":false},"excerpt":{"rendered":"Depois de uns dias de descanso em Maiorca e Vila Nova de Milfontes, Cristina Ferreira rumou at\u00e9 Menorca,&hellip;\n","protected":false},"author":2,"featured_media":22260,"comment_status":"","ping_status":"","sticky":false,"template":"","format":"standard","meta":{"footnotes":""},"categories":[85],"tags":[2642,166,114,115,3755,6470,32,33,5870,162],"class_list":{"0":"post-22259","1":"post","2":"type-post","3":"status-publish","4":"format-standard","5":"has-post-thumbnail","7":"category-entretenimento","8":"tag-amor","9":"tag-cristina-ferreira","10":"tag-entertainment","11":"tag-entretenimento","12":"tag-ferias","13":"tag-joao-monteiro","14":"tag-portugal","15":"tag-pt","16":"tag-relacao","17":"tag-tvi"},"share_on_mastodon":{"url":"","error":""},"_links":{"self":[{"href":"https:\/\/www.europesays.com\/pt\/wp-json\/wp\/v2\/posts\/22259","targetHints":{"allow":["GET"]}}],"collection":[{"href":"https:\/\/www.europesays.com\/pt\/wp-json\/wp\/v2\/posts"}],"about":[{"href":"https:\/\/www.europesays.com\/pt\/wp-json\/wp\/v2\/types\/post"}],"author":[{"embeddable":true,"href":"https:\/\/www.europesays.com\/pt\/wp-json\/wp\/v2\/users\/2"}],"replies":[{"embeddable":true,"href":"https:\/\/www.europesays.com\/pt\/wp-json\/wp\/v2\/comments?post=22259"}],"version-history":[{"count":0,"href":"https:\/\/www.europesays.com\/pt\/wp-json\/wp\/v2\/posts\/22259\/revisions"}],"wp:featuredmedia":[{"embeddable":true,"href":"https:\/\/www.europesays.com\/pt\/wp-json\/wp\/v2\/media\/22260"}],"wp:attachment":[{"href":"https:\/\/www.europesays.com\/pt\/wp-json\/wp\/v2\/media?parent=22259"}],"wp:term":[{"taxonomy":"category","embeddable":true,"href":"https:\/\/www.europesays.com\/pt\/wp-json\/wp\/v2\/categories?post=22259"},{"taxonomy":"post_tag","embeddable":true,"href":"https:\/\/www.europesays.com\/pt\/wp-json\/wp\/v2\/tags?post=22259"}],"curies":[{"name":"wp","href":"https:\/\/api.w.org\/{rel}","templated":true}]}}