{"id":222594,"date":"2026-01-09T20:18:09","date_gmt":"2026-01-09T20:18:09","guid":{"rendered":"https:\/\/www.europesays.com\/pt\/222594\/"},"modified":"2026-01-09T20:18:09","modified_gmt":"2026-01-09T20:18:09","slug":"mel-brooks-celebra-aniversario-de-99-anos-com-documentario-09-01-2026-ilustrada","status":"publish","type":"post","link":"https:\/\/www.europesays.com\/pt\/222594\/","title":{"rendered":"Mel Brooks celebra anivers\u00e1rio de 99 anos com document\u00e1rio &#8211; 09\/01\/2026 &#8211; Ilustrada"},"content":{"rendered":"<p>A HBO vai comemorar o anivers\u00e1rio de <a href=\"https:\/\/www1.folha.uol.com.br\/ilustrada\/2025\/06\/mel-brooks-anuncia-que-sequencia-de-satira-de-star-wars-chegara-em-2027.shtmlhttps:\/\/www1.folha.uol.com.br\/ilustrada\/2016\/01\/1725856-o-jovem-frankenstein-prova-todo-o-talento-de-mel-brooks.shtml\" rel=\"nofollow noopener\" target=\"\">Mel Brooks<\/a> com o document\u00e1rio &#8220;Mel Brooks: O Homem de 99 Anos!&#8221;, que tra\u00e7a um panorama da vida e da carreira do quase centen\u00e1rio comediante, diretor e produtor americano. A produ\u00e7\u00e3o ser\u00e1 exibida no canal e ficar\u00e1 dispon\u00edvel na HBO <a href=\"https:\/\/www1.folha.uol.com.br\/folha-topicos\/max\/\" rel=\"nofollow noopener\" target=\"_blank\">Max<\/a> a partir dos dias 22 e 23 de janeiro.<\/p>\n<p>Dirigido por <a href=\"https:\/\/www1.folha.uol.com.br\/ilustrada\/2017\/02\/1859941-inicio-de-carreira-no-stand-up-e-o-tema-de-nova-serie-de-judd-apatow.shtml\" rel=\"nofollow noopener\" target=\"_blank\">Judd Apatow<\/a> e Michael Bonfiglio, o filme re\u00fane entrevistas recentes com Brooks e imagens de arquivo que acompanham sua trajet\u00f3ria desde a inf\u00e2ncia no Brooklyn, em <a href=\"https:\/\/www1.folha.uol.com.br\/folha-topicos\/nova-york\/\" rel=\"nofollow noopener\" target=\"_blank\">Nova York<\/a>, e o alistamente na Segunda Guerra Mundial at\u00e9 a consolida\u00e7\u00e3o como um dos principais nomes da com\u00e9dia nos Estados Unidos.<\/p>\n<p>A primeira parte aborda os anos iniciais, o trabalho no circuito da com\u00e9dia do Borscht Belt e a atua\u00e7\u00e3o na televis\u00e3o ao lado de Sid Caesar e <a href=\"https:\/\/www1.folha.uol.com.br\/ilustrada\/2025\/12\/rob-reiner-foi-do-drama-ao-humor-em-vida-de-apego-a-humanidade.shtml\" rel=\"nofollow noopener\" target=\"_blank\">Carl Reiner<\/a>. O epis\u00f3dio revisita a cria\u00e7\u00e3o de personagens da anima\u00e7\u00e3o &#8220;The 2000 Year Old Man&#8221; e filmes como &#8220;Primavera para Hitler&#8221;, de 1967, &#8220;The Twelve Chairs&#8221;, de 1970, e &#8220;Banz\u00e9 no Oeste&#8221;, de 1974, al\u00e9m de aspectos pessoais, como o casamento com a atriz Anne Bancroft.<\/p>\n<p>A segunda parte acompanha o per\u00edodo de maior proje\u00e7\u00e3o de Brooks, com t\u00edtulos como &#8220;O Jovem Frankenstein&#8221;, &#8220;Alta Ansiedade&#8221;, &#8220;A Hist\u00f3ria do Mundo \u2013 Parte 1&#8221;, &#8220;Spaceballs&#8221; e &#8220;Robin Hood: Homens de Meia-Cal\u00e7a&#8221;.<\/p>\n<p>Al\u00e9m disso, a produ\u00e7\u00e3o inclui depoimentos de comediantes, cineastas, atores e familiares, entre eles Jerry Seinfeld, <a href=\"https:\/\/www1.folha.uol.com.br\/folha-topicos\/adam-sandler\/\" rel=\"nofollow noopener\" target=\"_blank\">Adam Sandler<\/a>, Amy Schumer, <a href=\"https:\/\/www1.folha.uol.com.br\/ilustrada\/2025\/12\/dave-chappelle-e-melhor-presente-de-natal-que-a-netflix-poderia-oferecer.shtml\" rel=\"nofollow noopener\" target=\"_blank\">Dave Chappelle<\/a> e Conan O&#8217;Brien. Vencedor do EGOT \u2013isto \u00e9, das estatuetas do Emmy, Grammy, Oscar e Tony\u2013, Brooks tem sua obra contextualizada a partir de sua influ\u00eancia na com\u00e9dia americana.<\/p>\n","protected":false},"excerpt":{"rendered":"A HBO vai comemorar o anivers\u00e1rio de Mel Brooks com o document\u00e1rio &#8220;Mel Brooks: O Homem de 99&hellip;\n","protected":false},"author":2,"featured_media":222595,"comment_status":"","ping_status":"","sticky":false,"template":"","format":"standard","meta":{"footnotes":""},"categories":[140],"tags":[470,1414,114,115,147,148,236,1626,1583,1627,146,32,33],"class_list":{"0":"post-222594","1":"post","2":"type-post","3":"status-publish","4":"format-standard","5":"has-post-thumbnail","7":"category-filmes","8":"tag-cinema","9":"tag-documentario","10":"tag-entertainment","11":"tag-entretenimento","12":"tag-film","13":"tag-filmes","14":"tag-folha","15":"tag-hbo","16":"tag-hbo-max","17":"tag-max","18":"tag-movies","19":"tag-portugal","20":"tag-pt"},"share_on_mastodon":{"url":"https:\/\/pubeurope.com\/@pt\/115866992818499800","error":""},"_links":{"self":[{"href":"https:\/\/www.europesays.com\/pt\/wp-json\/wp\/v2\/posts\/222594","targetHints":{"allow":["GET"]}}],"collection":[{"href":"https:\/\/www.europesays.com\/pt\/wp-json\/wp\/v2\/posts"}],"about":[{"href":"https:\/\/www.europesays.com\/pt\/wp-json\/wp\/v2\/types\/post"}],"author":[{"embeddable":true,"href":"https:\/\/www.europesays.com\/pt\/wp-json\/wp\/v2\/users\/2"}],"replies":[{"embeddable":true,"href":"https:\/\/www.europesays.com\/pt\/wp-json\/wp\/v2\/comments?post=222594"}],"version-history":[{"count":0,"href":"https:\/\/www.europesays.com\/pt\/wp-json\/wp\/v2\/posts\/222594\/revisions"}],"wp:featuredmedia":[{"embeddable":true,"href":"https:\/\/www.europesays.com\/pt\/wp-json\/wp\/v2\/media\/222595"}],"wp:attachment":[{"href":"https:\/\/www.europesays.com\/pt\/wp-json\/wp\/v2\/media?parent=222594"}],"wp:term":[{"taxonomy":"category","embeddable":true,"href":"https:\/\/www.europesays.com\/pt\/wp-json\/wp\/v2\/categories?post=222594"},{"taxonomy":"post_tag","embeddable":true,"href":"https:\/\/www.europesays.com\/pt\/wp-json\/wp\/v2\/tags?post=222594"}],"curies":[{"name":"wp","href":"https:\/\/api.w.org\/{rel}","templated":true}]}}