{"id":222612,"date":"2026-01-09T20:33:08","date_gmt":"2026-01-09T20:33:08","guid":{"rendered":"https:\/\/www.europesays.com\/pt\/222612\/"},"modified":"2026-01-09T20:33:08","modified_gmt":"2026-01-09T20:33:08","slug":"gerrard-alexander-arnold-tinha-tudo-o-que-eu-quis-na-minha-carreira","status":"publish","type":"post","link":"https:\/\/www.europesays.com\/pt\/222612\/","title":{"rendered":"Gerrard: \u00abAlexander-Arnold tinha tudo o que eu quis na minha carreira\u00bb"},"content":{"rendered":"<p>Steven Gerrard abordou a ida de Trent Alexander-Arnold para o Real Madrid, tendo-se mostrado um pouco surpreendido pela decis\u00e3o do lateral de 27 anos. Pelo meio confessou que sempre desejou ter tido uma equipa t\u00e3o forte como o Alexander-Arnold teve.\u00a0<\/p>\n<p>\u00abAcho que eu estava um pouco no meio. O Steve McManaman tomou a decis\u00e3o correta, porque o Liverpool no qual ele jogou n\u00e3o era competitivo e foi um enorme salto sair daquele Liverpool para o Real Madrid. Portanto de um ponto de vista desportivo, n\u00e3o foi surpreendente. Acho que nove em cada dez pessoas dariam o mesmo salto\u00bb, come\u00e7ou por dizer a antiga lenda dos Reds.<\/p>\n<p>\u00abAlexander-Arnold \u00e9 uma situa\u00e7\u00e3o muito diferente, porque ele estava a jogar provavelmente na melhor equipa de sempre do Liverpool. Estava a ganhar t\u00edtulos da Liga Inglesa e a competir para ganhar a Liga dos Campe\u00f5es. Ele tinha, na palma das m\u00e3os, o que eu desejei a minha carreira toda.\u00bb\u00a0<\/p>\n<p>Gerrard disputou 710 jogos e apontou 186 golos e 156 assist\u00eancias ao servi\u00e7o dos \u00abReds\u00bb, conquistou trof\u00e9us como, por exemplo, a ic\u00f3nica final da Liga dos Campe\u00f5es de 2004\/2005, em que a equipa inglesa, depois de estar a perder por 3-0 ao intervalo, chegou ao empate e venceu no desempate por grandes penalidades.\u00a0<\/p>\n<p>\u00abQuando olho para tr\u00e1s, gostava de ter conquistado o que ele teve na palma das suas m\u00e3os. Por isso acho que a decis\u00e3o de Alexander-Arnold deve ter sido muito mais dif\u00edcil do que a do McManaman. Eu estava provavelmente no meio. Compet\u00edamos para ganhar as ta\u00e7as dom\u00e9sticas, est\u00e1vamos sempre no meio da conversa, mas o Manchestrer United, o Arsenal e o Chelsea eram muito mais fortes do que aquele Liverpool\u00bb, adiantou.<\/p>\n<p>\u00abClaro que para mim era muito tentador sair, recebi propostas que duplicavam o meu ordenado, mas eu coloquei sempre as coisas numa perspetiva desportiva. Pensei sempre o que era melhor para continuar a ser um dos melhores m\u00e9dios da Liga Inglesa e para manter o meu lugar na sele\u00e7\u00e3o inglesa. Essa perspetiva foi a que esteve sempre na minha cabe\u00e7a.\u00bb<\/p>\n<blockquote class=\"twitter-tweet\" data-media-max-width=\"560\">\n<p lang=\"en\">&#8220;Trent had in the palm of his hands, what I craved for all of my career&#8221;<\/p>\n<p>Steven Gerrard reflects on Trent Alexander-Arnold&#8217;s decision to move to Real Madrid and how it compares to previous players leaving Liverpool \ud83d\udde3\ufe0f<\/p>\n<p>The full sit down is currently our YouTube channel \ud83e\ude91 <a href=\"https:\/\/t.co\/XnmIia9T4t\" rel=\"nofollow\">pic.twitter.com\/XnmIia9T4t<\/a><\/p>\n<p> \u2014 Football on TNT Sports (@footballontnt)<br \/>\n  <a href=\"https:\/\/twitter.com\/footballontnt\/status\/2009584167638507971?ref_src=twsrc%5Etfw\" rel=\"nofollow noopener\" target=\"_blank\">January 9, 2026<\/a>\n <\/p><\/blockquote>\n<blockquote class=\"twitter-tweet\" data-media-max-width=\"560\"><p>\n   \u00a0\n <\/p><\/blockquote>\n<p>Esta temporada, Arnold fez, apenas, 11 jogos e uma assist\u00eancia pela equipa de Xabi Alonso.<\/p>\n<p>                                <script async src=\"https:\/\/platform.twitter.com\/widgets.js\" charset=\"utf-8\"><\/script><\/p>\n","protected":false},"excerpt":{"rendered":"Steven Gerrard abordou a ida de Trent Alexander-Arnold para o Real Madrid, tendo-se mostrado um pouco surpreendido pela&hellip;\n","protected":false},"author":2,"featured_media":222613,"comment_status":"","ping_status":"","sticky":false,"template":"","format":"standard","meta":{"footnotes":""},"categories":[87],"tags":[135,42941,960,46,32,33,47,2007,134,31035,2008],"class_list":{"0":"post-222612","1":"post","2":"type-post","3":"status-publish","4":"format-standard","5":"has-post-thumbnail","7":"category-desporto","8":"tag-desporto","9":"tag-gerrard","10":"tag-liverpool","11":"tag-maisfutebol","12":"tag-portugal","13":"tag-pt","14":"tag-pura-paixao","15":"tag-real-madrid","16":"tag-sports","17":"tag-trent-alexander-arnold","18":"tag-xabi-alonso"},"share_on_mastodon":{"url":"https:\/\/pubeurope.com\/@pt\/115867051950817081","error":""},"_links":{"self":[{"href":"https:\/\/www.europesays.com\/pt\/wp-json\/wp\/v2\/posts\/222612","targetHints":{"allow":["GET"]}}],"collection":[{"href":"https:\/\/www.europesays.com\/pt\/wp-json\/wp\/v2\/posts"}],"about":[{"href":"https:\/\/www.europesays.com\/pt\/wp-json\/wp\/v2\/types\/post"}],"author":[{"embeddable":true,"href":"https:\/\/www.europesays.com\/pt\/wp-json\/wp\/v2\/users\/2"}],"replies":[{"embeddable":true,"href":"https:\/\/www.europesays.com\/pt\/wp-json\/wp\/v2\/comments?post=222612"}],"version-history":[{"count":0,"href":"https:\/\/www.europesays.com\/pt\/wp-json\/wp\/v2\/posts\/222612\/revisions"}],"wp:featuredmedia":[{"embeddable":true,"href":"https:\/\/www.europesays.com\/pt\/wp-json\/wp\/v2\/media\/222613"}],"wp:attachment":[{"href":"https:\/\/www.europesays.com\/pt\/wp-json\/wp\/v2\/media?parent=222612"}],"wp:term":[{"taxonomy":"category","embeddable":true,"href":"https:\/\/www.europesays.com\/pt\/wp-json\/wp\/v2\/categories?post=222612"},{"taxonomy":"post_tag","embeddable":true,"href":"https:\/\/www.europesays.com\/pt\/wp-json\/wp\/v2\/tags?post=222612"}],"curies":[{"name":"wp","href":"https:\/\/api.w.org\/{rel}","templated":true}]}}