{"id":222614,"date":"2026-01-09T20:34:08","date_gmt":"2026-01-09T20:34:08","guid":{"rendered":"https:\/\/www.europesays.com\/pt\/222614\/"},"modified":"2026-01-09T20:34:08","modified_gmt":"2026-01-09T20:34:08","slug":"botucatu-sp-esta-entre-os-3-municipios-que-receberao-vacina-contra-dengue-a-partir-de-17-de-janeiro","status":"publish","type":"post","link":"https:\/\/www.europesays.com\/pt\/222614\/","title":{"rendered":"Botucatu (SP) est\u00e1 entre os 3 munic\u00edpios que receber\u00e3o vacina contra dengue a partir de 17 de janeiro"},"content":{"rendered":"<p><strong>SUS testar\u00e1 impacto da imuniza\u00e7\u00e3o em algumas localidades antes da expans\u00e3o em territ\u00f3rio nacional; Maranguape (CE) e Nova Lima (MG) tamb\u00e9m foram inclu\u00eddos<br \/><\/strong><\/p>\n<p>Por Reda\u00e7\u00e3o<\/p>\n<p>O Minist\u00e9rio da Sa\u00fade selecionou tr\u00eas munic\u00edpios para avaliar o impacto do uso da nova vacina contra a dengue, criada pelo Instituto Butantan, na popula\u00e7\u00e3o. Os moradores de Maranguape (CE), Nova Lima (MG) e Botucatu, em S\u00e3o Paulo, com idade entre 15 e 59 anos, receber\u00e3o a dose \u00fanica do Butanta-DV nos dias 17 e 18 de janeiro.<\/p>\n<p>A aplica\u00e7\u00e3o do imunizante em um grupo populacional permite avaliar qual percentual de pessoas precisam ser vacinadas para que a doen\u00e7a pare de circular no territ\u00f3rio uma vez que a dengue conta com o fator humano para se manter vi\u00e1vel no ambiente.<\/p>\n<p>O diretor do curso de Medicina da Unesp (Universidade Estadual Paulista) de Botucatu, Carlos Magno Branco Fortaleza, \u00e9 um dos profissionais \u00e0 frente da pesquisa e, em mat\u00e9ria publicada pelo jornal <a href=\"https:\/\/oglobo.globo.com\/saude\/noticia\/2026\/01\/09\/nova-vacina-da-dengue-sera-testada-em-tres-cidades-brasileiras-veja-quais-e-como-sera-estudo.ghtml\" target=\"_blank\" rel=\"noopener nofollow\">O Globo<\/a>, explicou que os indicadores iniciais mostram que vacinar metade da popula\u00e7\u00e3o brasileira j\u00e1 deve gerar um impacto positivo.<\/p>\n<p>Ainda de acordo com Carlos Fortaleza, a expectativa \u00e9 que os primeiros efeitos da vacina\u00e7\u00e3o em massa nas cidades selecionadas ser\u00e3o percept\u00edveis a partir de 21 dias ap\u00f3s a aplica\u00e7\u00e3o coletiva.<\/p>\n<p><strong>Imunizante brasileiro \u00e9 o primeiro no mundo em dose \u00fanica<\/strong><\/p>\n<p>A Butantan-DV, aprovada pela Anvisa (Ag\u00eancia Nacional de Vigil\u00e2ncia Sanit\u00e1ria) em novembro do ano passado, \u00e9 a primeira vacina contra a dengue em dose \u00fanica no mundo e pode ser aplicada em pessoas de 12 a 59 anos.<\/p>\n<p>Durante os estudos, as doses testadas apresentaram 74,7% de efic\u00e1cia geral, 91,6% de efic\u00e1cia contra dengue grave e 100% de efic\u00e1cia contra hospitaliza\u00e7\u00f5es com prote\u00e7\u00e3o por cinco anos.<\/p>\n<p>\u00a0<\/p>\n<p>Fonte: <a href=\"https:\/\/oglobo.globo.com\/saude\/noticia\/2026\/01\/09\/nova-vacina-da-dengue-sera-testada-em-tres-cidades-brasileiras-veja-quais-e-como-sera-estudo.ghtml\" target=\"_blank\" rel=\"noopener nofollow\">O Globo<\/a>; <a href=\"https:\/\/www1.folha.uol.com.br\/equilibrioesaude\/2026\/01\/sus-testara-vacina-do-butantan-contra-a-dengue-em-3-municipios-a-partir-de-17-de-janeiro.shtml\" target=\"_blank\" rel=\"noopener nofollow\">Folha de S. Paulo<\/a><strong><br \/><\/strong><\/p>\n","protected":false},"excerpt":{"rendered":"SUS testar\u00e1 impacto da imuniza\u00e7\u00e3o em algumas localidades antes da expans\u00e3o em territ\u00f3rio nacional; Maranguape (CE) e Nova&hellip;\n","protected":false},"author":2,"featured_media":222615,"comment_status":"","ping_status":"","sticky":false,"template":"","format":"standard","meta":{"footnotes":""},"categories":[86],"tags":[34837,42942,1891,116,32,33,117,4483,1333],"class_list":{"0":"post-222614","1":"post","2":"type-post","3":"status-publish","4":"format-standard","5":"has-post-thumbnail","7":"category-saude","8":"tag-botucatu","9":"tag-butantan","10":"tag-dengue","11":"tag-health","12":"tag-portugal","13":"tag-pt","14":"tag-saude","15":"tag-sus","16":"tag-vacina"},"share_on_mastodon":{"url":"https:\/\/pubeurope.com\/@pt\/115867055776233549","error":""},"_links":{"self":[{"href":"https:\/\/www.europesays.com\/pt\/wp-json\/wp\/v2\/posts\/222614","targetHints":{"allow":["GET"]}}],"collection":[{"href":"https:\/\/www.europesays.com\/pt\/wp-json\/wp\/v2\/posts"}],"about":[{"href":"https:\/\/www.europesays.com\/pt\/wp-json\/wp\/v2\/types\/post"}],"author":[{"embeddable":true,"href":"https:\/\/www.europesays.com\/pt\/wp-json\/wp\/v2\/users\/2"}],"replies":[{"embeddable":true,"href":"https:\/\/www.europesays.com\/pt\/wp-json\/wp\/v2\/comments?post=222614"}],"version-history":[{"count":0,"href":"https:\/\/www.europesays.com\/pt\/wp-json\/wp\/v2\/posts\/222614\/revisions"}],"wp:featuredmedia":[{"embeddable":true,"href":"https:\/\/www.europesays.com\/pt\/wp-json\/wp\/v2\/media\/222615"}],"wp:attachment":[{"href":"https:\/\/www.europesays.com\/pt\/wp-json\/wp\/v2\/media?parent=222614"}],"wp:term":[{"taxonomy":"category","embeddable":true,"href":"https:\/\/www.europesays.com\/pt\/wp-json\/wp\/v2\/categories?post=222614"},{"taxonomy":"post_tag","embeddable":true,"href":"https:\/\/www.europesays.com\/pt\/wp-json\/wp\/v2\/tags?post=222614"}],"curies":[{"name":"wp","href":"https:\/\/api.w.org\/{rel}","templated":true}]}}