{"id":222620,"date":"2026-01-09T20:39:07","date_gmt":"2026-01-09T20:39:07","guid":{"rendered":"https:\/\/www.europesays.com\/pt\/222620\/"},"modified":"2026-01-09T20:39:07","modified_gmt":"2026-01-09T20:39:07","slug":"chega-apoia-antonio-cunha-para-a-ccdr-norte-jornal-de-noticias","status":"publish","type":"post","link":"https:\/\/www.europesays.com\/pt\/222620\/","title":{"rendered":"Chega apoia Ant\u00f3nio Cunha para a CCDR-Norte &#8211; Jornal de Not\u00edcias"},"content":{"rendered":"<ol>\n<li><a href=\"https:\/\/news.google.com\/rss\/articles\/CBMijwFBVV95cUxQQmZqTEt5bm1iNFItVTNLbThZN0hieW0zM2ltSTR1MDMxdTFqUFRUTS0xYWViVzNia1ZOWHd0cGJQdm1sYVpLYkt5VHg1WkxxdlozSS1RbUNhQnktbnJQMzdwSW5nNTh0RUJPQktpaUpockdzalU5dURYNURjQXp3RFZtbEFIalNNUjJWbENFWQ?oc=5\" target=\"_blank\" rel=\"nofollow noopener\">Chega apoia Ant\u00f3nio Cunha para a CCDR-Norte<\/a>&nbsp;&nbsp;Jornal de Not\u00edcias<\/li>\n<li><a href=\"https:\/\/news.google.com\/rss\/articles\/CBMikAJBVV95cUxQNUZNTHlYcDNDZlJkeGMxNFNudXRoTThRZFNwbEc3amtXRnJTWlRJdFhrSVNRbDF5ZklFb1dnc2Jud3lRLXJ0Z2IwQXl5QWo0aDdLempuVWFXX0F2MjNhajdRMnlUWjBwTThvODE3WVRSRW5jaktiVUNpN1pOb2VJcHg3VXRkYVU0MklRZ0U3bTFiRW9leWthYXJkSktHYWxkUV9DaG9GMU1IeWpqV0hkMGtsbmxRMUlrbGRaMHRCNjRQUlo2Z1dTWnE3bG45NDZZN3JibC1EdjBwYkNqVnRxQm04aTlIaDktcmlCLW5FR1B0U2l0Tk13aGtOY3dWajRuY2dEZHd2SlZmQjUtejJyZQ?oc=5\" target=\"_blank\" rel=\"nofollow noopener\">\u00c1lvaro Santos: \u201cCandidato-me com uma forte convic\u00e7\u00e3o e um esp\u00edrito de miss\u00e3o que o Norte pode e precisa de dar um salto qualitativo a diversos n\u00edveis\u201d<\/a>&nbsp;&nbsp;Jornal Vivacidade<\/li>\n<li><a href=\"https:\/\/news.google.com\/rss\/articles\/CBMiVEFVX3lxTE1WU2ltTmt6cmVZcXA3ZnRmRU9ydFIxZUNxZDBDcjl3MTJkNXhmRzZJQmx5cGFlOVlRY0xORGhWVjhuX19aYUxBazlzUkk0Z2RFUEZQeQ?oc=5\" target=\"_blank\" rel=\"nofollow noopener\">Ant\u00f3nio Cunha recandidata-se de forma independente \u00e0 presid\u00eancia da CCDR Norte<\/a>&nbsp;&nbsp;Jornal Nordeste<\/li>\n<li><a href=\"https:\/\/news.google.com\/rss\/articles\/CBMiogFBVV95cUxNcWh4cWV3NHpoT0lTdnhfNlZOMlRUeFhYM3I0WEFhak1RVE5HSzRkUHdzTmRsZzY2MlQwR3ZvZFVfQWM1Y3M4VzlsTGJOVmZyUlY0T2RKamNwRFN4UF83RVJOLXFJRHJGVlcwRGdXNU9oVENGTkpuYVFodlJteU43WXN4UTBYd1d6OFFxSjRReVBLUjJXdXJMaXdHdW1CRlRHbkE?oc=5\" target=\"_blank\" rel=\"nofollow noopener\">CCDR-Norte: 50 personalidades assumem compromisso de apoio a Ant\u00f3nio Cunha<\/a>&nbsp;&nbsp;Guimar\u00e3es, agora!<\/li>\n<li><a href=\"https:\/\/news.google.com\/rss\/articles\/CBMihAFBVV95cUxOQ3BzanNSME82YmhKTWlBMHllU0hPRFEwYzk4a2lMNTVPZUw2VDgzbUNadHo4a1FxVEd4TDF4VzFRd3V1bnhJSmZYVlo1NXBaVGMtNXZqMTFYNVpWYXVfYTQ2M0hlOGlpTFNLcDVOQ1dmbE1OQ1EybFdMNXBTVURNbWdMb0w?oc=5\" target=\"_blank\" rel=\"nofollow noopener\">Dois candidatos \u00e0 presid\u00eancia da CCDR Norte<\/a>&nbsp;&nbsp;A Voz de Tr\u00e1s-os-Montes<\/li>\n<\/ol>\n","protected":false},"excerpt":{"rendered":"Chega apoia Ant\u00f3nio Cunha para a CCDR-Norte&nbsp;&nbsp;Jornal de Not\u00edcias \u00c1lvaro Santos: \u201cCandidato-me com uma forte convic\u00e7\u00e3o e um&hellip;\n","protected":false},"author":2,"featured_media":196976,"comment_status":"","ping_status":"","sticky":false,"template":"","format":"standard","meta":{"footnotes":""},"categories":[10],"tags":[27,28,15,16,14,25,26,21,22,12,13,19,20,32,23,24,33,17,18,29,30,31],"class_list":{"0":"post-222620","1":"post","2":"type-post","3":"status-publish","4":"format-standard","5":"has-post-thumbnail","7":"category-portugal","8":"tag-breaking-news","9":"tag-breakingnews","10":"tag-featured-news","11":"tag-featurednews","12":"tag-headlines","13":"tag-latest-news","14":"tag-latestnews","15":"tag-main-news","16":"tag-mainnews","17":"tag-news","18":"tag-noticias","19":"tag-noticias-principais","20":"tag-noticiasprincipais","21":"tag-portugal","22":"tag-principais-noticias","23":"tag-principaisnoticias","24":"tag-pt","25":"tag-top-stories","26":"tag-topstories","27":"tag-ultimas","28":"tag-ultimas-noticias","29":"tag-ultimasnoticias"},"share_on_mastodon":{"url":"https:\/\/pubeurope.com\/@pt\/115867075438934899","error":""},"_links":{"self":[{"href":"https:\/\/www.europesays.com\/pt\/wp-json\/wp\/v2\/posts\/222620","targetHints":{"allow":["GET"]}}],"collection":[{"href":"https:\/\/www.europesays.com\/pt\/wp-json\/wp\/v2\/posts"}],"about":[{"href":"https:\/\/www.europesays.com\/pt\/wp-json\/wp\/v2\/types\/post"}],"author":[{"embeddable":true,"href":"https:\/\/www.europesays.com\/pt\/wp-json\/wp\/v2\/users\/2"}],"replies":[{"embeddable":true,"href":"https:\/\/www.europesays.com\/pt\/wp-json\/wp\/v2\/comments?post=222620"}],"version-history":[{"count":0,"href":"https:\/\/www.europesays.com\/pt\/wp-json\/wp\/v2\/posts\/222620\/revisions"}],"wp:featuredmedia":[{"embeddable":true,"href":"https:\/\/www.europesays.com\/pt\/wp-json\/wp\/v2\/media\/196976"}],"wp:attachment":[{"href":"https:\/\/www.europesays.com\/pt\/wp-json\/wp\/v2\/media?parent=222620"}],"wp:term":[{"taxonomy":"category","embeddable":true,"href":"https:\/\/www.europesays.com\/pt\/wp-json\/wp\/v2\/categories?post=222620"},{"taxonomy":"post_tag","embeddable":true,"href":"https:\/\/www.europesays.com\/pt\/wp-json\/wp\/v2\/tags?post=222620"}],"curies":[{"name":"wp","href":"https:\/\/api.w.org\/{rel}","templated":true}]}}