{"id":222621,"date":"2026-01-09T20:40:08","date_gmt":"2026-01-09T20:40:08","guid":{"rendered":"https:\/\/www.europesays.com\/pt\/222621\/"},"modified":"2026-01-09T20:40:08","modified_gmt":"2026-01-09T20:40:08","slug":"pacote-de-habitacao-aprovado-com-apoio-do-psd-cds-pp-e-il-chega-abstem-se","status":"publish","type":"post","link":"https:\/\/www.europesays.com\/pt\/222621\/","title":{"rendered":"Pacote de Habita\u00e7\u00e3o Aprovado com Apoio do PSD, CDS-PP e IL; Chega Abst\u00e9m-se"},"content":{"rendered":"<p>As propostas de lei do pacote de habita\u00e7\u00e3o do Governo foram aprovadas esta sexta-feira, 9 de janeiro, <strong>na generalidade<\/strong> no parlamento com os votos favor\u00e1veis do PSD, CDS-PP e IL, e com a absten\u00e7\u00e3o do Chega.<\/p>\n<p>Em causa est\u00e3o duas propostas com autoriza\u00e7\u00f5es legislativas, uma com medidas de desagravamento fiscal para incentivar o arrendamento e a constru\u00e7\u00e3o a pre\u00e7os moderados, e outra com altera\u00e7\u00f5es ao licenciamento, urbaniza\u00e7\u00e3o e reabilita\u00e7\u00e3o urbana.<\/p>\n<p>Relativamente \u00e0 iniciativa que cont\u00e9m medidas fiscais, o PS, Livre PCP e BE votaram contra. O Chega, PAN e JPP abstiveram-se.<\/p>\n<p>Em rela\u00e7\u00e3o \u00e0 proposta para autorizar a revis\u00e3o do regime aplic\u00e1vel ao licenciamento de opera\u00e7\u00f5es urban\u00edsticas, e a alterar o regime jur\u00eddico da urbaniza\u00e7\u00e3o e da edifica\u00e7\u00e3o, e o regime jur\u00eddico da reabilita\u00e7\u00e3o urbana, o PCP, o Livre, o PAN e o BE votaram contra. O PS, o Chega e o JPP abstiveram-se.<\/p>\n<p><strong>Todos os projetos de lei apresentados pelos partidos da oposi\u00e7\u00e3o chumbaram.<\/strong><\/p>\n<p>O Chega apresentou uma iniciativa para reduzir o IVA na constru\u00e7\u00e3o de habita\u00e7\u00e3o e outra para isentar de IMI os im\u00f3veis destinados a habita\u00e7\u00e3o pr\u00f3pria e permanente, com um valor patrimonial tribut\u00e1rio at\u00e9 350.000 euros.<\/p>\n<p>O Livre viu rejeitado um projeto de lei que define limites m\u00e1ximos de valor de renda em contratos de arrendamento habitacional, e outro que estabelece o zonamento inclusivo para uma quota de habita\u00e7\u00e3o p\u00fablica nas opera\u00e7\u00f5es urban\u00edsticas.<\/p>\n<p>Tamb\u00e9m foi chumbado um projeto de lei da IL para reformar a constru\u00e7\u00e3o e aumentar a oferta de habita\u00e7\u00e3o.<\/p>\n<p>O PS apresentou um projeto destinado a refor\u00e7ar o acesso \u00e0 habita\u00e7\u00e3o permanente e de combate \u00e0 especula\u00e7\u00e3o imobili\u00e1ria, que desce diretamente \u00e0 especialidade, n\u00e3o tendo sido votado na generalidade depois de a bancada ter apresentado um requerimento nesse sentido.<\/p>\n","protected":false},"excerpt":{"rendered":"As propostas de lei do pacote de habita\u00e7\u00e3o do Governo foram aprovadas esta sexta-feira, 9 de janeiro, na&hellip;\n","protected":false},"author":2,"featured_media":222622,"comment_status":"","ping_status":"","sticky":false,"template":"","format":"standard","meta":{"footnotes":""},"categories":[8],"tags":[27,28,15,16,301,456,14,25,26,21,22,12,13,19,20,4532,32,23,24,33,17,18,29,30,31],"class_list":{"0":"post-222621","1":"post","2":"type-post","3":"status-publish","4":"format-standard","5":"has-post-thumbnail","7":"category-principais-noticias","8":"tag-breaking-news","9":"tag-breakingnews","10":"tag-featured-news","11":"tag-featurednews","12":"tag-governo","13":"tag-habitacao","14":"tag-headlines","15":"tag-latest-news","16":"tag-latestnews","17":"tag-main-news","18":"tag-mainnews","19":"tag-news","20":"tag-noticias","21":"tag-noticias-principais","22":"tag-noticiasprincipais","23":"tag-parlamento","24":"tag-portugal","25":"tag-principais-noticias","26":"tag-principaisnoticias","27":"tag-pt","28":"tag-top-stories","29":"tag-topstories","30":"tag-ultimas","31":"tag-ultimas-noticias","32":"tag-ultimasnoticias"},"share_on_mastodon":{"url":"https:\/\/pubeurope.com\/@pt\/115867079443935944","error":""},"_links":{"self":[{"href":"https:\/\/www.europesays.com\/pt\/wp-json\/wp\/v2\/posts\/222621","targetHints":{"allow":["GET"]}}],"collection":[{"href":"https:\/\/www.europesays.com\/pt\/wp-json\/wp\/v2\/posts"}],"about":[{"href":"https:\/\/www.europesays.com\/pt\/wp-json\/wp\/v2\/types\/post"}],"author":[{"embeddable":true,"href":"https:\/\/www.europesays.com\/pt\/wp-json\/wp\/v2\/users\/2"}],"replies":[{"embeddable":true,"href":"https:\/\/www.europesays.com\/pt\/wp-json\/wp\/v2\/comments?post=222621"}],"version-history":[{"count":0,"href":"https:\/\/www.europesays.com\/pt\/wp-json\/wp\/v2\/posts\/222621\/revisions"}],"wp:featuredmedia":[{"embeddable":true,"href":"https:\/\/www.europesays.com\/pt\/wp-json\/wp\/v2\/media\/222622"}],"wp:attachment":[{"href":"https:\/\/www.europesays.com\/pt\/wp-json\/wp\/v2\/media?parent=222621"}],"wp:term":[{"taxonomy":"category","embeddable":true,"href":"https:\/\/www.europesays.com\/pt\/wp-json\/wp\/v2\/categories?post=222621"},{"taxonomy":"post_tag","embeddable":true,"href":"https:\/\/www.europesays.com\/pt\/wp-json\/wp\/v2\/tags?post=222621"}],"curies":[{"name":"wp","href":"https:\/\/api.w.org\/{rel}","templated":true}]}}