{"id":222624,"date":"2026-01-09T20:44:11","date_gmt":"2026-01-09T20:44:11","guid":{"rendered":"https:\/\/www.europesays.com\/pt\/222624\/"},"modified":"2026-01-09T20:44:11","modified_gmt":"2026-01-09T20:44:11","slug":"surpresa-maycon-douglas-preparava-se-para-realizar-sonho-com-a-mae-ja-lhe-meti-esta-ideia-na-cabeca","status":"publish","type":"post","link":"https:\/\/www.europesays.com\/pt\/222624\/","title":{"rendered":"Surpresa! Maycon Douglas preparava-se para realizar sonho com a m\u00e3e: &#8220;J\u00e1 lhe meti esta ideia na cabe\u00e7a&#8221;"},"content":{"rendered":"<p>No passado dia 30 de dezembro, horas antes de ter desaparecido, Maycon Douglas interagiu com f\u00e3s num v\u00eddeo em direto feito no TikTok. Foi durante esse momento que o ex-concorrente da oitava edi\u00e7\u00e3o de &#8220;<a href=\"https:\/\/tvi.iol.pt\/secretstory\/\" target=\"_blank\" rel=\"nofollow noopener\">Secret Story<\/a> &#8211; Casa dos Segredos&#8221; contou que, no ano seguinte, se preparava para realizar um sonho com a m\u00e3e, com quem tinha uma rela\u00e7\u00e3o forte.<\/p>\n<p>&#8220;Em 2026, quero viajar. Ali\u00e1s, j\u00e1 estive a falar com a minha m\u00e3e. Ela tamb\u00e9m est\u00e1 desertinha para ir ao Brasil. J\u00e1 lhe meti esta ideia na cabe\u00e7a. Convenci-a. Eu e a minha m\u00e3e vamos combinar para ir ao Brasil&#8221;, revelou Maycon Douglas, deixando claro: &#8220;Se tudo der certo, vamos ao Brasil em 2026.&#8221;<\/p>\n<p>&#8220;Assim que for ao Brasil, n\u00e3o sei se volto&#8221;, brincou ainda o ex-participante do reality show da <a href=\"https:\/\/tvi.iol.pt\/\" target=\"_blank\" rel=\"nofollow noopener\">TVI<\/a>, confidenciando: &#8220;A minha m\u00e3e j\u00e1 ligou aos familiares do Brasil.&#8221;<\/p>\n<p><a href=\"https:\/\/selfie.iol.pt\/famosos\/maycon-douglas\/horas-antes-da-tragedia-maycon-douglas-falou-sobre-saude-descanso-maximo\/20260109\/6961319cd34e0ec52ec1e9ba\" target=\"_blank\" rel=\"nofollow noopener\">Maycon Douglas<\/a> acabou por desaparecer cerca das 05:00 horas de 31 de dezembro. Pr\u00f3ximo do local onde, uma semana depois, o corpo deu \u00e0 costa, tinha sido encontrado submerso, a seis metros de profundidade, o carro do jovem.<\/p>\n<p><a href=\"https:\/\/selfie.iol.pt\/famosos\/maycon-douglas\/marcelo-palma-faz-ponto-da-situacao-sobre-funeral-de-maycon-douglas-e-afirma-estamos-sem-palavras\/20260109\/69611f09d34e92a344973332\" target=\"_blank\" rel=\"nofollow noopener\">Maycon Douglas<\/a> tinha 25 anos.<\/p>\n<p>Veja, agora, os v\u00eddeos.<\/p>\n<blockquote class=\"instagram-media\" data-instgrm-captioned=\"\" data-instgrm-permalink=\"https:\/\/www.instagram.com\/reel\/DS7Ic6djAhN\/?utm_source=ig_embed&amp;utm_campaign=loading\" data-instgrm-version=\"14\" style=\" background:#FFF; border:0; border-radius:3px; box-shadow:0 0 1px 0 rgba(0,0,0,0.5),0 1px 10px 0 rgba(0,0,0,0.15); margin: 1px; max-width:540px; min-width:326px; padding:0; width:99.375%; width:-webkit-calc(100% - 2px); width:calc(100% - 2px);\">\n<\/blockquote>\n<p>\u00a0<\/p>\n<blockquote class=\"instagram-media\" data-instgrm-captioned=\"\" data-instgrm-permalink=\"https:\/\/www.instagram.com\/reel\/DS7OabKDOPg\/?utm_source=ig_embed&amp;utm_campaign=loading\" data-instgrm-version=\"14\" style=\" background:#FFF; border:0; border-radius:3px; box-shadow:0 0 1px 0 rgba(0,0,0,0.5),0 1px 10px 0 rgba(0,0,0,0.15); margin: 1px; max-width:540px; min-width:326px; padding:0; width:99.375%; width:-webkit-calc(100% - 2px); width:calc(100% - 2px);\">\n<\/blockquote>\n<p>\u00a0<\/p>\n<p>                        <script async src=\"\/\/www.instagram.com\/embed.js\"><\/script><\/p>\n","protected":false},"excerpt":{"rendered":"No passado dia 30 de dezembro, horas antes de ter desaparecido, Maycon Douglas interagiu com f\u00e3s num v\u00eddeo&hellip;\n","protected":false},"author":2,"featured_media":219546,"comment_status":"","ping_status":"","sticky":false,"template":"","format":"standard","meta":{"footnotes":""},"categories":[142],"tags":[2632,7869,114,115,6309,980,8204,10223,619,42943,32,33,1014,1315,6985,7868,7867,1012,6986,7870,1934,151,162],"class_list":{"0":"post-222624","1":"post","2":"type-post","3":"status-publish","4":"format-standard","5":"has-post-thumbnail","7":"category-tv","8":"tag-casa-dos-segredos","9":"tag-casa-dos-segredos-8","10":"tag-entertainment","11":"tag-entretenimento","12":"tag-ex-concorrente","13":"tag-famosos","14":"tag-mae","15":"tag-maycon-douglas","16":"tag-nacional","17":"tag-neuza","18":"tag-portugal","19":"tag-pt","20":"tag-reality-show","21":"tag-secret-story","22":"tag-secret-story-casa-dos-segredos","23":"tag-secret-story-casa-dos-segredos-8","24":"tag-secret-story-8","25":"tag-selfie","26":"tag-ss","27":"tag-ss8","28":"tag-tiktok","29":"tag-tv","30":"tag-tvi"},"share_on_mastodon":{"url":"https:\/\/pubeurope.com\/@pt\/115867095690688108","error":""},"_links":{"self":[{"href":"https:\/\/www.europesays.com\/pt\/wp-json\/wp\/v2\/posts\/222624","targetHints":{"allow":["GET"]}}],"collection":[{"href":"https:\/\/www.europesays.com\/pt\/wp-json\/wp\/v2\/posts"}],"about":[{"href":"https:\/\/www.europesays.com\/pt\/wp-json\/wp\/v2\/types\/post"}],"author":[{"embeddable":true,"href":"https:\/\/www.europesays.com\/pt\/wp-json\/wp\/v2\/users\/2"}],"replies":[{"embeddable":true,"href":"https:\/\/www.europesays.com\/pt\/wp-json\/wp\/v2\/comments?post=222624"}],"version-history":[{"count":0,"href":"https:\/\/www.europesays.com\/pt\/wp-json\/wp\/v2\/posts\/222624\/revisions"}],"wp:featuredmedia":[{"embeddable":true,"href":"https:\/\/www.europesays.com\/pt\/wp-json\/wp\/v2\/media\/219546"}],"wp:attachment":[{"href":"https:\/\/www.europesays.com\/pt\/wp-json\/wp\/v2\/media?parent=222624"}],"wp:term":[{"taxonomy":"category","embeddable":true,"href":"https:\/\/www.europesays.com\/pt\/wp-json\/wp\/v2\/categories?post=222624"},{"taxonomy":"post_tag","embeddable":true,"href":"https:\/\/www.europesays.com\/pt\/wp-json\/wp\/v2\/tags?post=222624"}],"curies":[{"name":"wp","href":"https:\/\/api.w.org\/{rel}","templated":true}]}}