{"id":222625,"date":"2026-01-09T20:45:09","date_gmt":"2026-01-09T20:45:09","guid":{"rendered":"https:\/\/www.europesays.com\/pt\/222625\/"},"modified":"2026-01-09T20:45:09","modified_gmt":"2026-01-09T20:45:09","slug":"como-e-a-mansao-de-shawn-mendes-onde-cantor-curte-romance-com-bruna-marquezine-r7-entretenimento","status":"publish","type":"post","link":"https:\/\/www.europesays.com\/pt\/222625\/","title":{"rendered":"Como \u00e9 a mans\u00e3o de Shawn Mendes, onde cantor curte romance com Bruna Marquezine \u2013 R7 Entretenimento"},"content":{"rendered":"<p>LEIA AQUI O RESUMO DA NOT\u00cdCIA<\/p>\n<ul class=\"b-article-body-custom-embed-brief-news__list\" style=\"margin: 0; padding-left: 20px; list-style-type: disc;\">\n<li>Shawn Mendes e Bruna Marquezine est\u00e3o vivendo um romance em uma mans\u00e3o em Los Angeles avaliada em mais de R$ 24 milh\u00f5es.<\/li>\n<li>A resid\u00eancia foi adquirida por Mendes em 2022 ap\u00f3s seu relacionamento com Camila Cabello e possui design parisiense cl\u00e1ssico.<\/li>\n<li>O im\u00f3vel conta com cinco quartos, seis banheiros, uma cozinha gourmet e uma \u00e1rea externa com piscina e gramado.<\/li>\n<li>O casal tem sido flagrado em passeios na cidade, ampliando a repercuss\u00e3o do relacionamento nas redes sociais.<\/li>\n<\/ul>\n<p style=\"font-size: 0.8em; font-style: italic; text-align: right; margin-top: 15px; padding-bottom: 5px; margin-bottom: 0;\">Produzido pela Ri7a &#8211; a Intelig\u00eancia Artificial do R7<\/p>\n<p><img decoding=\"async\" data-chromatic=\"ignore\" alt=\"Resid&#xEA;ncia fica em uma das &#xE1;reas mais disputadas de Los Angeles\" class=\"c-image\" loading=\"lazy\" src=\"https:\/\/www.europesays.com\/pt\/wp-content\/uploads\/2026\/01\/XSOSQGW2CBGR5NYGNMBO55GWVM.png\"  width=\"1000\" height=\"691\"\/>Resid\u00eancia fica em uma das \u00e1reas mais disputadas de Los Angeles Reprodu\u00e7\u00e3o\/X <\/p>\n<p class=\"jarvics:base-text-neutral-high-400 base-text-[calc(theme(fontSize.xs)_*_var(--font-size,_1))] base-font-normal base-font-primary base-text-neutral-low-500 base-text-left\"><a href=\"https:\/\/entretenimento.r7.com\/famosos-e-tv\/antes-de-bruna-marquezine-shawn-mendes-teve-relacionamentos-polemicos-entenda-07012026\/\" target=\"_blank\" rel=\"noreferrer nofollow noopener\" title=\"https:\/\/entretenimento.r7.com\/famosos-e-tv\/antes-de-bruna-marquezine-shawn-mendes-teve-relacionamentos-polemicos-entenda-07012026\/\">Shawn Mendes<\/a> e <a href=\"https:\/\/entretenimento.r7.com\/famosos-e-tv\/antes-de-bruna-marquezine-shawn-mendes-teve-relacionamentos-polemicos-entenda-07012026\/\" target=\"_blank\" rel=\"noreferrer nofollow noopener\" title=\"https:\/\/entretenimento.r7.com\/famosos-e-tv\/antes-de-bruna-marquezine-shawn-mendes-teve-relacionamentos-polemicos-entenda-07012026\/\">Bruna Marquezine<\/a> est\u00e3o em Los Angeles, nos <a href=\"https:\/\/noticias.r7.com\/internacional\/estados-unidos\/\" target=\"_blank\" rel=\"noreferrer nofollow noopener\" title=\"https:\/\/noticias.r7.com\/internacional\/estados-unidos\/\">Estados Unidos<\/a>, onde vivem o atual romance em uma mans\u00e3o avaliada em mais de R$ 24 milh\u00f5es. O im\u00f3vel, localizado em <a href=\"https:\/\/noticias.r7.com\/minas-gerais\/balanco-geral-mg\/video\/hora-da-venenosa-bruna-marquezine-e-shawn-mendes-sao-vistos-juntos-em-mercado-na-california-08012026\/\" target=\"_blank\" rel=\"noreferrer nofollow noopener\" title=\"https:\/\/noticias.r7.com\/minas-gerais\/balanco-geral-mg\/video\/hora-da-venenosa-bruna-marquezine-e-shawn-mendes-sao-vistos-juntos-em-mercado-na-california-08012026\/\">Beverly Grove<\/a>, virou parte do notici\u00e1rio internacional depois que o casal passou a ser flagrado em passeios e momentos de lazer na cidade.<\/p>\n<p class=\"jarvics:base-text-neutral-high-400 base-text-[calc(theme(fontSize.xs)_*_var(--font-size,_1))] base-font-normal base-font-primary base-text-neutral-low-500 base-text-left\">O cantor canadense comprou a casa em 2022 por US$ 4,6 milh\u00f5es (mais de R$ 24 milh\u00f5es), logo ap\u00f3s o fim do relacionamento com a <a href=\"https:\/\/entretenimento.r7.com\/prisma\/fabiola-reipert\/video\/influenciadora-gera-polemica-ao-falar-mal-de-sasha-meneghel-e-bruna-marquezine-nas-redes-07012026\/\" target=\"_blank\" rel=\"noreferrer nofollow noopener\" title=\"https:\/\/entretenimento.r7.com\/prisma\/fabiola-reipert\/video\/influenciadora-gera-polemica-ao-falar-mal-de-sasha-meneghel-e-bruna-marquezine-nas-redes-07012026\/\">cantora Camila Cabello<\/a>. Na \u00e9poca, a aquisi\u00e7\u00e3o foi destaque na imprensa estrangeira, que apontou a mudan\u00e7a como um marco na nova <a href=\"https:\/\/entretenimento.r7.com\/famosos-e-tv\/feed-tv-arquivo-de-famosos\/video-filha-de-leonardo-revela-totem-de-neymar-retirado-de-festa-para-visita-de-bruna-marquezine-09012026\/\" target=\"_blank\" rel=\"noreferrer nofollow noopener\" title=\"https:\/\/entretenimento.r7.com\/famosos-e-tv\/feed-tv-arquivo-de-famosos\/video-filha-de-leonardo-revela-totem-de-neymar-retirado-de-festa-para-visita-de-bruna-marquezine-09012026\/\">fase pessoal do artista<\/a>.<\/p>\n<p class=\"jarvics:base-text-neutral-high-400 base-text-[calc(theme(fontSize.xs)_*_var(--font-size,_1))] base-font-normal base-font-primary base-text-neutral-low-500 base-text-left\">A resid\u00eancia fica em uma das \u00e1reas mais disputadas de <a href=\"https:\/\/entretenimento.r7.com\/famosos-e-tv\/shawn-mendes-e-bruna-marquezine-desembarcam-no-brasil-e-rumores-de-romance-voltam-a-tona-27122025\/\" target=\"_blank\" rel=\"noreferrer nofollow noopener\" title=\"https:\/\/entretenimento.r7.com\/famosos-e-tv\/shawn-mendes-e-bruna-marquezine-desembarcam-no-brasil-e-rumores-de-romance-voltam-a-tona-27122025\/\">Los Angeles<\/a> e tem cerca de 371 metros quadrados distribu\u00eddos em dois andares. Constru\u00eddo em 1974, o im\u00f3vel segue um design parisiense cl\u00e1ssico e foi descrito pelos agentes da negocia\u00e7\u00e3o como uma casa de perfil mais compacto para os padr\u00f5es de Hollywood.<\/p>\n<p><img decoding=\"async\" data-chromatic=\"ignore\" alt=\"Ambientes aparecem com uma paleta de cores uniforme, formada por tons de bege, creme e madeira crua\" class=\"c-image\" loading=\"lazy\" src=\"https:\/\/www.europesays.com\/pt\/wp-content\/uploads\/2026\/01\/EBVOAADXPVEUNAV5HI435F2YFE.jpg\"  width=\"1000\" height=\"667\"\/>Ambientes aparecem com uma paleta de cores uniforme, formada por tons de bege, creme e madeira crua Reprodu\u00e7\u00e3o\/X <\/p>\n<p class=\"jarvics:base-text-neutral-high-400 base-text-[calc(theme(fontSize.xs)_*_var(--font-size,_1))] base-font-normal base-font-primary base-text-neutral-low-500 base-text-left\">S\u00e3o cinco quartos e seis banheiros, al\u00e9m de uma cozinha de chefe com acabamentos em argila francesa. A \u00e1rea externa inclui piscina e um gramado com paisagismo. Nas imagens divulgadas quando a casa foi colocada \u00e0 venda, os ambientes aparecem com uma paleta de cores uniforme, formada por tons de bege, creme e madeira crua, o que refor\u00e7a o visual cl\u00e1ssico citado pelos corretores.<\/p>\n<p class=\"jarvics:base-text-neutral-high-400 base-text-[calc(theme(fontSize.xs)_*_var(--font-size,_1))] base-font-normal base-font-primary base-text-neutral-low-500 base-text-left\">Antes de se mudar para Beverly Grove, Mendes vivia em Hollywood Hills, outro bairro conhecido por concentrar resid\u00eancias de celebridades. A troca de endere\u00e7o ocorreu ap\u00f3s o fim do longo relacionamento com Camila Cabello.<\/p>\n<p class=\"jarvics:base-text-neutral-high-400 base-text-[calc(theme(fontSize.xs)_*_var(--font-size,_1))] base-font-normal base-font-primary base-text-neutral-low-500 base-text-left\">Agora, a mans\u00e3o se tornou o cen\u00e1rio do novo momento pessoal do artista ao lado de Bruna Marquezine. A atriz passou dias com o cantor no Brasil e, nas \u00faltimas semanas, os dois v\u00eam sendo vistos juntos em Los Angeles, onde vivem o affair que ganhou repercuss\u00e3o nas <a href=\"https:\/\/www.r7.com\/tudo-sobre\/redes-sociais\/\" target=\"_blank\" rel=\"noreferrer nofollow noopener\" title=\"https:\/\/www.r7.com\/tudo-sobre\/redes-sociais\/\">redes sociais<\/a>. <\/p>\n<p><video controls=\"\" class=\"video-js\" preload=\"metadata\" poster=\"https:\/\/d22yf0mxeu0gma.cloudfront.net\/01-08-2026\/t_ab52711887b0450fb8ae2f158a45fce0_name_file_960x540_1600_v4_.jpg\" title=\"Hora da Venenosa: Bruna Marquezine e Shawn Mendes s&#xE3;o vistos juntos em mercado na Calif&#xF3;rnia\" data-sprite-url=\"\" data-metadata=\"{&quot;title&quot;:&quot;Hora da Venenosa: Bruna Marquezine e Shawn Mendes s&#xE3;o vistos juntos em mercado na Calif&#xF3;rnia&quot;,&quot;sectionName&quot;:&quot;R7&quot;,&quot;mainSection&quot;:&quot;Famosos e TV&quot;,&quot;subSection&quot;:&quot;&quot;,&quot;views&quot;:&quot;&quot;,&quot;disableAdv&quot;:&quot;false&quot;,&quot;createdDate&quot;:&quot;2026-01-08T22:45:12Z&quot;,&quot;mainSectionUrl&quot;:&quot;https:\/\/noticias.r7.com\/minas-gerais\/balanco-geral-mg\/video\/hora-da-venenosa-bruna-marquezine-e-shawn-mendes-sao-vistos-juntos-em-mercado-na-california-08012026\/&quot;,&quot;sectionPath&quot;:&quot;https:\/\/noticias.r7.com\/minas-gerais\/balanco-geral-mg&quot;,&quot;ageRating&quot;:&quot;&quot;,&quot;ageRatingDescription&quot;:&quot;&quot;,&quot;duration&quot;:1505920,&quot;playerUrl&quot;:&quot;https:\/\/noticias.r7.com\/player\/cdbecc81-399a-4fdd-88d9-ce738d581e48\/&quot;}\" data-player-params=\"{&quot;p&quot;:&quot;true&quot;,&quot;autoPlay&quot;:&quot;false&quot;,&quot;logo&quot;:&quot;true&quot;,&quot;playlistId&quot;:&quot;false&quot;,&quot;calhau&quot;:&quot;false&quot;,&quot;share&quot;:&quot;true&quot;,&quot;sz&quot;:&quot;false&quot;,&quot;full&quot;:&quot;true&quot;,&quot;customAdHash&quot;:&quot;\/7542\/R7entretenimento\/famosostv&quot;,&quot;referrerUrl&quot;:&quot;&quot;,&quot;externalLinks&quot;:&quot;true&quot;,&quot;debug&quot;:&quot;false&quot;,&quot;debugHash&quot;:&quot;false&quot;,&quot;debugRelated&quot;:&quot;false&quot;,&quot;timerRelated&quot;:&quot;true&quot;,&quot;logoRecord&quot;:&quot;false&quot;,&quot;contextModal&quot;:&quot;false&quot;,&quot;parentUrl&quot;:&quot;https:\/\/record.r7.com\/&quot;,&quot;t&quot;:&quot;0&quot;,&quot;noTitle&quot;:false,&quot;endBehavior&quot;:&quot;default&quot;}\" data-related-videos=\"[{&quot;title&quot;:&quot;Luau da For&#xE7;a Jovem Universal acontece neste fim de semana, em Belo Horizonte&quot;,&quot;thumb&quot;:&quot;https:\/\/d22yf0mxeu0gma.cloudfront.net\/01-09-2026\/t_528326dc46274ad8a0e201be632046fd_name_file_960x540_1600_v4_.jpg&quot;,&quot;url&quot;:&quot;https:\/\/noticias.r7.com\/minas-gerais\/balanco-geral-mg\/video\/luau-da-forca-jovem-universal-acontece-neste-fim-de-semana-em-belo-horizonte-09012026\/&quot;,&quot;embedUrl&quot;:&quot;https:\/\/noticias.r7.com\/player\/1eff7e2c-2154-4c1b-b103-18dec0640c58\/&quot;},{&quot;title&quot;:&quot;Jovem de 20 anos &#xE9; preso em barrac&#xE3;o usado para tr&#xE1;fico de drogas em BH&quot;,&quot;thumb&quot;:&quot;https:\/\/d22yf0mxeu0gma.cloudfront.net\/01-09-2026\/t_5f437c4bb2864b34a43aefa6f6e5f9e1_name_file_960x540_1600_v4_.jpg&quot;,&quot;url&quot;:&quot;https:\/\/noticias.r7.com\/minas-gerais\/balanco-geral-mg\/video\/jovem-de-20-anos-e-preso-em-barracao-usado-para-trafico-de-drogas-em-bh-09012026\/&quot;,&quot;embedUrl&quot;:&quot;https:\/\/noticias.r7.com\/player\/46466de8-bc7d-4a2a-91c5-b16998a13b13\/&quot;},{&quot;title&quot;:&quot;Bairro a Bairro: cratera em rua sem asfalto revolta moradores de Ribeir&#xE3;o das Neves (MG)&quot;,&quot;thumb&quot;:&quot;https:\/\/d22yf0mxeu0gma.cloudfront.net\/01-09-2026\/t_a7f7df2fe98a438893119e2697b487c9_name_file_960x540_1600_v4_.jpg&quot;,&quot;url&quot;:&quot;https:\/\/noticias.r7.com\/minas-gerais\/balanco-geral-mg\/video\/bairro-a-bairro-cratera-em-rua-sem-asfalto-revolta-moradores-de-ribeirao-das-neves-mg-09012026\/&quot;,&quot;embedUrl&quot;:&quot;https:\/\/noticias.r7.com\/player\/7e5a1556-604e-416b-aa0e-a4253d0f4362\/&quot;}]\" data-player-url=\"https:\/\/noticias.r7.com\/player\/cdbecc81-399a-4fdd-88d9-ce738d581e48\/\" data-arc-video=\"\" data-arc-id=\"cdbecc81-399a-4fdd-88d9-ce738d581e48\" data-short=\"false\" style=\"visibility:hidden\"><\/video><\/p>\n<p class=\"jarvics:base-text-neutral-high-400 base-text-[calc(theme(fontSize.xs)_*_var(--font-size,_1))] base-font-normal base-font-primary base-text-neutral-low-500 base-text-left\"><b>Para saber tudo do mundo dos famosos, <\/b><a href=\"https:\/\/whatsapp.com\/channel\/0029Va9UfKcHQbRyCyhPt71R\" rel=\"nofollow noopener\" target=\"_blank\"><b>siga o canal de entretenimento do R7<\/b><\/a><b>, o portal de not\u00edcias da RECORD, no WhatsApp<\/b><\/p>\n","protected":false},"excerpt":{"rendered":"LEIA AQUI O RESUMO DA NOT\u00cdCIA Shawn Mendes e Bruna Marquezine est\u00e3o vivendo um romance em uma mans\u00e3o&hellip;\n","protected":false},"author":2,"featured_media":222626,"comment_status":"","ping_status":"","sticky":false,"template":"","format":"standard","meta":{"footnotes":""},"categories":[141],"tags":[3863,114,115,235,3034,149,150,32,33],"class_list":{"0":"post-222625","1":"post","2":"type-post","3":"status-publish","4":"format-standard","5":"has-post-thumbnail","7":"category-musica","8":"tag-bruna-marquezine","9":"tag-entertainment","10":"tag-entretenimento","11":"tag-estados-unidos","12":"tag-famosos-e-celebridades","13":"tag-music","14":"tag-musica","15":"tag-portugal","16":"tag-pt"},"share_on_mastodon":{"url":"https:\/\/pubeurope.com\/@pt\/115867099023146427","error":""},"_links":{"self":[{"href":"https:\/\/www.europesays.com\/pt\/wp-json\/wp\/v2\/posts\/222625","targetHints":{"allow":["GET"]}}],"collection":[{"href":"https:\/\/www.europesays.com\/pt\/wp-json\/wp\/v2\/posts"}],"about":[{"href":"https:\/\/www.europesays.com\/pt\/wp-json\/wp\/v2\/types\/post"}],"author":[{"embeddable":true,"href":"https:\/\/www.europesays.com\/pt\/wp-json\/wp\/v2\/users\/2"}],"replies":[{"embeddable":true,"href":"https:\/\/www.europesays.com\/pt\/wp-json\/wp\/v2\/comments?post=222625"}],"version-history":[{"count":0,"href":"https:\/\/www.europesays.com\/pt\/wp-json\/wp\/v2\/posts\/222625\/revisions"}],"wp:featuredmedia":[{"embeddable":true,"href":"https:\/\/www.europesays.com\/pt\/wp-json\/wp\/v2\/media\/222626"}],"wp:attachment":[{"href":"https:\/\/www.europesays.com\/pt\/wp-json\/wp\/v2\/media?parent=222625"}],"wp:term":[{"taxonomy":"category","embeddable":true,"href":"https:\/\/www.europesays.com\/pt\/wp-json\/wp\/v2\/categories?post=222625"},{"taxonomy":"post_tag","embeddable":true,"href":"https:\/\/www.europesays.com\/pt\/wp-json\/wp\/v2\/tags?post=222625"}],"curies":[{"name":"wp","href":"https:\/\/api.w.org\/{rel}","templated":true}]}}