{"id":222627,"date":"2026-01-09T20:46:09","date_gmt":"2026-01-09T20:46:09","guid":{"rendered":"https:\/\/www.europesays.com\/pt\/222627\/"},"modified":"2026-01-09T20:46:09","modified_gmt":"2026-01-09T20:46:09","slug":"trilogia-o-senhor-dos-aneis-volta-aos-cinemas-para-reexibicao-comemorativa-de-25-anos-r7-entretenimento","status":"publish","type":"post","link":"https:\/\/www.europesays.com\/pt\/222627\/","title":{"rendered":"Trilogia \u2018O Senhor dos An\u00e9is\u2019 volta aos cinemas para reexibi\u00e7\u00e3o comemorativa de 25 anos \u2013 R7 Entretenimento"},"content":{"rendered":"<p>LEIA AQUI O RESUMO DA NOT\u00cdCIA<\/p>\n<ul class=\"b-article-body-custom-embed-brief-news__list\" style=\"margin: 0; padding-left: 20px; list-style-type: disc;\">\n<li>A trilogia &#8216;O Senhor dos An\u00e9is&#8217; ser\u00e1 reexibida nos cinemas em comemora\u00e7\u00e3o aos 25 anos de &#8216;A Sociedade do Anel&#8217;.<\/li>\n<li>A reexibi\u00e7\u00e3o acontece nos dias 22, 23 e 24 de janeiro, com um filme por dia.<\/li>\n<li>Os filmes ser\u00e3o mostrados na vers\u00e3o estendida e legendada, come\u00e7ando com &#8216;A Sociedade do Anel&#8217;.<\/li>\n<li>A pr\u00e9-venda de ingressos inicia no dia 08 de janeiro.<\/li>\n<\/ul>\n<p style=\"font-size: 0.8em; font-style: italic; text-align: right; margin-top: 15px; padding-bottom: 5px; margin-bottom: 0;\">Produzido pela Ri7a &#8211; a Intelig\u00eancia Artificial do R7<\/p>\n<p><img decoding=\"async\" data-chromatic=\"ignore\" alt=\"\" class=\"c-image\" loading=\"lazy\" src=\"https:\/\/www.europesays.com\/pt\/wp-content\/uploads\/2026\/01\/NBFOIGJJLBGWVDAJG3UBA2JNIU.jpg\"  width=\"1920\" height=\"1080\"\/>Cena do filme Senhor dos An\u00e9is Warner Bros.\/Divulga\u00e7\u00e3o <\/p>\n<p class=\"jarvics:base-text-neutral-high-400 base-text-[calc(theme(fontSize.xs)_*_var(--font-size,_1))] base-font-normal base-font-primary base-text-neutral-low-500 base-text-left\">A<b> Warner Bros. Pictures<\/b> anunciou o retorno da trilogia completa em vers\u00e3o estendida de <a href=\"https:\/\/entretenimento.r7.com\/cinema\/trilogia-de-o-senhor-dos-aneis-retorna-aos-cinemas-para-celebrar-os-25-anos-do-primeiro-filme-da-saga-09012026\/\" target=\"_blank\" rel=\"noreferrer nofollow noopener\" title=\"https:\/\/entretenimento.r7.com\/cinema\/trilogia-de-o-senhor-dos-aneis-retorna-aos-cinemas-para-celebrar-os-25-anos-do-primeiro-filme-da-saga-09012026\/\"><b>O Senhor dos An\u00e9is<\/b><\/a><b> <\/b>aos <a href=\"https:\/\/entretenimento.r7.com\/prisma\/cine-r7\/\" target=\"_blank\" rel=\"noreferrer nofollow noopener\" title=\"https:\/\/entretenimento.r7.com\/prisma\/cine-r7\/\">cinemas<\/a>, em comemora\u00e7\u00e3o dos 25 anos do lan\u00e7amento de <b>A Sociedade do Anel<\/b>. Entre 22 e 24 de janeiro, um filme da saga estar\u00e1 em cartaz por dia para que os apaixonados pelo universo de J.R.R. Tolkien possam voltar \u00e0 Terra M\u00e9dia direto nas telonas, ou para que novos espectadores sintam essa emo\u00e7\u00e3o pela primeira vez. Os <a href=\"https:\/\/noticias.r7.com\/record-news\/hora-news\/video\/oasis-lidera-ranking-de-mais-ingressos-vendidos-em-2025-04012026\/\" target=\"_blank\" rel=\"noreferrer nofollow noopener\" title=\"https:\/\/noticias.r7.com\/record-news\/hora-news\/video\/oasis-lidera-ranking-de-mais-ingressos-vendidos-em-2025-04012026\/\">ingressos<\/a> poder\u00e3o ser garantidos na pr\u00e9-venda a partir do dia 08 de janeiro. <\/p>\n<p class=\"jarvics:base-text-neutral-high-400 base-text-[calc(theme(fontSize.xs)_*_var(--font-size,_1))] base-font-normal base-font-primary base-text-neutral-low-500 base-text-left\">Os tr\u00eas cap\u00edtulos da aventura de Frodo (<b>Elijah Wood<\/b>) acompanham o pequeno hobbit e seus aliados na luta para defender seu mundo das for\u00e7as sombrias de Sauron (<b>Sala Bake<\/b>r), inspirados na obra hom\u00f4nima de Tolkien e com dire\u00e7\u00e3o de <b>Peter Jackson<\/b>. <\/p>\n<p class=\"jarvics:base-text-neutral-high-400 base-text-[calc(theme(fontSize.xs)_*_var(--font-size,_1))] base-font-normal base-font-primary base-text-neutral-low-500 base-text-left\">No dia 22, chega aos cinemas o primeiro filme, <b>A Sociedade do Anel<\/b>, enquanto <b>As Duas Torres <\/b>ser\u00e1 exibido no dia 23. Por fim, <b>O Retorno do Rei, <\/b>cap\u00edtulo final da saga e vencedor do Oscar de Melhor Filme,<b> <\/b>fica em cartaz<b> <\/b>no dia 24 de janeiro. Os longas ser\u00e3o exibidos na vers\u00e3o legendada. <\/p>\n<p class=\"jarvics:base-text-neutral-high-400 base-text-[calc(theme(fontSize.xs)_*_var(--font-size,_1))] base-font-normal base-font-primary base-text-neutral-low-500 base-text-left\">Para mais informa\u00e7\u00f5es sobre as sess\u00f5es, confira a programa\u00e7\u00e3o da rede de cinema mais pr\u00f3xima. <\/p>\n<p class=\"jarvics:base-text-neutral-high-400 base-text-[calc(theme(fontSize.xs)_*_var(--font-size,_1))] base-font-normal base-font-primary base-text-neutral-low-500 base-text-left\">\u2705<b>Para saber tudo do mundo dos famosos, <\/b><a href=\"https:\/\/whatsapp.com\/channel\/0029Va9UfKcHQbRyCyhPt71R\" target=\"_self\" rel=\"nofollow noopener\" title=\"https:\/\/whatsapp.com\/channel\/0029Va9UfKcHQbRyCyhPt71R\"><b>siga o canal de entretenimento do R7<\/b><\/a><b>, o portal de not\u00edcias da Record, no WhatsApp<\/b><\/p>\n","protected":false},"excerpt":{"rendered":"LEIA AQUI O RESUMO DA NOT\u00cdCIA A trilogia &#8216;O Senhor dos An\u00e9is&#8217; ser\u00e1 reexibida nos cinemas em comemora\u00e7\u00e3o&hellip;\n","protected":false},"author":2,"featured_media":222628,"comment_status":"","ping_status":"","sticky":false,"template":"","format":"standard","meta":{"footnotes":""},"categories":[140],"tags":[470,5932,114,115,147,148,20149,146,32,33],"class_list":{"0":"post-222627","1":"post","2":"type-post","3":"status-publish","4":"format-standard","5":"has-post-thumbnail","7":"category-filmes","8":"tag-cinema","9":"tag-cultura-pop","10":"tag-entertainment","11":"tag-entretenimento","12":"tag-film","13":"tag-filmes","14":"tag-geek","15":"tag-movies","16":"tag-portugal","17":"tag-pt"},"share_on_mastodon":{"url":"","error":""},"_links":{"self":[{"href":"https:\/\/www.europesays.com\/pt\/wp-json\/wp\/v2\/posts\/222627","targetHints":{"allow":["GET"]}}],"collection":[{"href":"https:\/\/www.europesays.com\/pt\/wp-json\/wp\/v2\/posts"}],"about":[{"href":"https:\/\/www.europesays.com\/pt\/wp-json\/wp\/v2\/types\/post"}],"author":[{"embeddable":true,"href":"https:\/\/www.europesays.com\/pt\/wp-json\/wp\/v2\/users\/2"}],"replies":[{"embeddable":true,"href":"https:\/\/www.europesays.com\/pt\/wp-json\/wp\/v2\/comments?post=222627"}],"version-history":[{"count":0,"href":"https:\/\/www.europesays.com\/pt\/wp-json\/wp\/v2\/posts\/222627\/revisions"}],"wp:featuredmedia":[{"embeddable":true,"href":"https:\/\/www.europesays.com\/pt\/wp-json\/wp\/v2\/media\/222628"}],"wp:attachment":[{"href":"https:\/\/www.europesays.com\/pt\/wp-json\/wp\/v2\/media?parent=222627"}],"wp:term":[{"taxonomy":"category","embeddable":true,"href":"https:\/\/www.europesays.com\/pt\/wp-json\/wp\/v2\/categories?post=222627"},{"taxonomy":"post_tag","embeddable":true,"href":"https:\/\/www.europesays.com\/pt\/wp-json\/wp\/v2\/tags?post=222627"}],"curies":[{"name":"wp","href":"https:\/\/api.w.org\/{rel}","templated":true}]}}