{"id":222635,"date":"2026-01-09T20:53:07","date_gmt":"2026-01-09T20:53:07","guid":{"rendered":"https:\/\/www.europesays.com\/pt\/222635\/"},"modified":"2026-01-09T20:53:07","modified_gmt":"2026-01-09T20:53:07","slug":"garagem-que-ardeu-e-deixou-111-desalojados-em-pacos-de-ferreira-vai-ser-intervencionada","status":"publish","type":"post","link":"https:\/\/www.europesays.com\/pt\/222635\/","title":{"rendered":"Garagem que ardeu e deixou 111 desalojados em Pa\u00e7os de Ferreira vai ser intervencionada"},"content":{"rendered":"<p data-remotead-prev-elm=\"true\" data-remotead-elm-id=\"inread\">Ao que o JN apurou, as <strong>111 pessoas que moravam no pr\u00e9dio<\/strong> e que foram realojadas na noite do inc\u00eandio (a maioria foi acolhida por familiares e 30 delas alojados num hotel, disponibilizado pela autarquia) n\u00e3o poder\u00e3o regressar \u00e0s suas habita\u00e7\u00f5es nos pr\u00f3ximos tempos, depois de uma primeira inspe\u00e7\u00e3o ao edif\u00edcio, para apurar os danos que o inc\u00eandio na garagem provocou na estrutura do pr\u00e9dio, ter considerado que n\u00e3o apresenta seguran\u00e7a para os moradores.<\/p>\n<blockquote data-type=\"articles\" data-id=\"related-article-18038120\"><p>\n              <strong>Leia tamb\u00e9m <\/strong><br \/>\n              <a href=\"https:\/\/www.jn.pt\/pais\/artigo\/incendio-em-garagens-destroi-varias-viaturas-e-obriga-a-retirada-de-moradores\/18038120\" rel=\"nofollow noopener\" target=\"_blank\">Inc\u00eandio numa garagem em Pa\u00e7os de Ferreira destr\u00f3i viaturas e deixa 111 desalojados<\/a>\n            <\/p><\/blockquote>\n<p>Ao JN, um dos elementos da administra\u00e7\u00e3o do condom\u00ednio deu nota que n\u00e3o foi autorizado o regresso das pessoas e que apenas lhes foi permitido entrar no pr\u00e9dio desde o inc\u00eandio, &#8220;por breves instantes&#8221;, para irem buscar alguns dos seus pertences.<\/p>\n<p>Isto porque, com o inc\u00eandio e as altas temperaturas que o mesmo provocou, a laje da garagem do pr\u00e9dio cedeu 5 cent\u00edmetros e vai ser necess\u00e1rio <strong>realizar uma interven\u00e7\u00e3o para refor\u00e7ar a seguran\u00e7a<\/strong>. &#8220;A Prote\u00e7\u00e3o Civil vai fazer o refor\u00e7o da laje que foi afetada, vai fazer um escoramento, para depois ser realizada uma nova an\u00e1lise, por t\u00e9cnicos especialistas da Faculdade de Engenharia do Porto, que v\u00e3o fazer testes de resist\u00eancia da laje e apurar se \u00e9 necess\u00e1rio realizar mais alguma interven\u00e7\u00e3o&#8221;, acrescentou.<\/p>\n<p>Entretanto, adiantou, ontem reuniram com a C\u00e2mara Municipal e est\u00e3o a procurar, juntamente com a autarquia, encontrar solu\u00e7\u00f5es para alojar os moradores, em outros edif\u00edcios, durante o per\u00edodo em que decorrem os trabalhos. &#8220;As pessoas agora est\u00e3o mais conformadas, porque perceberam que n\u00e3o est\u00e3o sozinhas e que se est\u00e1 a fazer tudo para que voltem a casa o mais r\u00e1pido poss\u00edvel, apesar de n\u00e3o sabermos quando isso vai acontecer&#8221;, concluiu.<\/p>\n","protected":false},"excerpt":{"rendered":"Ao que o JN apurou, as 111 pessoas que moravam no pr\u00e9dio e que foram realojadas na noite&hellip;\n","protected":false},"author":2,"featured_media":222636,"comment_status":"","ping_status":"","sticky":false,"template":"","format":"standard","meta":{"footnotes":""},"categories":[10],"tags":[27,28,29529,16204,15,16,42945,14,625,25,26,21,22,12,13,19,20,32,23,24,33,17,18,29,30,31],"class_list":{"0":"post-222635","1":"post","2":"type-post","3":"status-publish","4":"format-standard","5":"has-post-thumbnail","7":"category-portugal","8":"tag-breaking-news","9":"tag-breakingnews","10":"tag-concelho-pacos-de-ferreira","11":"tag-desalojados","12":"tag-featured-news","13":"tag-featurednews","14":"tag-garagem","15":"tag-headlines","16":"tag-incendio","17":"tag-latest-news","18":"tag-latestnews","19":"tag-main-news","20":"tag-mainnews","21":"tag-news","22":"tag-noticias","23":"tag-noticias-principais","24":"tag-noticiasprincipais","25":"tag-portugal","26":"tag-principais-noticias","27":"tag-principaisnoticias","28":"tag-pt","29":"tag-top-stories","30":"tag-topstories","31":"tag-ultimas","32":"tag-ultimas-noticias","33":"tag-ultimasnoticias"},"share_on_mastodon":{"url":"https:\/\/pubeurope.com\/@pt\/115867130482378289","error":""},"_links":{"self":[{"href":"https:\/\/www.europesays.com\/pt\/wp-json\/wp\/v2\/posts\/222635","targetHints":{"allow":["GET"]}}],"collection":[{"href":"https:\/\/www.europesays.com\/pt\/wp-json\/wp\/v2\/posts"}],"about":[{"href":"https:\/\/www.europesays.com\/pt\/wp-json\/wp\/v2\/types\/post"}],"author":[{"embeddable":true,"href":"https:\/\/www.europesays.com\/pt\/wp-json\/wp\/v2\/users\/2"}],"replies":[{"embeddable":true,"href":"https:\/\/www.europesays.com\/pt\/wp-json\/wp\/v2\/comments?post=222635"}],"version-history":[{"count":0,"href":"https:\/\/www.europesays.com\/pt\/wp-json\/wp\/v2\/posts\/222635\/revisions"}],"wp:featuredmedia":[{"embeddable":true,"href":"https:\/\/www.europesays.com\/pt\/wp-json\/wp\/v2\/media\/222636"}],"wp:attachment":[{"href":"https:\/\/www.europesays.com\/pt\/wp-json\/wp\/v2\/media?parent=222635"}],"wp:term":[{"taxonomy":"category","embeddable":true,"href":"https:\/\/www.europesays.com\/pt\/wp-json\/wp\/v2\/categories?post=222635"},{"taxonomy":"post_tag","embeddable":true,"href":"https:\/\/www.europesays.com\/pt\/wp-json\/wp\/v2\/tags?post=222635"}],"curies":[{"name":"wp","href":"https:\/\/api.w.org\/{rel}","templated":true}]}}