{"id":222687,"date":"2026-01-09T21:34:06","date_gmt":"2026-01-09T21:34:06","guid":{"rendered":"https:\/\/www.europesays.com\/pt\/222687\/"},"modified":"2026-01-09T21:34:06","modified_gmt":"2026-01-09T21:34:06","slug":"uma-nova-cruz-pastoral-para-o-papa-leao-xiv","status":"publish","type":"post","link":"https:\/\/www.europesays.com\/pt\/222687\/","title":{"rendered":"Uma nova cruz pastoral para o Papa Le\u00e3o XIV"},"content":{"rendered":"<p>No dia 6 de janeiro, o Pont\u00edfice passou a utilizar um novo b\u00e1culo que, como explica o Departamento das Celebra\u00e7\u00f5es Lit\u00fargicas, se coloca \u201cem continuidade\u201d com aqueles utilizados por seus predecessores, unindo a miss\u00e3o de anunciar o mist\u00e9rio de Cristo na cruz com a manifesta\u00e7\u00e3o gloriosa da Ressurrei\u00e7\u00e3o.<\/p>\n<p><b>Vatican News<\/b><\/p>\n<p>No \u00faltimo dia 6 de janeiro, solenidade da Epifania do Senhor e fechamento da Porta Santa da Bas\u00edlica de S\u00e3o Pedro, Le\u00e3o XIV utilizou uma nova cruz pastoral. Como explica o Departamento das Celebra\u00e7\u00f5es Lit\u00fargicas, o b\u00e1culo \u201cse coloca em continuidade com aqueles de que se serviram seus predecessores, unindo a miss\u00e3o de anunciar o mist\u00e9rio de amor expresso por Cristo na cruz com a sua manifesta\u00e7\u00e3o gloriosa na Ressurrei\u00e7\u00e3o\u201d.<\/p>\n<p>\u201cO mist\u00e9rio pascal, centro gravitacional do an\u00fancio apost\u00f3lico, torna-se assim motivo de esperan\u00e7a para a humanidade, porque a morte j\u00e1 n\u00e3o tem qualquer poder sobre o homem, uma vez que aquilo que Cristo assumiu, Ele tamb\u00e9m redimiu\u201d, l\u00ea-se em uma nota. O b\u00e1culo pastoral de Le\u00e3o XIV \u201capresenta o Cristo n\u00e3o mais preso pelos cravos da Paix\u00e3o, mas com o seu corpo glorificado no ato de ascender ao Pai. Como nas apari\u00e7\u00f5es do Ressuscitado, apresenta aos seus as chagas da cruz, como sinais luminosos de vit\u00f3ria que, embora n\u00e3o apaguem a dor humana, a transfiguram numa aurora de vida divina\u201d.<\/p>\n<p>O Departamento das Celebra\u00e7\u00f5es Lit\u00fargicas recorda ainda que o b\u00e1culo, \u201ccomo ins\u00edgnia episcopal, nunca fez parte das ins\u00edgnias pr\u00f3prias do Romano Pont\u00edfice. Desde a Alta Idade M\u00e9dia, os Papas se serviam da ferula pontificalis, como ins\u00edgnia indicativa de sua potestade espiritual e de governo. Embora a forma da f\u00e9rula n\u00e3o seja bem definida, provavelmente tratava-se de um bast\u00e3o que trazia em seu topo uma simples cruz. Os Papas recebiam essa ins\u00edgnia ap\u00f3s a elei\u00e7\u00e3o, quando tomavam posse de sua C\u00e1tedra na Bas\u00edlica de S\u00e3o Jo\u00e3o de Latr\u00e3o\u201d.<\/p>\n<p>O uso da f\u00e9rula, por\u00e9m, nunca fez parte da liturgia papal, exceto em algumas ocasi\u00f5es, como na abertura da Porta Santa, para bater tr\u00eas vezes nos batentes, ou na consagra\u00e7\u00e3o das igrejas, para tra\u00e7ar no ch\u00e3o o alfabeto latino e grego, conforme previsto pelo rito. Foi o Papa S\u00e3o Paulo VI que, em 8 de dezembro de 1965, por ocasi\u00e3o do encerramento do Conc\u00edlio Vaticano II, utilizou um \u201cb\u00e1culo pastoral\u201d de prata com a figura do Crucificado. O escultor Lello Scorzelli, a quem foi encomendada a obra, quis assim expressar a voca\u00e7\u00e3o do ap\u00f3stolo Paulo, cujo nome o Papa escolheu assumir: a de ser testemunha e anunciador de Cristo crucificado (cf. 1Cor 2,2).<\/p>\n<p>S\u00e3o Paulo VI, deixando de utilizar a f\u00e9rula, come\u00e7ou a empregar essa cruz pastoral com frequ\u00eancia cada vez maior nas celebra\u00e7\u00f5es lit\u00fargicas, como depois o fizeram habitualmente seus sucessores. Permanece viva na mem\u00f3ria a atitude de S\u00e3o Jo\u00e3o Paulo II que, no in\u00edcio de seu minist\u00e9rio petrino, quis elevar a cruz pastoral para indicar o centro de seu magist\u00e9rio, j\u00e1 anunciado na homilia: \u201cAbrir as portas a Cristo\u201d. O Papa Bento XVI quis tamb\u00e9m utilizar um b\u00e1culo pastoral encimado por uma cruz dourada, j\u00e1 usada pelo Beato Pio IX, e posteriormente aquele que lhe foi doado, trazendo no centro da cruz o s\u00edmbolo do Cordeiro Pascal e o monograma de Cristo, como representa\u00e7\u00e3o da unidade do mist\u00e9rio da cruz e da Ressurrei\u00e7\u00e3o, centro do querigma apost\u00f3lico.<\/p>\n","protected":false},"excerpt":{"rendered":"No dia 6 de janeiro, o Pont\u00edfice passou a utilizar um novo b\u00e1culo que, como explica o Departamento&hellip;\n","protected":false},"author":2,"featured_media":222688,"comment_status":"","ping_status":"","sticky":false,"template":"","format":"standard","meta":{"footnotes":""},"categories":[50],"tags":[27,28,15,16,14,545,25,26,19006,21,22,62,12,13,19,20,811,23,24,4629,17,18,29,30,31,5598,63,64,65],"class_list":{"0":"post-222687","1":"post","2":"type-post","3":"status-publish","4":"format-standard","5":"has-post-thumbnail","7":"category-mundo","8":"tag-breaking-news","9":"tag-breakingnews","10":"tag-featured-news","11":"tag-featurednews","12":"tag-headlines","13":"tag-igreja-catolica","14":"tag-latest-news","15":"tag-latestnews","16":"tag-liturgia","17":"tag-main-news","18":"tag-mainnews","19":"tag-mundo","20":"tag-news","21":"tag-noticias","22":"tag-noticias-principais","23":"tag-noticiasprincipais","24":"tag-papa-leao-xiv","25":"tag-principais-noticias","26":"tag-principaisnoticias","27":"tag-santa-se","28":"tag-top-stories","29":"tag-topstories","30":"tag-ultimas","31":"tag-ultimas-noticias","32":"tag-ultimasnoticias","33":"tag-vaticano","34":"tag-world","35":"tag-world-news","36":"tag-worldnews"},"share_on_mastodon":{"url":"https:\/\/pubeurope.com\/@pt\/115867291728180641","error":""},"_links":{"self":[{"href":"https:\/\/www.europesays.com\/pt\/wp-json\/wp\/v2\/posts\/222687","targetHints":{"allow":["GET"]}}],"collection":[{"href":"https:\/\/www.europesays.com\/pt\/wp-json\/wp\/v2\/posts"}],"about":[{"href":"https:\/\/www.europesays.com\/pt\/wp-json\/wp\/v2\/types\/post"}],"author":[{"embeddable":true,"href":"https:\/\/www.europesays.com\/pt\/wp-json\/wp\/v2\/users\/2"}],"replies":[{"embeddable":true,"href":"https:\/\/www.europesays.com\/pt\/wp-json\/wp\/v2\/comments?post=222687"}],"version-history":[{"count":0,"href":"https:\/\/www.europesays.com\/pt\/wp-json\/wp\/v2\/posts\/222687\/revisions"}],"wp:featuredmedia":[{"embeddable":true,"href":"https:\/\/www.europesays.com\/pt\/wp-json\/wp\/v2\/media\/222688"}],"wp:attachment":[{"href":"https:\/\/www.europesays.com\/pt\/wp-json\/wp\/v2\/media?parent=222687"}],"wp:term":[{"taxonomy":"category","embeddable":true,"href":"https:\/\/www.europesays.com\/pt\/wp-json\/wp\/v2\/categories?post=222687"},{"taxonomy":"post_tag","embeddable":true,"href":"https:\/\/www.europesays.com\/pt\/wp-json\/wp\/v2\/tags?post=222687"}],"curies":[{"name":"wp","href":"https:\/\/api.w.org\/{rel}","templated":true}]}}