{"id":222695,"date":"2026-01-09T21:42:07","date_gmt":"2026-01-09T21:42:07","guid":{"rendered":"https:\/\/www.europesays.com\/pt\/222695\/"},"modified":"2026-01-09T21:42:07","modified_gmt":"2026-01-09T21:42:07","slug":"diretora-de-as-marvels-deseja-transformar-invencivel-em-live-action","status":"publish","type":"post","link":"https:\/\/www.europesays.com\/pt\/222695\/","title":{"rendered":"Diretora de As Marvels deseja transformar Invenc\u00edvel em live-action"},"content":{"rendered":"<p>A diretora Nia DaCosta, conhecida pelo seu trabalho em As Marvels, revelou que gostaria de transformar <b>Invenc\u00edvel <\/b>em uma produ\u00e7\u00e3o live-action. A informa\u00e7\u00e3o foi compartilhada durante uma sess\u00e3o de perguntas e respostas promovida pela Sony Pictures, onde a cineasta surpreendeu os f\u00e3s ao manifestar interesse pela adapta\u00e7\u00e3o da popular s\u00e9rie animada do Prime Video.<\/p>\n<p>\u201cEu adoraria dirigir uma adapta\u00e7\u00e3o cinematogr\u00e1fica de Invenc\u00edvel\u201c, declarou DaCosta, enfatizando que sua vis\u00e3o seria transformar a anima\u00e7\u00e3o em um projeto com atores reais. A diretora demonstrou entusiasmo ao falar sobre a propriedade criada por Robert Kirkman, tamb\u00e9m conhecido pelo sucesso de The Walking Dead.<\/p>\n<p>Em sua resposta, DaCosta foi al\u00e9m e afirmou: \u201cOs quadrinhos e a anima\u00e7\u00e3o s\u00e3o incr\u00edveis. Eu sei exatamente como gostaria de traduzir aquele mundo e aquele incr\u00edvel relacionamento pai\/filho para as telas\u201d. A cineasta tamb\u00e9m destacou seu interesse em explorar aspectos mais maduros do material original, mencionando que gostaria de criar \u201calgo no universo de super-her\u00f3is que tenha um pouco de crueza e visceralidade \u2013 e sexo!\u201d<\/p>\n<p>Invenc\u00edvel, que j\u00e1 conta com tr\u00eas temporadas no servi\u00e7o de streaming da Amazon, acompanha a hist\u00f3ria de Mark Grayson, um adolescente de 17 anos que descobre ter herdado os poderes do mais poderoso vigilante do planeta, Omni-Man, que tamb\u00e9m \u00e9 seu pai. A quarta temporada da s\u00e9rie animada est\u00e1 prevista para estrear em mar\u00e7o de 2026.<\/p>\n<p>Rumores sobre uma adapta\u00e7\u00e3o live-action de Invenc\u00edvel n\u00e3o s\u00e3o novidade no mercado. Em 2017, Seth Rogen e Evan Goldberg j\u00e1 haviam anunciado planos para transformar a hist\u00f3ria em realidade. Quando questionado sobre a possibilidade de interpretar Mark Grayson em uma vers\u00e3o com atores reais, Steven Yeun, que d\u00e1 voz ao protagonista na anima\u00e7\u00e3o, brincou com sua idade: \u201cBem, eu tenho 40 anos\u201d.\u00a0<\/p>\n<p>Embora o projeto de um filme live-action de Invenc\u00edvel ainda n\u00e3o tenha sido oficialmente confirmado, o interesse de uma diretora como Nia DaCosta certamente adiciona combust\u00edvel \u00e0s especula\u00e7\u00f5es sobre o futuro da franquia.<\/p>\n<p><img decoding=\"async\" src=\"https:\/\/www.europesays.com\/pt\/wp-content\/uploads\/2026\/01\/gSGSceq6U2YAGDxxHbZYzf-1280-80.jpg\" alt=\"Frame da anima\u00e7\u00e3o Invincible mostrando o jovem her\u00f3i de traje azul e amarelo voando em alta velocidade\" title=\"Diretora de As Marvels deseja transformar Invenc\u00edvel em live-action 1\"\/><\/p>\n<p>Fonte: <a href=\"https:\/\/www.gamesradar.com\/entertainment\/superhero-movies\/the-marvels-director-nia-dacosta-would-love-to-direct-a-live-action-invincible-i-know-exactly-how-id-want-to-translate-that-world\/\" target=\"_blank\" rel=\"noopener nofollow\">GamesRadar<\/a><\/p>\n","protected":false},"excerpt":{"rendered":"A diretora Nia DaCosta, conhecida pelo seu trabalho em As Marvels, revelou que gostaria de transformar Invenc\u00edvel em&hellip;\n","protected":false},"author":2,"featured_media":222696,"comment_status":"","ping_status":"","sticky":false,"template":"","format":"standard","meta":{"footnotes":""},"categories":[140],"tags":[114,115,147,148,146,32,33],"class_list":{"0":"post-222695","1":"post","2":"type-post","3":"status-publish","4":"format-standard","5":"has-post-thumbnail","7":"category-filmes","8":"tag-entertainment","9":"tag-entretenimento","10":"tag-film","11":"tag-filmes","12":"tag-movies","13":"tag-portugal","14":"tag-pt"},"share_on_mastodon":{"url":"https:\/\/pubeurope.com\/@pt\/115867323211532901","error":""},"_links":{"self":[{"href":"https:\/\/www.europesays.com\/pt\/wp-json\/wp\/v2\/posts\/222695","targetHints":{"allow":["GET"]}}],"collection":[{"href":"https:\/\/www.europesays.com\/pt\/wp-json\/wp\/v2\/posts"}],"about":[{"href":"https:\/\/www.europesays.com\/pt\/wp-json\/wp\/v2\/types\/post"}],"author":[{"embeddable":true,"href":"https:\/\/www.europesays.com\/pt\/wp-json\/wp\/v2\/users\/2"}],"replies":[{"embeddable":true,"href":"https:\/\/www.europesays.com\/pt\/wp-json\/wp\/v2\/comments?post=222695"}],"version-history":[{"count":0,"href":"https:\/\/www.europesays.com\/pt\/wp-json\/wp\/v2\/posts\/222695\/revisions"}],"wp:featuredmedia":[{"embeddable":true,"href":"https:\/\/www.europesays.com\/pt\/wp-json\/wp\/v2\/media\/222696"}],"wp:attachment":[{"href":"https:\/\/www.europesays.com\/pt\/wp-json\/wp\/v2\/media?parent=222695"}],"wp:term":[{"taxonomy":"category","embeddable":true,"href":"https:\/\/www.europesays.com\/pt\/wp-json\/wp\/v2\/categories?post=222695"},{"taxonomy":"post_tag","embeddable":true,"href":"https:\/\/www.europesays.com\/pt\/wp-json\/wp\/v2\/tags?post=222695"}],"curies":[{"name":"wp","href":"https:\/\/api.w.org\/{rel}","templated":true}]}}