{"id":222699,"date":"2026-01-09T21:44:07","date_gmt":"2026-01-09T21:44:07","guid":{"rendered":"https:\/\/www.europesays.com\/pt\/222699\/"},"modified":"2026-01-09T21:44:07","modified_gmt":"2026-01-09T21:44:07","slug":"primavera-do-leste-encerra-surto-de-sarampo-apos-intensificacao-da-vacinacao-prefeitura-de-primavera-do-leste-primavera-do-leste","status":"publish","type":"post","link":"https:\/\/www.europesays.com\/pt\/222699\/","title":{"rendered":"Primavera do Leste encerra surto de sarampo ap\u00f3s intensifica\u00e7\u00e3o da vacina\u00e7\u00e3o &#8211; Prefeitura de Primavera do Leste Primavera do Leste"},"content":{"rendered":"<p>A Vigil\u00e2ncia Epidemiol\u00f3gica e o setor de Imuniza\u00e7\u00e3o, em parceria com a Secretaria Municipal de Sa\u00fade, a Secretaria de Estado de Sa\u00fade de Mato Grosso (SES\/MT), o Minist\u00e9rio da Sa\u00fade e institui\u00e7\u00f5es p\u00fablicas e privadas, intensificaram as a\u00e7\u00f5es de rastreio, diagn\u00f3stico, bloqueio e preven\u00e7\u00e3o do sarampo em Primavera do Leste, garantindo o controle da doen\u00e7a no munic\u00edpio. \u00a0<\/p>\n<p>&#13;<br \/>\n&#13;<\/p>\n<p>Em todo o ano de 2025, foram aplicadas 15.282 doses de vacinas com componente contra o sarampo. Desse total, 10.368 doses, o equivalente a 67,8%, foram administradas entre entre setembro e dezembro, per\u00edodo que concentrou a maior intensifica\u00e7\u00e3o das a\u00e7\u00f5es de imuniza\u00e7\u00e3o. \u00a0<\/p>\n<p>&#13;<br \/>\n&#13;<\/p>\n<p>A enfermeira epidemiologista e coordenadora da Vigil\u00e2ncia Epidemiol\u00f3gica, M\u00f4nia Maia de Lima, destaca a import\u00e2ncia da vacina\u00e7\u00e3o n\u00e3o apenas contra o sarampo, mas como estrat\u00e9gia fundamental de prote\u00e7\u00e3o coletiva e fortalecimento da confian\u00e7a da popula\u00e7\u00e3o nas vacinas. \u00a0<\/p>\n<p>&#13;<br \/>\n&#13;<\/p>\n<p>\u201cO encerramento do surto \u00e9 motivo de grande satisfa\u00e7\u00e3o para o munic\u00edpio, pois representa um desfecho exitoso de um per\u00edodo de trabalho intenso e integrado entre os tr\u00eas n\u00edveis de gest\u00e3o municipal, estadual e federal al\u00e9m das \u00e1reas t\u00e9cnicas e assistenciais envolvidas. Esse resultado foi constru\u00eddo a muitas m\u00e3os, com resposta r\u00e1pida na identifica\u00e7\u00e3o, testagem, atendimento e monitoramento dos casos e contatos, al\u00e9m da amplia\u00e7\u00e3o da oferta de vacina\u00e7\u00e3o para interromper a cadeia de transmiss\u00e3o do sarampo e de outras doen\u00e7as\u201d, explicou. \u00a0<\/p>\n<p>&#13;<br \/>\n&#13;<\/p>\n<p>As estrat\u00e9gias adotadas priorizaram a comunica\u00e7\u00e3o de risco \u00e0 popula\u00e7\u00e3o, o controle dos casos e a amplia\u00e7\u00e3o da cobertura vacinal, com foco especial nos grupos mais vulner\u00e1veis. Para refor\u00e7ar as a\u00e7\u00f5es, a SES disponibilizou dois caminh\u00f5es do programa Imuniza Mais MT, al\u00e9m de equipes t\u00e9cnicas de apoio. \u00a0<\/p>\n<p>&#13;<br \/>\n&#13;<\/p>\n<p>O munic\u00edpio tamb\u00e9m contou com a aquisi\u00e7\u00e3o de uma van de imuniza\u00e7\u00e3o e a contrata\u00e7\u00e3o tempor\u00e1ria de profissionais, o que possibilitou a amplia\u00e7\u00e3o da vacina\u00e7\u00e3o itinerante e o acesso da popula\u00e7\u00e3o aos servi\u00e7os de sa\u00fade. \u00a0<\/p>\n<p>&#13;<br \/>\n&#13;<\/p>\n<p>As informa\u00e7\u00f5es sobre o sarampo no munic\u00edpio podem ser consultadas diretamente no site da prefeitura pelo link <a href=\"https:\/\/www.primaveradoleste.mt.gov.br\/Sarampo\/\" rel=\"nofollow noopener\" target=\"_blank\">https:\/\/www.primaveradoleste.mt.gov.br\/Sarampo\/\u00a0<\/a><\/p>\n<p>&#13;<br \/>\n&#13;<\/p>\n<p>As a\u00e7\u00f5es integradas garantiram o controle do sarampo em Primavera do Leste e refor\u00e7aram as estrat\u00e9gias permanentes de preven\u00e7\u00e3o, prote\u00e7\u00e3o da sa\u00fade p\u00fablica e fortalecimento da imuniza\u00e7\u00e3o no munic\u00edpio.<\/p>\n","protected":false},"excerpt":{"rendered":"A Vigil\u00e2ncia Epidemiol\u00f3gica e o setor de Imuniza\u00e7\u00e3o, em parceria com a Secretaria Municipal de Sa\u00fade, a Secretaria&hellip;\n","protected":false},"author":2,"featured_media":222700,"comment_status":"","ping_status":"","sticky":false,"template":"","format":"standard","meta":{"footnotes":""},"categories":[86],"tags":[4080,4079,4074,4075,11962,116,4083,13,4078,32,11961,33,1670,117,4077,4081,4076,2820,4082],"class_list":{"0":"post-222699","1":"post","2":"type-post","3":"status-publish","4":"format-standard","5":"has-post-thumbnail","7":"category-saude","8":"tag-desenvolvimento","9":"tag-documentos","10":"tag-galeria-de-fotos","11":"tag-galeria-de-fotos-da-cidade","12":"tag-galeria-de-videos","13":"tag-health","14":"tag-institucional","15":"tag-noticias","16":"tag-noticias-da-cidade","17":"tag-portugal","18":"tag-prefeitura-de-primavera-do-leste","19":"tag-pt","20":"tag-sarampo","21":"tag-saude","22":"tag-secretarias","23":"tag-sites","24":"tag-tv-prefeitura","25":"tag-vacinacao","26":"tag-websites"},"share_on_mastodon":{"url":"https:\/\/pubeurope.com\/@pt\/115867331052346826","error":""},"_links":{"self":[{"href":"https:\/\/www.europesays.com\/pt\/wp-json\/wp\/v2\/posts\/222699","targetHints":{"allow":["GET"]}}],"collection":[{"href":"https:\/\/www.europesays.com\/pt\/wp-json\/wp\/v2\/posts"}],"about":[{"href":"https:\/\/www.europesays.com\/pt\/wp-json\/wp\/v2\/types\/post"}],"author":[{"embeddable":true,"href":"https:\/\/www.europesays.com\/pt\/wp-json\/wp\/v2\/users\/2"}],"replies":[{"embeddable":true,"href":"https:\/\/www.europesays.com\/pt\/wp-json\/wp\/v2\/comments?post=222699"}],"version-history":[{"count":0,"href":"https:\/\/www.europesays.com\/pt\/wp-json\/wp\/v2\/posts\/222699\/revisions"}],"wp:featuredmedia":[{"embeddable":true,"href":"https:\/\/www.europesays.com\/pt\/wp-json\/wp\/v2\/media\/222700"}],"wp:attachment":[{"href":"https:\/\/www.europesays.com\/pt\/wp-json\/wp\/v2\/media?parent=222699"}],"wp:term":[{"taxonomy":"category","embeddable":true,"href":"https:\/\/www.europesays.com\/pt\/wp-json\/wp\/v2\/categories?post=222699"},{"taxonomy":"post_tag","embeddable":true,"href":"https:\/\/www.europesays.com\/pt\/wp-json\/wp\/v2\/tags?post=222699"}],"curies":[{"name":"wp","href":"https:\/\/api.w.org\/{rel}","templated":true}]}}