{"id":222714,"date":"2026-01-09T21:58:08","date_gmt":"2026-01-09T21:58:08","guid":{"rendered":"https:\/\/www.europesays.com\/pt\/222714\/"},"modified":"2026-01-09T21:58:08","modified_gmt":"2026-01-09T21:58:08","slug":"vacinacao-contra-sarampo-e-febre-amarela-sera-intensificada-em-sp","status":"publish","type":"post","link":"https:\/\/www.europesays.com\/pt\/222714\/","title":{"rendered":"Vacina\u00e7\u00e3o contra sarampo e febre amarela ser\u00e1 intensificada em SP"},"content":{"rendered":"<p><strong>A partir da pr\u00f3xima segunda-feira (12), o estado de S\u00e3o Paulo vai intensificar a campanha de vacina\u00e7\u00e3o contra o sarampo e a febre amarela. Segundo a Secretaria estadual da Sa\u00fade de S\u00e3o Paulo, inicialmente a campanha estar\u00e1 concentrada na capital paulista e em locais de grande circula\u00e7\u00e3o de pessoas.<\/strong><img decoding=\"async\" src=\"https:\/\/www.europesays.com\/pt\/wp-content\/uploads\/2026\/01\/1767995887_461_ebc.png\" style=\"width:1px; height:1px; display:inline;\"\/><img decoding=\"async\" src=\"https:\/\/www.europesays.com\/pt\/wp-content\/uploads\/2026\/01\/1767995888_979_ebc.gif\" style=\"width:1px; height:1px; display:inline;\"\/><\/p>\n<p>Nesta primeira fase, a vacina\u00e7\u00e3o ocorre entre os dias 12 e 16 de janeiro em esta\u00e7\u00f5es de metr\u00f4, terminais de \u00f4nibus e shoppings centers. Depois, entre os dias 19 e 23 de janeiro, ela vai ser realizada junto a taxistas e profissionais do setor de turismo. J\u00e1 no dia 24 de janeiro a campanha ser\u00e1 refor\u00e7ada com o Dia D de vacina\u00e7\u00e3o.<\/p>\n<p>A vacina contra o sarampo ser\u00e1 aplicada em adolescentes e adultos n\u00e3o vacinados ou com esquema incompleto. J\u00e1 a imuniza\u00e7\u00e3o contra a febre amarela tem como foco meninos e meninas de 9 a 14 anos, al\u00e9m de pessoas que vivem ou circulam por \u00e1reas com registro de transmiss\u00e3o da doen\u00e7a.<\/p>\n<blockquote>\n<p>\u201c\u00c9 importante lembrar que a vacina contra o sarampo, caxumba e rub\u00e9ola tamb\u00e9m est\u00e1 dispon\u00edvel em todas unidades b\u00e1sicas de sa\u00fade (UBSs) e \u00e9 recomendada para pessoas a partir dos 12 meses at\u00e9 os 59 anos. J\u00e1 a vacina da febre amarela \u00e9 recomendada para pessoas dos 9 meses at\u00e9 os 59 anos. \u00c9 importante lembrar que todos aqueles que j\u00e1 tomaram alguma dose de vacina contra a febre amarela n\u00e3o precisam se vacinar novamente\u201d, ressaltou Tatiana Lang, diretora do Centro de Vigil\u00e2ncia Epidemiol\u00f3gica da secretaria.<\/p>\n<\/blockquote>\n<p>A vacina\u00e7\u00e3o \u00e9 uma das principais estrat\u00e9gias de preven\u00e7\u00e3o contra surtos ou epidemias. Manter o esquema vacinal em dia \u00e9 importante para garantir a prote\u00e7\u00e3o tanto individual quanto coletiva, j\u00e1 que h\u00e1 pessoas que n\u00e3o podem ser imunizadas.<\/p>\n<p>Sarampo<\/p>\n<p>No ano passado, <a href=\"https:\/\/agenciabrasil.ebc.com.br\/saude\/noticia\/2025-12\/estado-de-sao-paulo-confirma-segundo-caso-de-sarampo-em-2025\" target=\"_blank\" rel=\"nofollow noopener\">dois casos de sarampo foram confirmados no estado de S\u00e3o Paulo<\/a>\u00a0em pessoas que haviam viajado ao exterior. Entre janeiro e novembro do ano passado, 37 casos da doen\u00e7a foram confirmados em todo o Brasil, segundo informa\u00e7\u00f5es do Minist\u00e9rio da Sa\u00fade. Todos importados, ou seja, adquiridos em viagens, sem transmiss\u00e3o local do v\u00edrus.<\/p>\n<p>O sarampo \u00e9 uma doen\u00e7a infecciosa altamente contagiosa e que j\u00e1 foi uma das principais causas de mortalidade infantil no mundo. A transmiss\u00e3o do v\u00edrus ocorre de pessoa a pessoa, por via a\u00e9rea, seja ao tossir, espirrar, falar ou respirar.<\/p>\n<p>O sarampo \u00e9 t\u00e3o contagioso que uma pessoa infectada pode transmitir a doen\u00e7a para 90% das pessoas pr\u00f3ximas e que n\u00e3o estejam imunes. Por isso, a vacina\u00e7\u00e3o contra o sarampo \u00e9 extremamente importante.<\/p>\n<p>Os principais sintomas da doen\u00e7a s\u00e3o manchas vermelhas no corpo e febre alta, acima de 38,5o C, acompanhada de tosse, conjuntivite, nariz escorrendo ou mal-estar intenso. Os casos podem evoluir para complica\u00e7\u00f5es graves podendo causar diarreia intensa, infec\u00e7\u00f5es de ouvido, cegueira, pneumonia e encefalite (inflama\u00e7\u00e3o do c\u00e9rebro). Algumas dessas complica\u00e7\u00f5es podem ser fatais.<\/p>\n<p>Febre amarela<\/p>\n<p>A febre amarela \u00e9 uma doen\u00e7a infecciosa febril aguda que \u00e9 causada por um v\u00edrus. Esse v\u00edrus \u00e9 transmitido pela picada de um mosquito silvestre, que vive em zona de mata, e n\u00e3o h\u00e1 transmiss\u00e3o direta de pessoa para pessoa. Um indicador da presen\u00e7a desses mosquitos transmissores se d\u00e1 com a morte de macacos, que tamb\u00e9m sofrem com altos \u00edndices de mortalidade quando contaminados. Por isso, o avistamento de macacos mortos deve ser informado \u00e0s equipes de sa\u00fade do munic\u00edpio.<\/p>\n<p>Os sintomas iniciais da febre amarela s\u00e3o febre, calafrios, dor de cabe\u00e7a intensa, dores nas costas, dores no corpo, n\u00e1useas e v\u00f4mitos, fadiga e fraqueza.<\/p>\n<p>A doen\u00e7a pode ser prevenida por meio de vacina, que est\u00e1 dispon\u00edvel gratuitamente pelo Sistema \u00danico de Sa\u00fade (SUS). Desde abril de 2017, o Brasil adota o esquema vacinal de apenas uma dose durante toda a vida, medida que est\u00e1 de acordo com as recomenda\u00e7\u00f5es da Organiza\u00e7\u00e3o Mundial da Sa\u00fade (OMS).<\/p>\n","protected":false},"excerpt":{"rendered":"A partir da pr\u00f3xima segunda-feira (12), o estado de S\u00e3o Paulo vai intensificar a campanha de vacina\u00e7\u00e3o contra&hellip;\n","protected":false},"author":2,"featured_media":11053,"comment_status":"","ping_status":"","sticky":false,"template":"","format":"standard","meta":{"footnotes":""},"categories":[86],"tags":[116,32,33,117],"class_list":{"0":"post-222714","1":"post","2":"type-post","3":"status-publish","4":"format-standard","5":"has-post-thumbnail","7":"category-saude","8":"tag-health","9":"tag-portugal","10":"tag-pt","11":"tag-saude"},"share_on_mastodon":{"url":"https:\/\/pubeurope.com\/@pt\/115867386107900672","error":""},"_links":{"self":[{"href":"https:\/\/www.europesays.com\/pt\/wp-json\/wp\/v2\/posts\/222714","targetHints":{"allow":["GET"]}}],"collection":[{"href":"https:\/\/www.europesays.com\/pt\/wp-json\/wp\/v2\/posts"}],"about":[{"href":"https:\/\/www.europesays.com\/pt\/wp-json\/wp\/v2\/types\/post"}],"author":[{"embeddable":true,"href":"https:\/\/www.europesays.com\/pt\/wp-json\/wp\/v2\/users\/2"}],"replies":[{"embeddable":true,"href":"https:\/\/www.europesays.com\/pt\/wp-json\/wp\/v2\/comments?post=222714"}],"version-history":[{"count":0,"href":"https:\/\/www.europesays.com\/pt\/wp-json\/wp\/v2\/posts\/222714\/revisions"}],"wp:featuredmedia":[{"embeddable":true,"href":"https:\/\/www.europesays.com\/pt\/wp-json\/wp\/v2\/media\/11053"}],"wp:attachment":[{"href":"https:\/\/www.europesays.com\/pt\/wp-json\/wp\/v2\/media?parent=222714"}],"wp:term":[{"taxonomy":"category","embeddable":true,"href":"https:\/\/www.europesays.com\/pt\/wp-json\/wp\/v2\/categories?post=222714"},{"taxonomy":"post_tag","embeddable":true,"href":"https:\/\/www.europesays.com\/pt\/wp-json\/wp\/v2\/tags?post=222714"}],"curies":[{"name":"wp","href":"https:\/\/api.w.org\/{rel}","templated":true}]}}