{"id":222717,"date":"2026-01-09T22:02:08","date_gmt":"2026-01-09T22:02:08","guid":{"rendered":"https:\/\/www.europesays.com\/pt\/222717\/"},"modified":"2026-01-09T22:02:08","modified_gmt":"2026-01-09T22:02:08","slug":"tempestades-goretti-e-elli-centenas-de-milhares-de-casas-sem-eletricidade-na-europa","status":"publish","type":"post","link":"https:\/\/www.europesays.com\/pt\/222717\/","title":{"rendered":"Tempestades Goretti e Elli. Centenas de milhares de casas sem eletricidade na Europa"},"content":{"rendered":"<p>                Em Fran\u00e7a, onde o vento chegou a ultrapassar os 200 quil\u00f3metros por hora no noroeste, <b>380 mil habita\u00e7\u00f5es ficaram sem eletricidade esta sexta-feira pelas 05h00 (hora em Lisboa)<\/b>, de acordo com a distribuidora de energia Enedis.<\/p>\n<p>Esta manh\u00e3, a empresa estatal francesa de energia EDF avan\u00e7ou que a tempestade Goretti afetou a produ\u00e7\u00e3o de eletricidade na central nuclear de Flamanville, desligando dois dos reatores ap\u00f3s danos numa linha de alta tens\u00e3o.<\/p>\n<p>Foram cerca de 30 os departamentos franceses afetados pelo mau tempo, incluindo a capital Paris, com ocorr\u00eancias relativas a quedas de \u00e1rvores, telhados arrancados ou queda de linhas el\u00e9tricas. <b>Registaram-se seis feridos ligeiros, de acordo com a ag\u00eancia France-Presse.<\/b><\/p>\n<p>No departamento de Manche, que esteve sob alerta vermelho, as escolas est\u00e3o fechadas esta sexta-feira. J\u00e1 em Dieppe, o porto foi fechado devido \u00e0 subida do n\u00edvel da \u00e1gua, registando-se tamb\u00e9m &#8220;grandes inunda\u00e7\u00f5es&#8221; em \u00c9tretat e F\u00e9camp, segundo os autarcas.Cortes de energia no Reino Unido<br \/>&#13;<br \/>\nNo Reino Unido, cerca de <b>57 mil casas permaneciam sem energia na manh\u00e3 desta sexta-feira<\/b>, de acordo com a rede el\u00e9trica brit\u00e2nica, principalmente no sudoeste de Inglaterra, onde os ventos fortes levaram o Servi\u00e7o Meteorol\u00f3gico a emitir um alerta vermelho.<\/p>\n<p>Na Inglaterra e Pa\u00eds de Gales, as rajadas de vento de quase 160 quil\u00f3metros por hora derrubaram \u00e1rvores e condicionaram o tr\u00e2nsito. Al\u00e9m disso, <b>a British Airways cancelou 25 partidas e aproximadamente 27 chegadas<\/b> programadas no aeroporto de Heathrow, em Londres. O brit\u00e2nico Met Office alertou que &#8220;ondas muito grandes tornar\u00e3o algumas zonas costeiras muito perigosas&#8221;.<\/p>\n<p>O tr\u00e1fego ferrovi\u00e1rio no sudoeste da Cornualha foi suspenso na quinta-feira \u00e0 noite e dever\u00e1 permanecer afetado durante dois dias, de acordo com a companhia ferrovi\u00e1ria nacional.<\/p>\n<p>Entretanto, o Aeroporto de Birmingham, no centro de Inglaterra, reabriu a sua pista &#8220;de forma limitada&#8221;, e o Aeroporto de East Midlands, nas proximidades, retomou as opera\u00e7\u00f5es ap\u00f3s o <b>encerramento durante a noite devido \u00e0 forte queda de neve<\/b>.<\/p>\n<p>As autoridades locais est\u00e3o a desaconselhar as viagens desnecess\u00e1rias, enquanto dezenas de escolas continuam encerradas no Pa\u00eds de Gales, no centro de Inglaterra e em grande parte da Esc\u00f3cia.Alemanha dever\u00e1 registar -20 graus<br \/>&#13;<br \/>\nNa Alemanha, v\u00e1rias cidades do norte, incluindo Hamburgo e Bremen, encerraram as escolas esta sexta-feira devido \u00e0 passagem da tempestade Elli, que traz neve e ventos fortes.<\/p>\n<p>A tempestade deve atingir todo o pa\u00eds, afetando particularmente o norte e o nordeste, onde s\u00e3o esperados at\u00e9 15 cent\u00edmetros de neve. <b>As temperaturas m\u00ednimas devem cair neste fim de semana para -10 graus, chegando mesmo aos -20 graus em algumas localidades<\/b>, de acordo com o servi\u00e7o nacional de meteorologia DWD. De acordo com o jornal Bild, os hospitais est\u00e3o sobrecarregados devido ao n\u00famero de pacientes v\u00edtimas de quedas provocadas pelo gelo.<\/p>\n<p>A empresa ferrovi\u00e1ria alem\u00e3 Deutsche Bahn anunciou a interrup\u00e7\u00e3o &#8220;pelo menos at\u00e9 ao meio-dia&#8221; de sexta-feira do tr\u00e1fego de comboios de longa dist\u00e2ncia no norte do pa\u00eds e antecipa grandes perturba\u00e7\u00f5es nos pr\u00f3ximos dias. <b>Mais de 14 mil funcion\u00e1rios foram mobilizados para limpar a neve e o gelo das plataformas<\/b>.<\/p>\n<p>A Volkswagen, a maior fabricante de autom\u00f3veis da Europa, encerrou esta sexta-feira a sua f\u00e1brica em Emden (noroeste), onde trabalham oito mil funcion\u00e1rios, avan\u00e7ou o porta-voz Christian Schiebold \u00e0 AFP.<\/p>\n<p>c\/ ag\u00eancias&#13;\n            <\/p>\n","protected":false},"excerpt":{"rendered":"Em Fran\u00e7a, onde o vento chegou a ultrapassar os 200 quil\u00f3metros por hora no noroeste, 380 mil habita\u00e7\u00f5es&hellip;\n","protected":false},"author":2,"featured_media":222718,"comment_status":"","ping_status":"","sticky":false,"template":"","format":"standard","meta":{"footnotes":""},"categories":[50],"tags":[1305,27,28,42982,2270,445,15,16,208,42395,14,25,26,21,22,62,12,13,19,20,23,24,713,20982,17,18,29,30,31,63,64,65],"class_list":{"0":"post-222717","1":"post","2":"type-post","3":"status-publish","4":"format-standard","5":"has-post-thumbnail","7":"category-mundo","8":"tag-alemanha","9":"tag-breaking-news","10":"tag-breakingnews","11":"tag-elli","12":"tag-energia","13":"tag-europa","14":"tag-featured-news","15":"tag-featurednews","16":"tag-franca","17":"tag-goretti","18":"tag-headlines","19":"tag-latest-news","20":"tag-latestnews","21":"tag-main-news","22":"tag-mainnews","23":"tag-mundo","24":"tag-news","25":"tag-noticias","26":"tag-noticias-principais","27":"tag-noticiasprincipais","28":"tag-principais-noticias","29":"tag-principaisnoticias","30":"tag-reino-unido","31":"tag-tempestade","32":"tag-top-stories","33":"tag-topstories","34":"tag-ultimas","35":"tag-ultimas-noticias","36":"tag-ultimasnoticias","37":"tag-world","38":"tag-world-news","39":"tag-worldnews"},"share_on_mastodon":{"url":"https:\/\/pubeurope.com\/@pt\/115867401795898450","error":""},"_links":{"self":[{"href":"https:\/\/www.europesays.com\/pt\/wp-json\/wp\/v2\/posts\/222717","targetHints":{"allow":["GET"]}}],"collection":[{"href":"https:\/\/www.europesays.com\/pt\/wp-json\/wp\/v2\/posts"}],"about":[{"href":"https:\/\/www.europesays.com\/pt\/wp-json\/wp\/v2\/types\/post"}],"author":[{"embeddable":true,"href":"https:\/\/www.europesays.com\/pt\/wp-json\/wp\/v2\/users\/2"}],"replies":[{"embeddable":true,"href":"https:\/\/www.europesays.com\/pt\/wp-json\/wp\/v2\/comments?post=222717"}],"version-history":[{"count":0,"href":"https:\/\/www.europesays.com\/pt\/wp-json\/wp\/v2\/posts\/222717\/revisions"}],"wp:featuredmedia":[{"embeddable":true,"href":"https:\/\/www.europesays.com\/pt\/wp-json\/wp\/v2\/media\/222718"}],"wp:attachment":[{"href":"https:\/\/www.europesays.com\/pt\/wp-json\/wp\/v2\/media?parent=222717"}],"wp:term":[{"taxonomy":"category","embeddable":true,"href":"https:\/\/www.europesays.com\/pt\/wp-json\/wp\/v2\/categories?post=222717"},{"taxonomy":"post_tag","embeddable":true,"href":"https:\/\/www.europesays.com\/pt\/wp-json\/wp\/v2\/tags?post=222717"}],"curies":[{"name":"wp","href":"https:\/\/api.w.org\/{rel}","templated":true}]}}