{"id":222784,"date":"2026-01-09T22:54:28","date_gmt":"2026-01-09T22:54:28","guid":{"rendered":"https:\/\/www.europesays.com\/pt\/222784\/"},"modified":"2026-01-09T22:54:28","modified_gmt":"2026-01-09T22:54:28","slug":"infarmed-alerta-para-a-escassez-dos-medicamentos-com-quetiapina","status":"publish","type":"post","link":"https:\/\/www.europesays.com\/pt\/222784\/","title":{"rendered":"Infarmed alerta para a escassez dos medicamentos com quetiapina"},"content":{"rendered":"<p>O Infarmed alertou para a escassez dos medicamentos com quetiapina, usados no tratamento da esquizofrenia, depress\u00e3o e epis\u00f3dios bipolares, recomendando aos m\u00e9dicos que considerem alternativas terap\u00eauticas e \u00e0s farm\u00e1cias que limitem a dispensa a um m\u00eas de tratamento.<\/p>\n<p class=\"text-paragraph\">Segundo a Autoridade Nacional do Medicamento e Produtos de Sa\u00fade (Infarmed), a dificuldade de abastecimentos destes medicamentos, principalmente na forma de comprimido de liberta\u00e7\u00e3o prolongada, deve-se a constrangimentos na principal unidade fabril, localizada na Gr\u00e9cia, que afetam a maioria das empresas presentes no mercado.<\/p>\n<p class=\"text-paragraph\">\u201cDevido a esta situa\u00e7\u00e3o, verificou-se um aumento na procura dos medicamentos similares dos restantes titulares (com outro fabricante) que, apesar dos esfor\u00e7os para aumentar a produ\u00e7\u00e3o, n\u00e3o conseguiram assegurar o abastecimento do mercado\u201d, refere o Infarmed numa circular informativa publicada no seu \u2018site\u2019.<\/p>\n<p class=\"text-paragraph\">Segundo a autoridade do medicamento, esta indisponibilidade abrange todas as dosagens dos medicamentos contendo quetiapina, na forma farmac\u00eautica de comprimido de liberta\u00e7\u00e3o prolongada, e \u00e9 transversal a toda a Europa.<\/p>\n<p class=\"text-paragraph\">\u201cO Infarmed, e demais autoridades europeias, t\u00eam estado a acompanhar a situa\u00e7\u00e3o e a procurar solu\u00e7\u00f5es que possam mitigar o impacto destas ruturas\u201d, salienta, acrescentando que, segundo a Ag\u00eancia Europeia de Medicamentos, estes constrangimentos dever\u00e3o manter-se durante o primeiro semestre de 2026.<\/p>\n<p class=\"text-paragraph\">Perante esta situa\u00e7\u00e3o, e ap\u00f3s consulta \u00e0 Comiss\u00e3o Nacional de Farm\u00e1cia e Terap\u00eautica, o Infarmed faz recomenda\u00e7\u00f5es aos m\u00e9dicos, distribuidores grossistas, farm\u00e1cias e doentes sobre estes medicamentos indicados para o tratamento da depress\u00e3o bipolar e epis\u00f3dios depressivos major na perturba\u00e7\u00e3o depressiva major, da mania e esquizofrenia.<\/p>\n<p class=\"text-paragraph\">\u201cApesar de a transi\u00e7\u00e3o entre diferentes antipsic\u00f3ticos n\u00e3o ser f\u00e1cil ou direta, dada a aus\u00eancia de consenso na equival\u00eancia de doses, alguns doentes poder\u00e3o transitar para\u00a0quetiapina de liberta\u00e7\u00e3o imediata, devendo a administra\u00e7\u00e3o ser titulada caso a caso\u201d e, adicionalmente, poder\u00e1 ser considerada a utiliza\u00e7\u00e3o de outros antipsic\u00f3ticos como a\u00a0zotepina\u00a0ou a\u00a0olanzapina, refere o Infarmed na recomenda\u00e7\u00e3o aos m\u00e9dicos.<\/p>\n<p class=\"text-paragraph\">Aconselha ainda que a prescri\u00e7\u00e3o de quetiapina comprimidos de liberta\u00e7\u00e3o prolongada deve ser limitada aos doentes que j\u00e1 se encontrem em tratamento e para os quais n\u00e3o seja poss\u00edvel a prescri\u00e7\u00e3o de uma alternativa terap\u00eautica.<\/p>\n<p class=\"text-paragraph\">No caso dos distribuidores por grosso, afirma ser essencial que seja feita \u201cuma distribui\u00e7\u00e3o equitativa e criteriosa das embalagens dispon\u00edveis por todas as farm\u00e1cias\u201d.<\/p>\n<p class=\"text-paragraph\">Alerta que a exporta\u00e7\u00e3o destes medicamentos encontra-se proibida e assim se manter\u00e1 at\u00e9 que o abastecimento destes medicamentos esteja normalizado.<\/p>\n<p class=\"text-paragraph\">J\u00e1 as farm\u00e1cias devem dispensar estes medicamentos apenas para um m\u00eas de tratamento e mediante consulta do hist\u00f3rico do doente, para que a quantidade dispon\u00edvel possa colmatar as necessidades dos doentes.<\/p>\n<p class=\"text-paragraph\">\u201cPara que seja poss\u00edvel garantir uma gest\u00e3o criteriosa das quantidades dispon\u00edveis, as farm\u00e1cias devem abster-se de dispor de quantidades elevadas destes medicamentos em \u2018stock\u2019\u201d, sustenta.<\/p>\n<p class=\"text-paragraph\">O Infarmed aconselha os utentes a contactarem o seu m\u00e9dico caso n\u00e3o consigam adquirir o medicamento para que lhes seja indicada uma alternativa terap\u00eautica.<\/p>\n","protected":false},"excerpt":{"rendered":"O Infarmed alertou para a escassez dos medicamentos com quetiapina, usados no tratamento da esquizofrenia, depress\u00e3o e epis\u00f3dios&hellip;\n","protected":false},"author":2,"featured_media":222785,"comment_status":"","ping_status":"","sticky":false,"template":"","format":"standard","meta":{"footnotes":""},"categories":[86],"tags":[116,32,33,117],"class_list":{"0":"post-222784","1":"post","2":"type-post","3":"status-publish","4":"format-standard","5":"has-post-thumbnail","7":"category-saude","8":"tag-health","9":"tag-portugal","10":"tag-pt","11":"tag-saude"},"share_on_mastodon":{"url":"https:\/\/pubeurope.com\/@pt\/115867606272133175","error":""},"_links":{"self":[{"href":"https:\/\/www.europesays.com\/pt\/wp-json\/wp\/v2\/posts\/222784","targetHints":{"allow":["GET"]}}],"collection":[{"href":"https:\/\/www.europesays.com\/pt\/wp-json\/wp\/v2\/posts"}],"about":[{"href":"https:\/\/www.europesays.com\/pt\/wp-json\/wp\/v2\/types\/post"}],"author":[{"embeddable":true,"href":"https:\/\/www.europesays.com\/pt\/wp-json\/wp\/v2\/users\/2"}],"replies":[{"embeddable":true,"href":"https:\/\/www.europesays.com\/pt\/wp-json\/wp\/v2\/comments?post=222784"}],"version-history":[{"count":0,"href":"https:\/\/www.europesays.com\/pt\/wp-json\/wp\/v2\/posts\/222784\/revisions"}],"wp:featuredmedia":[{"embeddable":true,"href":"https:\/\/www.europesays.com\/pt\/wp-json\/wp\/v2\/media\/222785"}],"wp:attachment":[{"href":"https:\/\/www.europesays.com\/pt\/wp-json\/wp\/v2\/media?parent=222784"}],"wp:term":[{"taxonomy":"category","embeddable":true,"href":"https:\/\/www.europesays.com\/pt\/wp-json\/wp\/v2\/categories?post=222784"},{"taxonomy":"post_tag","embeddable":true,"href":"https:\/\/www.europesays.com\/pt\/wp-json\/wp\/v2\/tags?post=222784"}],"curies":[{"name":"wp","href":"https:\/\/api.w.org\/{rel}","templated":true}]}}