{"id":222788,"date":"2026-01-09T22:56:14","date_gmt":"2026-01-09T22:56:14","guid":{"rendered":"https:\/\/www.europesays.com\/pt\/222788\/"},"modified":"2026-01-09T22:56:14","modified_gmt":"2026-01-09T22:56:14","slug":"desempenho-design-e-inovacao-samsung-newsroom-brasil","status":"publish","type":"post","link":"https:\/\/www.europesays.com\/pt\/222788\/","title":{"rendered":"desempenho, design e inova\u00e7\u00e3o \u2013 Samsung Newsroom Brasil"},"content":{"rendered":"<p>                        Com corpo ultrafino, c\u00e2mera principal de 200 MP e processador de \u00faltima gera\u00e7\u00e3o, smartphone eleva o padr\u00e3o de sofistica\u00e7\u00e3o e performance da linha Galaxy<\/p>\n<p>O <a href=\"https:\/\/shop.samsung.com\/br\/galaxy-s25-edge-512gb\/p?cid=br_ow_affiliate_newsroom_smartphone_s25edge_laopr25\" rel=\"nofollow noopener\" target=\"_blank\">Galaxy S25 Edge<\/a> consolida a posi\u00e7\u00e3o da Samsung como refer\u00eancia em inova\u00e7\u00e3o, design e desempenho no mercado mobile. Com um corpo ultrafino e acabamento premium, o novo smartphone combina pot\u00eancia com um processador de \u00faltima gera\u00e7\u00e3o, recursos avan\u00e7ados de c\u00e2mera e uma experi\u00eancia visual imersiva, sem abrir m\u00e3o do conforto e da eleg\u00e2ncia no uso di\u00e1rio.<\/p>\n<p>\u00a0<\/p>\n<p><strong>Ultrafino e potente<\/strong><br \/>\n<img loading=\"lazy\" decoding=\"async\" class=\"size-full wp-image-45277\" src=\"https:\/\/www.europesays.com\/pt\/wp-content\/uploads\/2026\/01\/Samsung-Mobile-Galaxy-S25-Edge-The-Design-Story-Behind-Galaxy-S25-Edge-Interview_main5.jpg\" alt=\"\" width=\"1000\" height=\"563\"  \/><\/p>\n<p class=\"wp-caption-text\">O Galaxy S25 Edge \u00e9 o Galaxy S mais fino j\u00e1 feito pela Samsung | Imagem meramente ilustrativa<\/p>\n<p>\u00a0<\/p>\n<p>Com seu design ultrafino, com apenas 5,8 mm de espessura, o <a href=\"https:\/\/shop.samsung.com\/br\/galaxy-s25-edge-512gb\/p?cid=br_ow_affiliate_newsroom_smartphone_s25edge_laopr25\" target=\"_blank\" rel=\"noopener nofollow\">Galaxy S25 Edge<\/a> entrega performance de ponta. Equipado com o processador Snapdragon 8\u00ae Elite for Galaxy \u2013 o mais avan\u00e7ado na linha Galaxy at\u00e9 ent\u00e3o e tamb\u00e9m presente em dispositivos como S25 Ultra e Z Fold7 \u2013, o dispositivo garante velocidade, efici\u00eancia energ\u00e9tica e fluidez em qualquer rotina, incluindo tarefas mais intensas, jogos com gr\u00e1ficos complexos, aplica\u00e7\u00f5es de produtividade e at\u00e9 mesmo suporte \u00e0 tecnologia Ray Tracing.<\/p>\n<p>\u00a0<\/p>\n<p>A pot\u00eancia do Galaxy S25 Edge \u00e9 complementada por um sistema inteligente de resfriamento 10% maior do que a usado no Galaxy S25+, que mant\u00e9m o desempenho est\u00e1vel e a temperatura sob controle, mesmo em longos per\u00edodos de uso. O smartphone ultrafino conta ainda com a mesma estrutura refor\u00e7ada de tit\u00e2nio do Galaxy S25 Ultra, al\u00e9m de traseira protegida pela Corning\u00ae Gorilla\u00ae Glass Victus\u00ae 2 e tela refor\u00e7ada pela Corning\u00ae Gorilla\u00ae Glass Ceramic 2. Isso tudo sem comprometer o seu peso \u2013 somente 163 gramas.<\/p>\n<p>\u00a0<\/p>\n<p>J\u00e1 a bateria inteligente, aliada ao carregamento super-r\u00e1pido, garante energia suficiente para acompanhar as rotinas mais din\u00e2micas, com autonomia para o dia todo e recargas r\u00e1pidas que colocam o Galaxy S25 Edge de volta \u00e0 ativa em poucos minutos.<\/p>\n<p>\u00a0<\/p>\n<p><strong>Excel\u00eancia fotogr\u00e1fica e Intelig\u00eancia Artificial<\/strong><br \/>\n<img loading=\"lazy\" decoding=\"async\" class=\"size-full wp-image-45278\" src=\"https:\/\/www.europesays.com\/pt\/wp-content\/uploads\/2026\/01\/Samsung-Mobile-Galaxy-S25-Edge-The-Design-Story-Behind-Galaxy-S25-Edge-Interview_main6.jpg\" alt=\"\" width=\"1000\" height=\"667\"  \/><\/p>\n<p class=\"wp-caption-text\">O conjunto de c\u00e2meras do Galaxy S25 Edge | Imagem meramente ilustrativa<\/p>\n<p>\u00a0<\/p>\n<p>No campo da fotografia, o <a href=\"https:\/\/shop.samsung.com\/br\/galaxy-s25-edge-512gb\/p?cid=br_ow_affiliate_newsroom_smartphone_s25edge_laopr25\" target=\"_blank\" rel=\"noopener nofollow\">Galaxy S25 Edge<\/a> se destaca com uma c\u00e2mera principal de 200 MP, capaz de registrar imagens com riqueza de detalhes impressionante, cores fi\u00e9is e excelente desempenho em diferentes condi\u00e7\u00f5es de luz.<\/p>\n<p>\u00a0<\/p>\n<p>A tecnologia de intelig\u00eancia artificial aprimorada potencializa o processamento de imagens, enquanto os modos noturnos e retrato entregam resultados profissionais em diversos cen\u00e1rios, oferecendo versatilidade para capturar desde amplas paisagens at\u00e9 detalhes sutis. Al\u00e9m disso, recursos de AI, como o Eliminador de \u00c1udio1 e o Assistente de Desenho2, s\u00e3o potencializados com o Galaxy AI, entregando a experi\u00eancia da c\u00e2mera Galaxy em um formato moderno, leve e elegante.<\/p>\n<p>\u00a0<\/p>\n<p><strong>Equilibrando desempenho, design e inova\u00e7\u00e3o<\/strong><br \/>\n<img loading=\"lazy\" decoding=\"async\" class=\"size-full wp-image-45482\" src=\"https:\/\/www.europesays.com\/pt\/wp-content\/uploads\/2026\/01\/Samsung-Mobile-Galaxy-S25-Edge-Slim-Hardware-Engineering-Break-Boundaries_main1.jpg\" alt=\"\" width=\"1000\" height=\"562\"  \/><\/p>\n<p class=\"wp-caption-text\">O Galaxy S25 Edge introduziu um novo sistema de encaixe para a estrutura interna | Imagem meramente ilustrativa<\/p>\n<p>\u00a0<\/p>\n<p>O <a href=\"https:\/\/shop.samsung.com\/br\/galaxy-s25-edge-512gb\/p?cid=br_ow_affiliate_newsroom_smartphone_s25edge_laopr25\" target=\"_blank\" rel=\"noopener nofollow\">Galaxy S25 Edge<\/a> simboliza o equil\u00edbrio perfeito entre inova\u00e7\u00e3o e design, refor\u00e7ando o compromisso da Samsung em desenvolver produtos que unem tecnologia de ponta, est\u00e9tica refinada e praticidade real. Com sua combina\u00e7\u00e3o de desempenho poderoso, c\u00e2mera de alt\u00edssima resolu\u00e7\u00e3o e visual sofisticado, o novo smartphone eleva o conceito de experi\u00eancia m\u00f3vel premium a um novo patamar.<\/p>\n<p>\u00a0<\/p>\n<p>Para mais informa\u00e7\u00f5es sobre o <a href=\"https:\/\/shop.samsung.com\/br\/galaxy-s25-edge-512gb\/p?cid=br_ow_affiliate_newsroom_smartphone_s25edge_laopr25\" target=\"_blank\" rel=\"noopener nofollow\">Galaxy S25 Edge<\/a>, visite a <a href=\"https:\/\/news.samsung.com\/br\/\" rel=\"nofollow noopener\" target=\"_blank\">Samsung Newsroom Brasil<\/a> ou <a href=\"https:\/\/www.samsung.com\/br\/\" target=\"_blank\" rel=\"noopener nofollow\">Samsung.com\/br<\/a>.<\/p>\n<p>\u00a0<\/p>\n<p>1 Os resultados podem variar de acordo com o v\u00eddeo, dependendo dos sons est\u00e3o presentes no v\u00eddeo. \u00c9 necess\u00e1rio fazer login na conta Samsung. Certos tipos de som podem ser detectados, como vozes, m\u00fasica, vento, natureza, multid\u00e3o e ru\u00eddo. A detec\u00e7\u00e3o real do som pode variar dependendo da fonte de \u00e1udio e da condi\u00e7\u00e3o do v\u00eddeo. A precis\u00e3o dos resultados n\u00e3o \u00e9 garantida.<br \/>\n2 O recurso Assistente de Desenho requer uma conex\u00e3o de rede e login na conta Samsung. Uma marca d\u2019\u00e1gua vis\u00edvel \u00e9 sobreposta na imagem resultante ao salvar, para indicar que a imagem foi gerada por AI. A precis\u00e3o e a confiabilidade do resultado gerado n\u00e3o s\u00e3o garantidas.<\/p>\n","protected":false},"excerpt":{"rendered":"Com corpo ultrafino, c\u00e2mera principal de 200 MP e processador de \u00faltima gera\u00e7\u00e3o, smartphone eleva o padr\u00e3o de&hellip;\n","protected":false},"author":2,"featured_media":222789,"comment_status":"","ping_status":"","sticky":false,"template":"","format":"standard","meta":{"footnotes":""},"categories":[84],"tags":[109,107,108,32,33,105,103,104,106,110],"class_list":{"0":"post-222788","1":"post","2":"type-post","3":"status-publish","4":"format-standard","5":"has-post-thumbnail","7":"category-ciencia-e-tecnologia","8":"tag-ciencia","9":"tag-ciencia-e-tecnologia","10":"tag-cienciaetecnologia","11":"tag-portugal","12":"tag-pt","13":"tag-science","14":"tag-science-and-technology","15":"tag-scienceandtechnology","16":"tag-technology","17":"tag-tecnologia"},"share_on_mastodon":{"url":"https:\/\/pubeurope.com\/@pt\/115867614315333756","error":""},"_links":{"self":[{"href":"https:\/\/www.europesays.com\/pt\/wp-json\/wp\/v2\/posts\/222788","targetHints":{"allow":["GET"]}}],"collection":[{"href":"https:\/\/www.europesays.com\/pt\/wp-json\/wp\/v2\/posts"}],"about":[{"href":"https:\/\/www.europesays.com\/pt\/wp-json\/wp\/v2\/types\/post"}],"author":[{"embeddable":true,"href":"https:\/\/www.europesays.com\/pt\/wp-json\/wp\/v2\/users\/2"}],"replies":[{"embeddable":true,"href":"https:\/\/www.europesays.com\/pt\/wp-json\/wp\/v2\/comments?post=222788"}],"version-history":[{"count":0,"href":"https:\/\/www.europesays.com\/pt\/wp-json\/wp\/v2\/posts\/222788\/revisions"}],"wp:featuredmedia":[{"embeddable":true,"href":"https:\/\/www.europesays.com\/pt\/wp-json\/wp\/v2\/media\/222789"}],"wp:attachment":[{"href":"https:\/\/www.europesays.com\/pt\/wp-json\/wp\/v2\/media?parent=222788"}],"wp:term":[{"taxonomy":"category","embeddable":true,"href":"https:\/\/www.europesays.com\/pt\/wp-json\/wp\/v2\/categories?post=222788"},{"taxonomy":"post_tag","embeddable":true,"href":"https:\/\/www.europesays.com\/pt\/wp-json\/wp\/v2\/tags?post=222788"}],"curies":[{"name":"wp","href":"https:\/\/api.w.org\/{rel}","templated":true}]}}