{"id":222819,"date":"2026-01-09T23:23:11","date_gmt":"2026-01-09T23:23:11","guid":{"rendered":"https:\/\/www.europesays.com\/pt\/222819\/"},"modified":"2026-01-09T23:23:11","modified_gmt":"2026-01-09T23:23:11","slug":"francisco-monteiro-partilha-foto-especial-com-a-mulher-da-minha-vida","status":"publish","type":"post","link":"https:\/\/www.europesays.com\/pt\/222819\/","title":{"rendered":"Francisco Monteiro partilha foto especial: &#8220;Com a mulher da minha vida&#8221;"},"content":{"rendered":"<p><a href=\"https:\/\/selfie.iol.pt\/famosos\/pedro-chagas-freitas\/pedro-chagas-freitas-defende-e-elogia-francisco-monteiro-e-o-contrario-do-estigma\/20260108\/695fcb2ed34e0ec52ec1dad5\" target=\"_blank\" rel=\"nofollow noopener\">Francisco Monteiro<\/a>\u00a0recorreu \u00e0s redes sociais para partilhar uma fotografia especial. Trata-se da av\u00f3 do vencedor do &#8220;Big Brother 2023&#8221;, da TVI.<\/p>\n<p>&#8220;Sempre com a mulher da minha vida&#8221;, come\u00e7ou por escrever Zaza, como \u00e9 carinhosamente tratado, na publica\u00e7\u00e3o.<\/p>\n<p>&#8220;A melhor do mundo&#8221;, rematou o nortenho.<\/p>\n<p>Veja, agora, a imagem divulgada por Francisco Monteiro.<\/p>\n<p style=\"text-align:center\"><img loading=\"lazy\" decoding=\"async\" alt=\"\" height=\"500\" src=\"https:\/\/www.europesays.com\/pt\/wp-content\/uploads\/2026\/01\/6960be75d34e92a344972c38.webp\" width=\"285\"\/><\/p>\n<p>\u00a0<\/p>\n","protected":false},"excerpt":{"rendered":"Francisco Monteiro\u00a0recorreu \u00e0s redes sociais para partilhar uma fotografia especial. Trata-se da av\u00f3 do vencedor do &#8220;Big Brother&hellip;\n","protected":false},"author":2,"featured_media":222820,"comment_status":"","ping_status":"","sticky":false,"template":"","format":"standard","meta":{"footnotes":""},"categories":[85],"tags":[114,115,980,2071,1015,619,32,33,1014,548,1012,162],"class_list":{"0":"post-222819","1":"post","2":"type-post","3":"status-publish","4":"format-standard","5":"has-post-thumbnail","7":"category-entretenimento","8":"tag-entertainment","9":"tag-entretenimento","10":"tag-famosos","11":"tag-francisco-monteiro","12":"tag-instagram","13":"tag-nacional","14":"tag-portugal","15":"tag-pt","16":"tag-reality-show","17":"tag-redes-sociais","18":"tag-selfie","19":"tag-tvi"},"share_on_mastodon":{"url":"https:\/\/pubeurope.com\/@pt\/115867720249476830","error":""},"_links":{"self":[{"href":"https:\/\/www.europesays.com\/pt\/wp-json\/wp\/v2\/posts\/222819","targetHints":{"allow":["GET"]}}],"collection":[{"href":"https:\/\/www.europesays.com\/pt\/wp-json\/wp\/v2\/posts"}],"about":[{"href":"https:\/\/www.europesays.com\/pt\/wp-json\/wp\/v2\/types\/post"}],"author":[{"embeddable":true,"href":"https:\/\/www.europesays.com\/pt\/wp-json\/wp\/v2\/users\/2"}],"replies":[{"embeddable":true,"href":"https:\/\/www.europesays.com\/pt\/wp-json\/wp\/v2\/comments?post=222819"}],"version-history":[{"count":0,"href":"https:\/\/www.europesays.com\/pt\/wp-json\/wp\/v2\/posts\/222819\/revisions"}],"wp:featuredmedia":[{"embeddable":true,"href":"https:\/\/www.europesays.com\/pt\/wp-json\/wp\/v2\/media\/222820"}],"wp:attachment":[{"href":"https:\/\/www.europesays.com\/pt\/wp-json\/wp\/v2\/media?parent=222819"}],"wp:term":[{"taxonomy":"category","embeddable":true,"href":"https:\/\/www.europesays.com\/pt\/wp-json\/wp\/v2\/categories?post=222819"},{"taxonomy":"post_tag","embeddable":true,"href":"https:\/\/www.europesays.com\/pt\/wp-json\/wp\/v2\/tags?post=222819"}],"curies":[{"name":"wp","href":"https:\/\/api.w.org\/{rel}","templated":true}]}}