{"id":222821,"date":"2026-01-09T23:25:07","date_gmt":"2026-01-09T23:25:07","guid":{"rendered":"https:\/\/www.europesays.com\/pt\/222821\/"},"modified":"2026-01-09T23:25:07","modified_gmt":"2026-01-09T23:25:07","slug":"governo-da-ate-e110-milhoes-a-dona-da-mina-de-boticas-para-projeto-de-litio","status":"publish","type":"post","link":"https:\/\/www.europesays.com\/pt\/222821\/","title":{"rendered":"Governo d\u00e1 at\u00e9 \u20ac110 milh\u00f5es \u00e0 dona da mina de Boticas para projeto de l\u00edtio"},"content":{"rendered":"<p>A empresa brit\u00e2nica de minera\u00e7\u00e3o Savannah Resources, dona da mina de Boticas, comunicou esta sexta-feira \u00e0 Bolsa de Londres (na qual \u00e9 cotada), que <strong>o Estado portugu\u00eas aprovou a atribui\u00e7\u00e3o de uma subven\u00e7\u00e3o no valor de at\u00e9 \u20ac<\/strong><strong>110 milh\u00f5es ao seu &#8220;Projeto de L\u00edtio do Barroso&#8221;<\/strong><strong>. <\/strong>N\u00e3o reembols\u00e1vel, esta subven\u00e7\u00e3o \u00e9 &#8220;apoiada por fundos nacionais ao abrigo do Quadro Tempor\u00e1rio de Crise e Transi\u00e7\u00e3o da Comiss\u00e3o Europeia&#8221;, refere o comunicado da Savannah.<\/p>\n<p>&#8220;A escala do compromisso financeiro assumido pelo Estado portugu\u00eas dar\u00e1 uma contribui\u00e7\u00e3o significativa para o investimento no projeto, uma vez que <strong>pretendemos come\u00e7ar a fase de produ\u00e7\u00e3o partir de 2028.<\/strong> Sublinha igualmente o apoio significativo do Estado \u00e0 realiza\u00e7\u00e3o do projeto e reflete ac\u00e7\u00f5es recentes semelhantes de outros governos&#8221;, disse Emanuel Proen\u00e7a, CEO da Savannah em comunicado.<\/p>\n<p>A atribui\u00e7\u00e3o do apoio surge depois de <strong>a empresa ter sido convidada a candidatar-se ao sistema de incentivos &#8220;Investimentos em Setores Estrat\u00e9gicos&#8221;, apoiado por fundos nacionais. <\/strong>&#8220;A candidatura foi avaliada e negociada com a AICEP, tendo sido posteriormente aprovada pelo COMPETE 2030 e pelo Governo portugu\u00eas&#8221;, acrescenta o documento. Este concurso prev\u00ea a atribui\u00e7\u00e3o de 35% do montante total das despesas eleg\u00edveis.<\/p>\n<p>A empresa explica que <strong>o valor m\u00e1ximo de \u20ac110 milh\u00f5es &#8211; inserido no regime estatal de incentivos ao investimento em sectores estrat\u00e9gicos &#8211; se divide <\/strong><strong>em duas tranches:<\/strong> \u20ac82,25 milh\u00f5es (75% do total) que devem ser devem ser afectados \u00e0s despesas de capital para o desenvolvimento inicial do projeto (investimento); e \u20ac27,42 milh\u00f5es (25%) associados a objetivos de desempenho a cumprir durante a fase operacional.<\/p>\n<p>O mesmo comunicado diz que a adjudica\u00e7\u00e3o &#8220;ser\u00e1 feita atrav\u00e9s de um<strong> acordo de investimento com a Ag\u00eancia para o Investimento e Com\u00e9rcio Externo de Portugal (&#8220;AICEP&#8221;)&#8221;, ap\u00f3s aprova\u00e7\u00e3o do <\/strong><strong>Minist\u00e9rio da Economia e Coes\u00e3o Territorial e da entidade gestora do <\/strong><strong>COMPETE 2030.<\/strong><\/p>\n<p>No entanto, o montante final da subven\u00e7\u00e3o s\u00f3 ser\u00e1 confirmado ap\u00f3s a adjudica\u00e7\u00e3o formal e &#8220;poder\u00e1 vir a ser inferior ao montante m\u00e1ximo indicado, dependendo do custo eleg\u00edvel final do projeto&#8221;. Da mesma forma, <strong>se as &#8220;<\/strong><strong>condi\u00e7\u00f5es operacionais&#8221; contratualizadas n\u00e3o forem cumpridas, uma parte da subven\u00e7\u00e3o pode ser reembolsada <\/strong>numa data posterior, quando os objectivos de desempenho forem revistos ap\u00f3s 2031.<\/p>\n<p>A brit\u00e2nica explica ainda que, ap\u00f3s a assinatura do contrato de investimento, ir\u00e1 trabalhar com a AICEP no sentido de <strong>&#8220;compatibilizar a subven\u00e7\u00e3o com qualquer futuro financiamento da mina de l\u00edtio, para complementar o desenvolvimento do projeto&#8221;. <\/strong>Quanto \u00e0 primeira tranche do apoio estatal, a empresa espera que &#8220;ocorra em paralelo com a fase inicial de desenvolvimento do projeto&#8221;.<\/p>\n<p>O administrador financeiro (CFO) da Savannah, Henrique Freire, considera que esta subven\u00e7\u00e3o &#8220;representa um forte apoio financeiro e nacional ao projeto&#8221;, sublinhando que <strong>a <\/strong><strong>decis\u00e3o final de investimento na mina de Boticas est\u00e1 prevista para o final de 2026. <\/strong>&#8220;Nos pr\u00f3ximos meses, continuaremos a negociar para obter um conjunto completo de op\u00e7\u00f5es de financiamento dispon\u00edveis para a execu\u00e7\u00e3o total deste projeto&#8221;<\/p>\n<p>No entanto, a Savannah salienta que &#8220;o projeto continua sujeito a riscos de autoriza\u00e7\u00e3o, financiamento, constru\u00e7\u00e3o e explora\u00e7\u00e3o t\u00edpicos dos empreendimentos mineiros&#8221;. &#8220;O calend\u00e1rio e o montante das subven\u00e7\u00f5es recebidas est\u00e3o dependentes do cumprimento de todas as condi\u00e7\u00f5es contratuais.<strong> <\/strong><strong>Caso a Savannah ou o Estado portugu\u00eas n\u00e3o cumpram as condi\u00e7\u00f5es antes do final do ano, o contrato ser\u00e1 anulado&#8221;.<\/strong><\/p>\n","protected":false},"excerpt":{"rendered":"A empresa brit\u00e2nica de minera\u00e7\u00e3o Savannah Resources, dona da mina de Boticas, comunicou esta sexta-feira \u00e0 Bolsa de&hellip;\n","protected":false},"author":2,"featured_media":202908,"comment_status":"","ping_status":"","sticky":false,"template":"","format":"standard","meta":{"footnotes":""},"categories":[83],"tags":[88,89,90,32,33],"class_list":{"0":"post-222821","1":"post","2":"type-post","3":"status-publish","4":"format-standard","5":"has-post-thumbnail","7":"category-empresas","8":"tag-business","9":"tag-economy","10":"tag-empresas","11":"tag-portugal","12":"tag-pt"},"share_on_mastodon":{"url":"https:\/\/pubeurope.com\/@pt\/115867728497662128","error":""},"_links":{"self":[{"href":"https:\/\/www.europesays.com\/pt\/wp-json\/wp\/v2\/posts\/222821","targetHints":{"allow":["GET"]}}],"collection":[{"href":"https:\/\/www.europesays.com\/pt\/wp-json\/wp\/v2\/posts"}],"about":[{"href":"https:\/\/www.europesays.com\/pt\/wp-json\/wp\/v2\/types\/post"}],"author":[{"embeddable":true,"href":"https:\/\/www.europesays.com\/pt\/wp-json\/wp\/v2\/users\/2"}],"replies":[{"embeddable":true,"href":"https:\/\/www.europesays.com\/pt\/wp-json\/wp\/v2\/comments?post=222821"}],"version-history":[{"count":0,"href":"https:\/\/www.europesays.com\/pt\/wp-json\/wp\/v2\/posts\/222821\/revisions"}],"wp:featuredmedia":[{"embeddable":true,"href":"https:\/\/www.europesays.com\/pt\/wp-json\/wp\/v2\/media\/202908"}],"wp:attachment":[{"href":"https:\/\/www.europesays.com\/pt\/wp-json\/wp\/v2\/media?parent=222821"}],"wp:term":[{"taxonomy":"category","embeddable":true,"href":"https:\/\/www.europesays.com\/pt\/wp-json\/wp\/v2\/categories?post=222821"},{"taxonomy":"post_tag","embeddable":true,"href":"https:\/\/www.europesays.com\/pt\/wp-json\/wp\/v2\/tags?post=222821"}],"curies":[{"name":"wp","href":"https:\/\/api.w.org\/{rel}","templated":true}]}}