{"id":222824,"date":"2026-01-09T23:27:10","date_gmt":"2026-01-09T23:27:10","guid":{"rendered":"https:\/\/www.europesays.com\/pt\/222824\/"},"modified":"2026-01-09T23:27:10","modified_gmt":"2026-01-09T23:27:10","slug":"pecas-levadas-do-museu-do-brincar-em-vagos-no-centro-de-nova-polemica","status":"publish","type":"post","link":"https:\/\/www.europesays.com\/pt\/222824\/","title":{"rendered":"Pe\u00e7as levadas do Museu do Brincar em Vagos no centro de nova pol\u00e9mica"},"content":{"rendered":"<p data-remotead-prev-elm=\"true\" data-remotead-elm-id=\"inread\">Carlos Rocha &#8220;Jackas&#8221;, presidente da associa\u00e7\u00e3o Grupo C\u00e9nico Arlequim e cofundador do Museu do Brincar, em Vagos, que at\u00e9 h\u00e1 pouco tempo assumia fun\u00e7\u00f5es de diretor do museu, e outros elementos do grupo que o acompanhavam, n\u00e3o conseguiram, ontem, tirar do interior da unidade museol\u00f3gica &#8220;computadores, impressoras, aquecedores, uma bicicleta&#8221; e outros objetos da associa\u00e7\u00e3o ou pessoais. \u00c9 o mais recente epis\u00f3dio de um diferendo que h\u00e1 mais de um m\u00eas op\u00f5e a C\u00e2mara e os dirigentes do Arlequim, tal como o JN noticiou anteriormente.<\/p>\n","protected":false},"excerpt":{"rendered":"Carlos Rocha &#8220;Jackas&#8221;, presidente da associa\u00e7\u00e3o Grupo C\u00e9nico Arlequim e cofundador do Museu do Brincar, em Vagos, que&hellip;\n","protected":false},"author":2,"featured_media":222825,"comment_status":"","ping_status":"","sticky":false,"template":"","format":"standard","meta":{"footnotes":""},"categories":[10],"tags":[27,28,16281,43002,15,16,14,25,26,21,22,43003,12,13,19,20,32,23,24,33,17,18,29,30,31],"class_list":{"0":"post-222824","1":"post","2":"type-post","3":"status-publish","4":"format-standard","5":"has-post-thumbnail","7":"category-portugal","8":"tag-breaking-news","9":"tag-breakingnews","10":"tag-camara-municipal","11":"tag-concelho-vagos","12":"tag-featured-news","13":"tag-featurednews","14":"tag-headlines","15":"tag-latest-news","16":"tag-latestnews","17":"tag-main-news","18":"tag-mainnews","19":"tag-museu-do-brincar","20":"tag-news","21":"tag-noticias","22":"tag-noticias-principais","23":"tag-noticiasprincipais","24":"tag-portugal","25":"tag-principais-noticias","26":"tag-principaisnoticias","27":"tag-pt","28":"tag-top-stories","29":"tag-topstories","30":"tag-ultimas","31":"tag-ultimas-noticias","32":"tag-ultimasnoticias"},"share_on_mastodon":{"url":"https:\/\/pubeurope.com\/@pt\/115867736153072013","error":""},"_links":{"self":[{"href":"https:\/\/www.europesays.com\/pt\/wp-json\/wp\/v2\/posts\/222824","targetHints":{"allow":["GET"]}}],"collection":[{"href":"https:\/\/www.europesays.com\/pt\/wp-json\/wp\/v2\/posts"}],"about":[{"href":"https:\/\/www.europesays.com\/pt\/wp-json\/wp\/v2\/types\/post"}],"author":[{"embeddable":true,"href":"https:\/\/www.europesays.com\/pt\/wp-json\/wp\/v2\/users\/2"}],"replies":[{"embeddable":true,"href":"https:\/\/www.europesays.com\/pt\/wp-json\/wp\/v2\/comments?post=222824"}],"version-history":[{"count":0,"href":"https:\/\/www.europesays.com\/pt\/wp-json\/wp\/v2\/posts\/222824\/revisions"}],"wp:featuredmedia":[{"embeddable":true,"href":"https:\/\/www.europesays.com\/pt\/wp-json\/wp\/v2\/media\/222825"}],"wp:attachment":[{"href":"https:\/\/www.europesays.com\/pt\/wp-json\/wp\/v2\/media?parent=222824"}],"wp:term":[{"taxonomy":"category","embeddable":true,"href":"https:\/\/www.europesays.com\/pt\/wp-json\/wp\/v2\/categories?post=222824"},{"taxonomy":"post_tag","embeddable":true,"href":"https:\/\/www.europesays.com\/pt\/wp-json\/wp\/v2\/tags?post=222824"}],"curies":[{"name":"wp","href":"https:\/\/api.w.org\/{rel}","templated":true}]}}