{"id":222851,"date":"2026-01-09T23:49:08","date_gmt":"2026-01-09T23:49:08","guid":{"rendered":"https:\/\/www.europesays.com\/pt\/222851\/"},"modified":"2026-01-09T23:49:08","modified_gmt":"2026-01-09T23:49:08","slug":"tal-pai-tal-filho-filho-de-ibrahimovic-proximo-do-ajax","status":"publish","type":"post","link":"https:\/\/www.europesays.com\/pt\/222851\/","title":{"rendered":"Tal pai, tal filho: filho de Ibrahimovic pr\u00f3ximo do Ajax"},"content":{"rendered":"<p>O apelido <a class=\"autolink-enabled\" data-resource-id=\"1892\" data-resource-type=\"player\" data-sport=\"football\" href=\"https:\/\/www.abola.pt\/futebol\/jogador\/zlatan-ibrahimovic-1892\" rel=\"nofollow noopener\" target=\"_blank\">Ibrahimovic<\/a> pode estar pr\u00f3ximo de regressar a Amesterd\u00e3o. Segundo o Telegraaf, o <a class=\"autolink-enabled\" data-resource-id=\"390\" data-resource-type=\"team\" data-sport=\"football\" href=\"https:\/\/www.abola.pt\/futebol\/ajax-390\" rel=\"nofollow noopener\" target=\"_blank\">Ajax<\/a> est\u00e1 a preparar a chegada de Maximilian <a class=\"autolink-enabled\" data-resource-id=\"1892\" data-resource-type=\"player\" data-sport=\"football\" href=\"https:\/\/www.abola.pt\/futebol\/jogador\/zlatan-ibrahimovic-1892\" rel=\"nofollow noopener\" target=\"_blank\">Ibrahimovic<\/a>, filho de Zlatan. O extremo sueco, de 19 anos, dever\u00e1 rumar a ao emblema neerland\u00eas por empr\u00e9stimo do <a class=\"autolink-enabled\" data-resource-id=\"245\" data-resource-type=\"team\" data-sport=\"football\" href=\"https:\/\/www.abola.pt\/futebol\/milan-245\" rel=\"nofollow noopener\" target=\"_blank\">Milan<\/a>, com op\u00e7\u00e3o de compra. As conversa\u00e7\u00f5es entre os clubes continuam.<\/p>\n<p>A ideia dos respons\u00e1veis do <a class=\"autolink-enabled\" data-resource-id=\"390\" data-resource-type=\"team\" data-sport=\"football\" href=\"https:\/\/www.abola.pt\/futebol\/ajax-390\" rel=\"nofollow noopener\" target=\"_blank\">Ajax<\/a> passa por integrar o jogador nos trabalhos da equipa principal, embora a utiliza\u00e7\u00e3o competitiva seja feita, numa fase inicial, pela equipa B do <a class=\"autolink-enabled\" data-resource-id=\"390\" data-resource-type=\"team\" data-sport=\"football\" href=\"https:\/\/www.abola.pt\/futebol\/ajax-390\" rel=\"nofollow noopener\" target=\"_blank\">Ajax<\/a>. Maximilian tem contrato com o <a class=\"autolink-enabled\" data-resource-id=\"245\" data-resource-type=\"team\" data-sport=\"football\" href=\"https:\/\/www.abola.pt\/futebol\/milan-245\" rel=\"nofollow noopener\" target=\"_blank\">Milan<\/a> at\u00e9 2027 e, apesar de alinhar sobretudo pelo <a class=\"autolink-enabled\" data-resource-id=\"245\" data-resource-type=\"team\" data-sport=\"football\" href=\"https:\/\/www.abola.pt\/futebol\/milan-245\" rel=\"nofollow noopener\" target=\"_blank\">Milan<\/a> Futuro &#8211; os sub-23 do clube italiano -, j\u00e1 treina regularmente com a equipa principal dos rossoneri. Na presente temporada, Maximilian Ibrahimovic soma 18 jogos pelo <a class=\"autolink-enabled\" data-resource-id=\"245\" data-resource-type=\"team\" data-sport=\"football\" href=\"https:\/\/www.abola.pt\/futebol\/milan-245\" rel=\"nofollow noopener\" target=\"_blank\">Milan<\/a> Futuro, com cinco golos e cinco assist\u00eancias. <\/p>\n<p>Caso se contretize a transfer\u00eancia, Maximilian chegar\u00e1 a Amesterd\u00e3o 22 anos depois da sa\u00edda do pai. <a class=\"autolink-enabled\" data-resource-id=\"1892\" data-resource-type=\"player\" data-sport=\"football\" href=\"https:\/\/www.abola.pt\/futebol\/jogador\/zlatan-ibrahimovic-1892\" rel=\"nofollow noopener\" target=\"_blank\">Zlatan Ibrahimovic<\/a> representou o <a class=\"autolink-enabled\" data-resource-id=\"390\" data-resource-type=\"team\" data-sport=\"football\" href=\"https:\/\/www.abola.pt\/futebol\/ajax-390\" rel=\"nofollow noopener\" target=\"_blank\">Ajax<\/a> entre 2001 e 2004, per\u00edodo em que disputou 110 jogos oficiais, marcou 48 golos e conquistou dois campeonatos neerlandeses (2001\/02 e 2003\/04), uma Ta\u00e7a dos Pa\u00edses Baixos e uma Superta\u00e7a. Foi em Amesterd\u00e3o que o avan\u00e7ado sueco se afirmou no futebol europeu, antes de seguir para a <a class=\"autolink-enabled\" data-resource-id=\"255\" data-resource-type=\"team\" data-sport=\"football\" href=\"https:\/\/www.abola.pt\/futebol\/juventus-255\" rel=\"nofollow noopener\" target=\"_blank\">Juventus<\/a> e iniciar uma carreira de dimens\u00e3o mundial.<\/p>\n","protected":false},"excerpt":{"rendered":"O apelido Ibrahimovic pode estar pr\u00f3ximo de regressar a Amesterd\u00e3o. Segundo o Telegraaf, o Ajax est\u00e1 a preparar&hellip;\n","protected":false},"author":2,"featured_media":222852,"comment_status":"","ping_status":"","sticky":false,"template":"","format":"standard","meta":{"footnotes":""},"categories":[87],"tags":[135,32,33,134],"class_list":{"0":"post-222851","1":"post","2":"type-post","3":"status-publish","4":"format-standard","5":"has-post-thumbnail","7":"category-desporto","8":"tag-desporto","9":"tag-portugal","10":"tag-pt","11":"tag-sports"},"share_on_mastodon":{"url":"https:\/\/pubeurope.com\/@pt\/115867822521901073","error":""},"_links":{"self":[{"href":"https:\/\/www.europesays.com\/pt\/wp-json\/wp\/v2\/posts\/222851","targetHints":{"allow":["GET"]}}],"collection":[{"href":"https:\/\/www.europesays.com\/pt\/wp-json\/wp\/v2\/posts"}],"about":[{"href":"https:\/\/www.europesays.com\/pt\/wp-json\/wp\/v2\/types\/post"}],"author":[{"embeddable":true,"href":"https:\/\/www.europesays.com\/pt\/wp-json\/wp\/v2\/users\/2"}],"replies":[{"embeddable":true,"href":"https:\/\/www.europesays.com\/pt\/wp-json\/wp\/v2\/comments?post=222851"}],"version-history":[{"count":0,"href":"https:\/\/www.europesays.com\/pt\/wp-json\/wp\/v2\/posts\/222851\/revisions"}],"wp:featuredmedia":[{"embeddable":true,"href":"https:\/\/www.europesays.com\/pt\/wp-json\/wp\/v2\/media\/222852"}],"wp:attachment":[{"href":"https:\/\/www.europesays.com\/pt\/wp-json\/wp\/v2\/media?parent=222851"}],"wp:term":[{"taxonomy":"category","embeddable":true,"href":"https:\/\/www.europesays.com\/pt\/wp-json\/wp\/v2\/categories?post=222851"},{"taxonomy":"post_tag","embeddable":true,"href":"https:\/\/www.europesays.com\/pt\/wp-json\/wp\/v2\/tags?post=222851"}],"curies":[{"name":"wp","href":"https:\/\/api.w.org\/{rel}","templated":true}]}}