{"id":222916,"date":"2026-01-10T00:30:07","date_gmt":"2026-01-10T00:30:07","guid":{"rendered":"https:\/\/www.europesays.com\/pt\/222916\/"},"modified":"2026-01-10T00:30:07","modified_gmt":"2026-01-10T00:30:07","slug":"joe-russo-relembra-reacao-emocionante-nos-bastidores-de-capitao-america-guerra-civil","status":"publish","type":"post","link":"https:\/\/www.europesays.com\/pt\/222916\/","title":{"rendered":"Joe Russo relembra rea\u00e7\u00e3o emocionante nos bastidores de Capit\u00e3o Am\u00e9rica: Guerra Civil"},"content":{"rendered":"<p class=\"wp-block-yoast-seo-estimated-reading-time yoast-reading-time__wrapper\">Estimated reading time: 2 minutos<\/p>\n<p>Durante uma entrevista concedida \u00e0 revista <strong>Empire<\/strong>, o diretor <strong>Joe Russo<\/strong> compartilhou detalhes sobre os bastidores da produ\u00e7\u00e3o de <a href=\"https:\/\/ovicio.com.br\/tag\/Capitao-America-Guerra-Civil\/\" rel=\"nofollow noopener\" target=\"_blank\">Capit\u00e3o Am\u00e9rica: Guerra Civil<\/a>. Ao comentar sobre a execu\u00e7\u00e3o da sequ\u00eancia da batalha no aeroporto, o cineasta destacou o impacto que a reuni\u00e3o dos personagens teve na equipe presente no set naquele momento.<\/p>\n<p>Segundo o diretor, a materializa\u00e7\u00e3o de um confronto dessa escala gerou uma resposta emocional imediata em parte da equipe de produ\u00e7\u00e3o que acompanhava as grava\u00e7\u00f5es.<\/p>\n<p><strong>&#8220;Quando filmamos o momento em que todos os her\u00f3is correram uns contra os outros, alguns f\u00e3s de quadrinhos no set estavam chorando. Foi um \u00f3timo momento para ser um amante de quadrinhos,&#8221;<\/strong> afirmou Russo.<\/p>\n<p>Atualmente, <strong>Capit\u00e3o Am\u00e9rica: Guerra Civil<\/strong> encontra-se dispon\u00edvel no cat\u00e1logo do <strong>Disney+<\/strong>. Os <strong>Irm\u00e3os Russo<\/strong>, respons\u00e1veis pelo longa, retornam \u00e0 <strong>Marvel Studios<\/strong> para a dire\u00e7\u00e3o de <strong>Vingadores: Doutor Destino<\/strong>, que tem estreia agendada nos cinemas brasileiros para 17 de dezembro.<\/p>\n<p>Leia tamb\u00e9m sobre Guerra Civil:<\/p>\n","protected":false},"excerpt":{"rendered":"Estimated reading time: 2 minutos Durante uma entrevista concedida \u00e0 revista Empire, o diretor Joe Russo compartilhou detalhes&hellip;\n","protected":false},"author":2,"featured_media":222917,"comment_status":"","ping_status":"","sticky":false,"template":"","format":"standard","meta":{"footnotes":""},"categories":[140],"tags":[43013,114,115,147,148,43014,146,32,33],"class_list":{"0":"post-222916","1":"post","2":"type-post","3":"status-publish","4":"format-standard","5":"has-post-thumbnail","7":"category-filmes","8":"tag-capitao-america-guerra-civil","9":"tag-entertainment","10":"tag-entretenimento","11":"tag-film","12":"tag-filmes","13":"tag-joe-russo","14":"tag-movies","15":"tag-portugal","16":"tag-pt"},"share_on_mastodon":{"url":"https:\/\/pubeurope.com\/@pt\/115867984015221898","error":""},"_links":{"self":[{"href":"https:\/\/www.europesays.com\/pt\/wp-json\/wp\/v2\/posts\/222916","targetHints":{"allow":["GET"]}}],"collection":[{"href":"https:\/\/www.europesays.com\/pt\/wp-json\/wp\/v2\/posts"}],"about":[{"href":"https:\/\/www.europesays.com\/pt\/wp-json\/wp\/v2\/types\/post"}],"author":[{"embeddable":true,"href":"https:\/\/www.europesays.com\/pt\/wp-json\/wp\/v2\/users\/2"}],"replies":[{"embeddable":true,"href":"https:\/\/www.europesays.com\/pt\/wp-json\/wp\/v2\/comments?post=222916"}],"version-history":[{"count":0,"href":"https:\/\/www.europesays.com\/pt\/wp-json\/wp\/v2\/posts\/222916\/revisions"}],"wp:featuredmedia":[{"embeddable":true,"href":"https:\/\/www.europesays.com\/pt\/wp-json\/wp\/v2\/media\/222917"}],"wp:attachment":[{"href":"https:\/\/www.europesays.com\/pt\/wp-json\/wp\/v2\/media?parent=222916"}],"wp:term":[{"taxonomy":"category","embeddable":true,"href":"https:\/\/www.europesays.com\/pt\/wp-json\/wp\/v2\/categories?post=222916"},{"taxonomy":"post_tag","embeddable":true,"href":"https:\/\/www.europesays.com\/pt\/wp-json\/wp\/v2\/tags?post=222916"}],"curies":[{"name":"wp","href":"https:\/\/api.w.org\/{rel}","templated":true}]}}