{"id":222922,"date":"2026-01-10T00:33:07","date_gmt":"2026-01-10T00:33:07","guid":{"rendered":"https:\/\/www.europesays.com\/pt\/222922\/"},"modified":"2026-01-10T00:33:07","modified_gmt":"2026-01-10T00:33:07","slug":"o-segredo-para-se-livrar-do-borboto-chegou-aos-supermercados-custa-menos-de-5e-nit","status":"publish","type":"post","link":"https:\/\/www.europesays.com\/pt\/222922\/","title":{"rendered":"O segredo para se livrar do borboto chegou aos supermercados. Custa menos de 5\u20ac \u2014 NiT"},"content":{"rendered":"<p>Chega o inverno, tiramos os nossos melhores casacos e malhas do guarda-roupa e l\u00e1 est\u00e1 ele. O borboto, nome dado aquelas pequenas bolinhas de fibra que se formam em alguns tecidos, \u00e9 um dos maiores inimigos de quem n\u00e3o resiste a uma boa pe\u00e7a de l\u00e3 ou algod\u00e3o, por exemplo.<\/p>\n<p>E se existisse uma forma simples e pr\u00e1tica de os remover? A resposta acabou de chegar aos supermercados com a novidade da Aldi. Estamos a falar de um tira-borbotos da marca Ambiano que est\u00e1 dispon\u00edvel em v\u00e1rias cores.\u00a0<\/p>\n<p><img decoding=\"async\" loading=\"lazy\" class=\" wp-image-1563305\" src=\"https:\/\/www.europesays.com\/pt\/wp-content\/uploads\/2026\/01\/1ab97c1d62a5570ac4841904ffd6e628.png\" alt=\"borboto\" width=\"559\" height=\"396\"  \/>Chega em duas cores.<\/p>\n<p>A principal vantagem desta novidade \u00e9 o seu formato compacto, o que significa que \u00e9 f\u00e1cil de usar e manusear. Al\u00e9m disso, como inclui as fun\u00e7\u00f5es de regula\u00e7\u00e3o de velocidade ou do comprimento do corte, pode ser adaptado facilmente a diversos tipos de tecido.\u00a0<\/p>\n<p>Quanto \u00e0 utiliza\u00e7\u00e3o, basta pass\u00e1-lo de forma suave pela superf\u00edcie da pe\u00e7a de roupa pretendida e, em poucos segundos, aquelas bolas irritantes come\u00e7am a desaparecer. Como o reservat\u00f3rio onde se acumulam os res\u00edduos tamb\u00e9m pode ser removido, facilita a limpeza no final.<\/p>\n<p>Esta n\u00e3o \u00e9 a primeira vez que este proposta fica \u00e0 venda nos supermercados. Ainda em abril do ano passado esteve dispon\u00edvel e, dado o seu sucesso, regressa agora a tempo de se livrar do borboto nas roupas de inverno.<\/p>\n<p>O tira-borbotos fica <a href=\"https:\/\/www.aldi.pt\/oportunidades-da-semana\/a-partir-de-sabado-10-1\/tira-borbotos-3681-2-0.article.html\" target=\"_blank\" rel=\"nofollow noopener\">dispon\u00edvel<\/a> nas lojas do Aldi a partir deste s\u00e1bado, 10 de janeiro. Cada unidade custa 4,99\u20ac.<\/p>\n<p>Carregue na galeria para ver algumas op\u00e7\u00f5es que pode encontrar nos saldos da IKEA.<\/p>\n","protected":false},"excerpt":{"rendered":"Chega o inverno, tiramos os nossos melhores casacos e malhas do guarda-roupa e l\u00e1 est\u00e1 ele. O borboto,&hellip;\n","protected":false},"author":2,"featured_media":222923,"comment_status":"","ping_status":"","sticky":false,"template":"","format":"standard","meta":{"footnotes":""},"categories":[85],"tags":[114,115,32,33],"class_list":{"0":"post-222922","1":"post","2":"type-post","3":"status-publish","4":"format-standard","5":"has-post-thumbnail","7":"category-entretenimento","8":"tag-entertainment","9":"tag-entretenimento","10":"tag-portugal","11":"tag-pt"},"share_on_mastodon":{"url":"https:\/\/pubeurope.com\/@pt\/115867995505719973","error":""},"_links":{"self":[{"href":"https:\/\/www.europesays.com\/pt\/wp-json\/wp\/v2\/posts\/222922","targetHints":{"allow":["GET"]}}],"collection":[{"href":"https:\/\/www.europesays.com\/pt\/wp-json\/wp\/v2\/posts"}],"about":[{"href":"https:\/\/www.europesays.com\/pt\/wp-json\/wp\/v2\/types\/post"}],"author":[{"embeddable":true,"href":"https:\/\/www.europesays.com\/pt\/wp-json\/wp\/v2\/users\/2"}],"replies":[{"embeddable":true,"href":"https:\/\/www.europesays.com\/pt\/wp-json\/wp\/v2\/comments?post=222922"}],"version-history":[{"count":0,"href":"https:\/\/www.europesays.com\/pt\/wp-json\/wp\/v2\/posts\/222922\/revisions"}],"wp:featuredmedia":[{"embeddable":true,"href":"https:\/\/www.europesays.com\/pt\/wp-json\/wp\/v2\/media\/222923"}],"wp:attachment":[{"href":"https:\/\/www.europesays.com\/pt\/wp-json\/wp\/v2\/media?parent=222922"}],"wp:term":[{"taxonomy":"category","embeddable":true,"href":"https:\/\/www.europesays.com\/pt\/wp-json\/wp\/v2\/categories?post=222922"},{"taxonomy":"post_tag","embeddable":true,"href":"https:\/\/www.europesays.com\/pt\/wp-json\/wp\/v2\/tags?post=222922"}],"curies":[{"name":"wp","href":"https:\/\/api.w.org\/{rel}","templated":true}]}}