{"id":222924,"date":"2026-01-10T00:35:13","date_gmt":"2026-01-10T00:35:13","guid":{"rendered":"https:\/\/www.europesays.com\/pt\/222924\/"},"modified":"2026-01-10T00:35:13","modified_gmt":"2026-01-10T00:35:13","slug":"grande-rival-da-primark-vai-abrir-primeira-loja-em-oeiras-com-artigos-a-150e-nit","status":"publish","type":"post","link":"https:\/\/www.europesays.com\/pt\/222924\/","title":{"rendered":"Grande rival da Primark vai abrir primeira loja em Oeiras (com artigos a 1,50\u20ac) \u2014 NiT"},"content":{"rendered":"<p>Fundada em 2004, na Pol\u00f3nia, a Pepco conta com uma vasta oferta de produtos acess\u00edveis para o lar, vestu\u00e1rio e artigos essenciais. Em Portugal, a retalhista estreou-se em maio de 2023, inaugurando o primeiro espa\u00e7o em Eiras, no Coimbra Retail Park (onde <a href=\"https:\/\/www.nit.pt\/compras\/lojas-e-marcas\/alerta-pechinchas-pepco-abriu-mais-uma-loja-em-coimbra\" rel=\"nofollow noopener\" target=\"_blank\">abriu<\/a> um segundo espa\u00e7o no final do ano passado). Agora, prepara-se para abrir uma loja em Oeiras.<\/p>\n<p>A maior rival da Primark vai ter um espa\u00e7o no centro comercial New Life Miraflores e a abertura est\u00e1 prevista para o in\u00edcio do segundo trimestre de 2026. A loja ir\u00e1 ter uma \u00e1rea de 500 metros quadrados e oferece um leque de produtos para toda a fam\u00edlia, desde artigos de decora\u00e7\u00e3o e para o lar, bem como vestu\u00e1rio e brinquedos.\u00a0<\/p>\n<p>A marca aposta no conceito \u201cOne Stop, One Shop\u201d, que permite aos cliente comprar tudo o que procuram numa \u00fanica visita, facilitando a gest\u00e3o do or\u00e7amento familiar, sem abdicar da diversidade ou da qualidade.<\/p>\n<p>Em Portugal, a retalhista conta j\u00e1 com mais de 20 lojas em todo o pa\u00eds. \u201cQueremos que cada fam\u00edlia que entre numa loja Pepco encontre solu\u00e7\u00f5es pr\u00e1ticas, bonitas e acess\u00edveis para o dia a dia com elevada qualidade\u201d, afirmou o diretor da Pepco na Pen\u00ednsula Ib\u00e9rica, Jorge Barrie Ruiz.<\/p>\n<p>Atualmente, conta com cerca de 4 mil lojas em diversos pa\u00edses europeus. Portugal foi 19.\u00ba a ser acrescentado \u00e0 lista, seguindo o exemplo de Espanha, Rep\u00fablica Checa, Hungria ou It\u00e1lia.<\/p>\n<p>A Pepco junta-se \u00e0s 27 lojas presentes no centro comercial de Oeiras, que tamb\u00e9m conta com a \u00e1rea de restaura\u00e7\u00e3o e cinema.<\/p>\n<p>Carregue na galeria para conhecer algumas das propostas de moda feminina da Pepco.<\/p>\n","protected":false},"excerpt":{"rendered":"Fundada em 2004, na Pol\u00f3nia, a Pepco conta com uma vasta oferta de produtos acess\u00edveis para o lar,&hellip;\n","protected":false},"author":2,"featured_media":222925,"comment_status":"","ping_status":"","sticky":false,"template":"","format":"standard","meta":{"footnotes":""},"categories":[83],"tags":[88,89,90,32,33],"class_list":{"0":"post-222924","1":"post","2":"type-post","3":"status-publish","4":"format-standard","5":"has-post-thumbnail","7":"category-empresas","8":"tag-business","9":"tag-economy","10":"tag-empresas","11":"tag-portugal","12":"tag-pt"},"share_on_mastodon":{"url":"https:\/\/pubeurope.com\/@pt\/115868003511583544","error":""},"_links":{"self":[{"href":"https:\/\/www.europesays.com\/pt\/wp-json\/wp\/v2\/posts\/222924","targetHints":{"allow":["GET"]}}],"collection":[{"href":"https:\/\/www.europesays.com\/pt\/wp-json\/wp\/v2\/posts"}],"about":[{"href":"https:\/\/www.europesays.com\/pt\/wp-json\/wp\/v2\/types\/post"}],"author":[{"embeddable":true,"href":"https:\/\/www.europesays.com\/pt\/wp-json\/wp\/v2\/users\/2"}],"replies":[{"embeddable":true,"href":"https:\/\/www.europesays.com\/pt\/wp-json\/wp\/v2\/comments?post=222924"}],"version-history":[{"count":0,"href":"https:\/\/www.europesays.com\/pt\/wp-json\/wp\/v2\/posts\/222924\/revisions"}],"wp:featuredmedia":[{"embeddable":true,"href":"https:\/\/www.europesays.com\/pt\/wp-json\/wp\/v2\/media\/222925"}],"wp:attachment":[{"href":"https:\/\/www.europesays.com\/pt\/wp-json\/wp\/v2\/media?parent=222924"}],"wp:term":[{"taxonomy":"category","embeddable":true,"href":"https:\/\/www.europesays.com\/pt\/wp-json\/wp\/v2\/categories?post=222924"},{"taxonomy":"post_tag","embeddable":true,"href":"https:\/\/www.europesays.com\/pt\/wp-json\/wp\/v2\/tags?post=222924"}],"curies":[{"name":"wp","href":"https:\/\/api.w.org\/{rel}","templated":true}]}}