{"id":222963,"date":"2026-01-10T01:07:07","date_gmt":"2026-01-10T01:07:07","guid":{"rendered":"https:\/\/www.europesays.com\/pt\/222963\/"},"modified":"2026-01-10T01:07:07","modified_gmt":"2026-01-10T01:07:07","slug":"esposa-de-jogador-abre-as-portas-de-lar-flutuante-avaliado-em-r-59-milhoes-video","status":"publish","type":"post","link":"https:\/\/www.europesays.com\/pt\/222963\/","title":{"rendered":"Esposa de jogador abre as portas de &#8216;lar&#8217; flutuante avaliado em R$ 5,9 milh\u00f5es; v\u00eddeo"},"content":{"rendered":"<p>Durante a temporada de f\u00e9rias no Brasil, <a href=\"https:\/\/caras.com.br\/tags\/belle-silva\" rel=\"nofollow noopener\" target=\"_blank\"><strong>Belle Silva<\/strong><\/a> aproveitou para abrir um pouco mais da intimidade da fam\u00edlia e mostrar um dos seus ref\u00fagios preferidos no pa\u00eds. Em passagem por Angra dos Reis, a esposa do jogador <a href=\"https:\/\/caras.com.br\/tags\/thiago-silva\" rel=\"nofollow noopener\" target=\"_blank\"><strong>Thiago<\/strong> <strong>Silva<\/strong><\/a> compartilhou com os seguidores detalhes do iate de luxo do casal, avaliado atualmente em cerca de R$ 5,9 milh\u00f5es.<\/p>\n<p>Mesmo morando na Europa, a embarca\u00e7\u00e3o se tornou o ponto de apoio oficial da fam\u00edlia sempre que eles voltam ao Brasil. Ao exibir a vista e os acabamentos do iate nas redes sociais, Belle resumiu o sentimento que tem pelo local com uma legenda simples e afetiva: \u201cMeu lar\u201d.<\/p>\n<p> Presente de Natal <\/p>\n<p>O iate foi adquirido em 2019 por Thiago Silva como um presente de Natal para a esposa e os filhos. Desde ent\u00e3o, o espa\u00e7o virou sin\u00f4nimo de lazer, descanso e momentos em fam\u00edlia durante as temporadas no pa\u00eds.<\/p>\n<p> Estrutura e design <\/p>\n<p>O modelo \u00e9 um Azimut 56, da tradicional marca italiana Azimut Yachts, conhecida pelo alto padr\u00e3o e pelo design elegante. A embarca\u00e7\u00e3o conta com tr\u00eas andares e oferece um n\u00edvel de conforto que lembra o de uma casa.<\/p>\n<p><strong>Leia tamb\u00e9m<\/strong>: <a href=\"https:\/\/caras.com.br\/esporte\/esposa-de-thiago-silva-celebra-aniversario-do-jogador-com-fotos-antigas.phtml\" rel=\"nofollow noopener\" target=\"_blank\">Esposa de Thiago Silva celebra anivers\u00e1rio do jogador com fotos antigas<\/a><\/p>\n<p>Por dentro, o iate tem tr\u00eas su\u00edtes completas e \u00e1reas sociais integradas, pensadas para incentivar a conviv\u00eancia. Sala de estar, sala de jantar e cozinha se conectam de forma harmoniosa, al\u00e9m de um espa\u00e7o gourmet na \u00e1rea externa. O acabamento segue o padr\u00e3o de luxo, com estofados sofisticados e marcenaria planejada, aproveitando cada detalhe do espa\u00e7o a bordo.<\/p>\n<p><strong>Veja:<\/strong><\/p>\n<p><strong>CONFIRA PUBLICA\u00c7\u00c3O RECENTE DA CARAS BRASIL NAS\u00a0<a href=\"https:\/\/www.instagram.com\/carasbrasil\/\" rel=\"nofollow noopener\" target=\"_blank\">REDES SOCIAIS:<\/a><\/strong><\/p>\n<blockquote class=\"instagram-media\" style=\"background: #FFF; border: 0; border-radius: 3px; box-shadow: 0 0 1px 0 rgba(0,0,0,0.5),0 1px 10px 0 rgba(0,0,0,0.15); margin: 1px; max-width: 540px; min-width: 326px; padding: 0; width: calc(100% - 2px);\" data-instgrm-permalink=\"https:\/\/www.instagram.com\/p\/DTQkN1hDoGE\/?utm_source=ig_embed&amp;utm_campaign=loading\" data-instgrm-version=\"14\"><\/blockquote>\n<p>\t                                            <script async src=\"\/\/www.instagram.com\/embed.js\"><\/script><\/p>\n","protected":false},"excerpt":{"rendered":"Durante a temporada de f\u00e9rias no Brasil, Belle Silva aproveitou para abrir um pouco mais da intimidade da&hellip;\n","protected":false},"author":2,"featured_media":222964,"comment_status":"","ping_status":"","sticky":false,"template":"","format":"standard","meta":{"footnotes":"","_share_on_mastodon":"0"},"categories":[145],"tags":[42631,211,210,114,115,18145,32,33,39129],"class_list":["post-222963","post","type-post","status-publish","format-standard","has-post-thumbnail","category-celebridades","tag-belle-silva","tag-celebridades","tag-celebrities","tag-entertainment","tag-entretenimento","tag-iate","tag-portugal","tag-pt","tag-thiago-silva"],"share_on_mastodon":{"url":"https:\/\/pubeurope.com\/@pt\/115868129211757671","error":""},"_links":{"self":[{"href":"https:\/\/www.europesays.com\/pt\/wp-json\/wp\/v2\/posts\/222963","targetHints":{"allow":["GET"]}}],"collection":[{"href":"https:\/\/www.europesays.com\/pt\/wp-json\/wp\/v2\/posts"}],"about":[{"href":"https:\/\/www.europesays.com\/pt\/wp-json\/wp\/v2\/types\/post"}],"author":[{"embeddable":true,"href":"https:\/\/www.europesays.com\/pt\/wp-json\/wp\/v2\/users\/2"}],"replies":[{"embeddable":true,"href":"https:\/\/www.europesays.com\/pt\/wp-json\/wp\/v2\/comments?post=222963"}],"version-history":[{"count":0,"href":"https:\/\/www.europesays.com\/pt\/wp-json\/wp\/v2\/posts\/222963\/revisions"}],"wp:featuredmedia":[{"embeddable":true,"href":"https:\/\/www.europesays.com\/pt\/wp-json\/wp\/v2\/media\/222964"}],"wp:attachment":[{"href":"https:\/\/www.europesays.com\/pt\/wp-json\/wp\/v2\/media?parent=222963"}],"wp:term":[{"taxonomy":"category","embeddable":true,"href":"https:\/\/www.europesays.com\/pt\/wp-json\/wp\/v2\/categories?post=222963"},{"taxonomy":"post_tag","embeddable":true,"href":"https:\/\/www.europesays.com\/pt\/wp-json\/wp\/v2\/tags?post=222963"}],"curies":[{"name":"wp","href":"https:\/\/api.w.org\/{rel}","templated":true}]}}